{"id":35369,"date":"2016-10-24T17:29:20","date_gmt":"2016-10-24T20:29:20","guid":{"rendered":"http:\/\/www.primerbrief.com\/?p=35369"},"modified":"2016-10-25T13:56:24","modified_gmt":"2016-10-25T16:56:24","slug":"pasate-por-la-nueva-sede-de-la-miami-ad-school-sin-levantarte-de-tu-asiento","status":"publish","type":"post","link":"https:\/\/www.primerbrief.com\/?p=35369","title":{"rendered":"Pasate por la nueva sede de la Miami Ad School \u00a1sin levantarte de tu asiento!"},"content":{"rendered":"<p><span style=\"font-size: 11pt;\"><strong>(ARGENTINA) &#8211; La Miami Ad School Buenos Aires tiene nueva sede. Atr\u00e1s qued\u00f3 la casa de Munich 1735, donde muchos de los alumnos de la escuela flamenca dieron sus primeros (y no) pasos en la publicidad, y donde PRIMER BRIEF pudo vivir muchas experiencias. En una nueva etapa de la escuela, la mudanza llev\u00f3 sus aulas a Cramer y Virrey Avil\u00e9s, en el barrio porte\u00f1o de Colegiales. La Miami Ad School Buenos Aires tiene nueva sede, y en esta nota repleta de im\u00e1genes te invitamos a visitarla \u00a1sin levantarte de tu asiento!<\/strong><\/span><\/p>\n<p>&nbsp;<br \/>\n<a href=\"http:\/\/www.primerbrief.com\/wp-content\/uploads\/2016\/10\/ARG-MiamiAdSchool-NuevaSede-Colegiales-2016-15-GR.jpg\" onclick=\"_gaq.push(['_trackEvent', 'outbound-article-int', 'http:\/\/www.primerbrief.com\/wp-content\/uploads\/2016\/10\/ARG-MiamiAdSchool-NuevaSede-Colegiales-2016-15-GR.jpg', '']);\" ><img loading=\"lazy\" decoding=\"async\" src=\"http:\/\/www.primerbrief.com\/wp-content\/uploads\/2016\/10\/ARG-MiamiAdSchool-NuevaSede-Colegiales-2016-15-580px.jpg\" alt=\"arg-miamiadschool-nuevasede-colegiales-2016-15-580px\" width=\"580\" height=\"576\" class=\"alignleft size-full wp-image-35382\" srcset=\"https:\/\/www.primerbrief.com\/wp-content\/uploads\/2016\/10\/ARG-MiamiAdSchool-NuevaSede-Colegiales-2016-15-580px.jpg 580w, https:\/\/www.primerbrief.com\/wp-content\/uploads\/2016\/10\/ARG-MiamiAdSchool-NuevaSede-Colegiales-2016-15-580px-150x150.jpg 150w, https:\/\/www.primerbrief.com\/wp-content\/uploads\/2016\/10\/ARG-MiamiAdSchool-NuevaSede-Colegiales-2016-15-580px-300x298.jpg 300w\" sizes=\"auto, (max-width: 580px) 100vw, 580px\" \/><\/a><br \/>\n<em>La puerta de la nueva sede sigue con la tradici\u00f3n de los colores fuertes y llamativos, algo que se pod\u00eda admirar en la sede de Munich 1735. La escalera de la imagen lleva al primer piso.<\/em> <\/p>\n<p>&nbsp;<br \/>\n<a href=\"http:\/\/www.primerbrief.com\/wp-content\/uploads\/2016\/10\/ARG-MiamiAdSchool-NuevaSede-Colegiales-2016-1-GR.jpg\" onclick=\"_gaq.push(['_trackEvent', 'outbound-article-int', 'http:\/\/www.primerbrief.com\/wp-content\/uploads\/2016\/10\/ARG-MiamiAdSchool-NuevaSede-Colegiales-2016-1-GR.jpg', '']);\" ><img loading=\"lazy\" decoding=\"async\" src=\"http:\/\/www.primerbrief.com\/wp-content\/uploads\/2016\/10\/ARG-MiamiAdSchool-NuevaSede-Colegiales-2016-1-580px.jpg\" alt=\"arg-miamiadschool-nuevasede-colegiales-2016-1-580px\" width=\"580\" height=\"385\" class=\"alignleft size-full wp-image-35373\" srcset=\"https:\/\/www.primerbrief.com\/wp-content\/uploads\/2016\/10\/ARG-MiamiAdSchool-NuevaSede-Colegiales-2016-1-580px.jpg 580w, https:\/\/www.primerbrief.com\/wp-content\/uploads\/2016\/10\/ARG-MiamiAdSchool-NuevaSede-Colegiales-2016-1-580px-300x199.jpg 300w\" sizes=\"auto, (max-width: 580px) 100vw, 580px\" \/><\/a><br \/>\n<em>En el primer piso de la escuela uno puede encontrarse con el espacio com\u00fan, un living creativo. Las paredes, debido a la mudanza, siguen en blanco, pero no por mucho: toda escuela creativa merece un mural art\u00edstico.<\/em><\/p>\n<p>&nbsp;<br \/>\n<a href=\"http:\/\/www.primerbrief.com\/wp-content\/uploads\/2016\/10\/ARG-MiamiAdSchool-NuevaSede-Colegiales-2016-16-GR.jpg\" onclick=\"_gaq.push(['_trackEvent', 'outbound-article-int', 'http:\/\/www.primerbrief.com\/wp-content\/uploads\/2016\/10\/ARG-MiamiAdSchool-NuevaSede-Colegiales-2016-16-GR.jpg', '']);\" ><img loading=\"lazy\" decoding=\"async\" src=\"http:\/\/www.primerbrief.com\/wp-content\/uploads\/2016\/10\/ARG-MiamiAdSchool-NuevaSede-Colegiales-2016-16-580px.jpg\" alt=\"arg-miamiadschool-nuevasede-colegiales-2016-16-580px\" width=\"580\" height=\"385\" class=\"alignleft size-full wp-image-35383\" srcset=\"https:\/\/www.primerbrief.com\/wp-content\/uploads\/2016\/10\/ARG-MiamiAdSchool-NuevaSede-Colegiales-2016-16-580px.jpg 580w, https:\/\/www.primerbrief.com\/wp-content\/uploads\/2016\/10\/ARG-MiamiAdSchool-NuevaSede-Colegiales-2016-16-580px-300x199.jpg 300w\" sizes=\"auto, (max-width: 580px) 100vw, 580px\" \/><\/a><br \/>\n<em>El espacio com\u00fan de la escuela, visto desde otro \u00e1ngulo. La cocina es de f\u00e1cil acceso y, para aquellos creativos que no pueden vivir sin su dosis, el caf\u00e9 tambi\u00e9n lo es.<\/em> <\/p>\n<p>&nbsp;<br \/>\n<a href=\"http:\/\/www.primerbrief.com\/wp-content\/uploads\/2016\/10\/ARG-MiamiAdSchool-NuevaSede-Colegiales-2016-2-GR.jpg\" onclick=\"_gaq.push(['_trackEvent', 'outbound-article-int', 'http:\/\/www.primerbrief.com\/wp-content\/uploads\/2016\/10\/ARG-MiamiAdSchool-NuevaSede-Colegiales-2016-2-GR.jpg', '']);\" ><img loading=\"lazy\" decoding=\"async\" src=\"http:\/\/www.primerbrief.com\/wp-content\/uploads\/2016\/10\/ARG-MiamiAdSchool-NuevaSede-Colegiales-2016-2-580px.jpg\" alt=\"arg-miamiadschool-nuevasede-colegiales-2016-2-580px\" width=\"580\" height=\"385\" class=\"alignleft size-full wp-image-35374\" srcset=\"https:\/\/www.primerbrief.com\/wp-content\/uploads\/2016\/10\/ARG-MiamiAdSchool-NuevaSede-Colegiales-2016-2-580px.jpg 580w, https:\/\/www.primerbrief.com\/wp-content\/uploads\/2016\/10\/ARG-MiamiAdSchool-NuevaSede-Colegiales-2016-2-580px-300x199.jpg 300w\" sizes=\"auto, (max-width: 580px) 100vw, 580px\" \/><\/a><br \/>\n<em>Una de las aulas del primer piso. Todas las aulas de la nueva sede est\u00e1n equipadas con tecnolog\u00eda para maximizar la eficiencia de las clases.<\/em><\/p>\n<p>&nbsp;<br \/>\n<a href=\"http:\/\/www.primerbrief.com\/wp-content\/uploads\/2016\/10\/ARG-MiamiAdSchool-NuevaSede-Colegiales-2016-5-GR.jpg\" onclick=\"_gaq.push(['_trackEvent', 'outbound-article-int', 'http:\/\/www.primerbrief.com\/wp-content\/uploads\/2016\/10\/ARG-MiamiAdSchool-NuevaSede-Colegiales-2016-5-GR.jpg', '']);\" ><img loading=\"lazy\" decoding=\"async\" src=\"http:\/\/www.primerbrief.com\/wp-content\/uploads\/2016\/10\/ARG-MiamiAdSchool-NuevaSede-Colegiales-2016-5-580px.jpg\" alt=\"arg-miamiadschool-nuevasede-colegiales-2016-5-580px\" width=\"580\" height=\"385\" class=\"alignleft size-full wp-image-35376\" srcset=\"https:\/\/www.primerbrief.com\/wp-content\/uploads\/2016\/10\/ARG-MiamiAdSchool-NuevaSede-Colegiales-2016-5-580px.jpg 580w, https:\/\/www.primerbrief.com\/wp-content\/uploads\/2016\/10\/ARG-MiamiAdSchool-NuevaSede-Colegiales-2016-5-580px-300x199.jpg 300w\" sizes=\"auto, (max-width: 580px) 100vw, 580px\" \/><\/a><br \/>\n<em>El espacio com\u00fan de la escuela vac\u00edo, pero invitando a que te sirvas un caf\u00e9 y te tires a pensar ideas.<\/em><\/p>\n<p>&nbsp;<br \/>\n<a href=\"http:\/\/www.primerbrief.com\/wp-content\/uploads\/2016\/10\/ARG-MiamiAdSchool-NuevaSede-Colegiales-2016-4-GR.jpg\" onclick=\"_gaq.push(['_trackEvent', 'outbound-article-int', 'http:\/\/www.primerbrief.com\/wp-content\/uploads\/2016\/10\/ARG-MiamiAdSchool-NuevaSede-Colegiales-2016-4-GR.jpg', '']);\" ><img loading=\"lazy\" decoding=\"async\" src=\"http:\/\/www.primerbrief.com\/wp-content\/uploads\/2016\/10\/ARG-MiamiAdSchool-NuevaSede-Colegiales-2016-4-580px.jpg\" alt=\"arg-miamiadschool-nuevasede-colegiales-2016-4-580px\" width=\"580\" height=\"385\" class=\"alignleft size-full wp-image-35375\" srcset=\"https:\/\/www.primerbrief.com\/wp-content\/uploads\/2016\/10\/ARG-MiamiAdSchool-NuevaSede-Colegiales-2016-4-580px.jpg 580w, https:\/\/www.primerbrief.com\/wp-content\/uploads\/2016\/10\/ARG-MiamiAdSchool-NuevaSede-Colegiales-2016-4-580px-300x199.jpg 300w\" sizes=\"auto, (max-width: 580px) 100vw, 580px\" \/><\/a><br \/>\n<em>Otra de las aulas de la escuela, entre clases. Usualmente (y a pesar de haberse mudado hace poco) en estas aulas se pueden observar a profesores como Bruno Bonafini, Fernando Tchechenistky y otros dar clase frente a unos alumnos ansiosos por aprender m\u00e1s.<\/em> <\/p>\n<p>&nbsp;<br \/>\n<a href=\"http:\/\/www.primerbrief.com\/wp-content\/uploads\/2016\/10\/ARG-MiamiAdSchool-NuevaSede-Colegiales-2016-7-GR.jpg\" onclick=\"_gaq.push(['_trackEvent', 'outbound-article-int', 'http:\/\/www.primerbrief.com\/wp-content\/uploads\/2016\/10\/ARG-MiamiAdSchool-NuevaSede-Colegiales-2016-7-GR.jpg', '']);\" ><img loading=\"lazy\" decoding=\"async\" src=\"http:\/\/www.primerbrief.com\/wp-content\/uploads\/2016\/10\/ARG-MiamiAdSchool-NuevaSede-Colegiales-2016-7-580px.jpg\" alt=\"arg-miamiadschool-nuevasede-colegiales-2016-7-580px\" width=\"580\" height=\"385\" class=\"alignleft size-full wp-image-35377\" srcset=\"https:\/\/www.primerbrief.com\/wp-content\/uploads\/2016\/10\/ARG-MiamiAdSchool-NuevaSede-Colegiales-2016-7-580px.jpg 580w, https:\/\/www.primerbrief.com\/wp-content\/uploads\/2016\/10\/ARG-MiamiAdSchool-NuevaSede-Colegiales-2016-7-580px-300x199.jpg 300w\" sizes=\"auto, (max-width: 580px) 100vw, 580px\" \/><\/a><br \/>\n<em>El color de la escuela se deja ver en distintos recovecos. Un ejemplo de esto son las vigas del techo, empapadas de rosa.<\/em><\/p>\n<p>&nbsp;<br \/>\n<a href=\"http:\/\/www.primerbrief.com\/wp-content\/uploads\/2016\/10\/ARG-MiamiAdSchool-NuevaSede-Colegiales-2016-9-GR.jpg\" onclick=\"_gaq.push(['_trackEvent', 'outbound-article-int', 'http:\/\/www.primerbrief.com\/wp-content\/uploads\/2016\/10\/ARG-MiamiAdSchool-NuevaSede-Colegiales-2016-9-GR.jpg', '']);\" ><img loading=\"lazy\" decoding=\"async\" src=\"http:\/\/www.primerbrief.com\/wp-content\/uploads\/2016\/10\/ARG-MiamiAdSchool-NuevaSede-Colegiales-2016-9-580px.jpg\" alt=\"arg-miamiadschool-nuevasede-colegiales-2016-9-580px\" width=\"580\" height=\"385\" class=\"alignleft size-full wp-image-35378\" srcset=\"https:\/\/www.primerbrief.com\/wp-content\/uploads\/2016\/10\/ARG-MiamiAdSchool-NuevaSede-Colegiales-2016-9-580px.jpg 580w, https:\/\/www.primerbrief.com\/wp-content\/uploads\/2016\/10\/ARG-MiamiAdSchool-NuevaSede-Colegiales-2016-9-580px-300x199.jpg 300w\" sizes=\"auto, (max-width: 580px) 100vw, 580px\" \/><\/a><br \/>\n<em>La nueva sede de la Miami Ad School Buenos Aires tiene muchas escaleras. Seguirlas lleva a una sorpresa, un para\u00edso entre los edificios de la zona. <\/em><\/p>\n<p>&nbsp;<br \/>\n<a href=\"http:\/\/www.primerbrief.com\/wp-content\/uploads\/2016\/10\/ARG-MiamiAdSchool-NuevaSede-Colegiales-2016-10-GR.jpg\" onclick=\"_gaq.push(['_trackEvent', 'outbound-article-int', 'http:\/\/www.primerbrief.com\/wp-content\/uploads\/2016\/10\/ARG-MiamiAdSchool-NuevaSede-Colegiales-2016-10-GR.jpg', '']);\" ><img loading=\"lazy\" decoding=\"async\" src=\"http:\/\/www.primerbrief.com\/wp-content\/uploads\/2016\/10\/ARG-MiamiAdSchool-NuevaSede-Colegiales-2016-10-580px.jpg\" alt=\"arg-miamiadschool-nuevasede-colegiales-2016-10-580px\" width=\"580\" height=\"385\" class=\"alignleft size-full wp-image-35385\" \/><\/a><br \/>\n<em>El flamenco, la mascota de la escuela, presente en la nueva sede de la escuela.<\/em><\/p>\n<p>&nbsp;<br \/>\n<a href=\"http:\/\/www.primerbrief.com\/wp-content\/uploads\/2016\/10\/ARG-MiamiAdSchool-NuevaSede-Colegiales-2016-11-GR.jpg\" onclick=\"_gaq.push(['_trackEvent', 'outbound-article-int', 'http:\/\/www.primerbrief.com\/wp-content\/uploads\/2016\/10\/ARG-MiamiAdSchool-NuevaSede-Colegiales-2016-11-GR.jpg', '']);\" ><img loading=\"lazy\" decoding=\"async\" src=\"http:\/\/www.primerbrief.com\/wp-content\/uploads\/2016\/10\/ARG-MiamiAdSchool-NuevaSede-Colegiales-2016-11-580px.jpg\" alt=\"arg-miamiadschool-nuevasede-colegiales-2016-11-580px\" width=\"580\" height=\"385\" class=\"alignleft size-full wp-image-35379\" srcset=\"https:\/\/www.primerbrief.com\/wp-content\/uploads\/2016\/10\/ARG-MiamiAdSchool-NuevaSede-Colegiales-2016-11-580px.jpg 580w, https:\/\/www.primerbrief.com\/wp-content\/uploads\/2016\/10\/ARG-MiamiAdSchool-NuevaSede-Colegiales-2016-11-580px-300x199.jpg 300w\" sizes=\"auto, (max-width: 580px) 100vw, 580px\" \/><\/a><br \/>\n<em>La terraza de la nueve sede viene con un espacio verde para que te tires a pensar ideas. No dejes que el mal clima de la foto te enga\u00f1e: cuando sale el sol no hay mejor lugar para pensar ideas que \u00e9ste.<\/em> <\/p>\n<p>&nbsp;<br \/>\n<a href=\"http:\/\/www.primerbrief.com\/wp-content\/uploads\/2016\/10\/ARG-MiamiAdSchool-NuevaSede-Colegiales-2016-13-GR.jpg\" onclick=\"_gaq.push(['_trackEvent', 'outbound-article-int', 'http:\/\/www.primerbrief.com\/wp-content\/uploads\/2016\/10\/ARG-MiamiAdSchool-NuevaSede-Colegiales-2016-13-GR.jpg', '']);\" ><img loading=\"lazy\" decoding=\"async\" src=\"http:\/\/www.primerbrief.com\/wp-content\/uploads\/2016\/10\/ARG-MiamiAdSchool-NuevaSede-Colegiales-2016-13-580px.jpg\" alt=\"arg-miamiadschool-nuevasede-colegiales-2016-13-580px\" width=\"580\" height=\"385\" class=\"alignleft size-full wp-image-35380\" srcset=\"https:\/\/www.primerbrief.com\/wp-content\/uploads\/2016\/10\/ARG-MiamiAdSchool-NuevaSede-Colegiales-2016-13-580px.jpg 580w, https:\/\/www.primerbrief.com\/wp-content\/uploads\/2016\/10\/ARG-MiamiAdSchool-NuevaSede-Colegiales-2016-13-580px-300x199.jpg 300w\" sizes=\"auto, (max-width: 580px) 100vw, 580px\" \/><\/a><br \/>\n<em>Una de las aulas del segundo piso. Como en la vieja sede, las aulas tienen paredes de cristal, para que en cualquier momento puedas observar c\u00f3mo se crean nuevas ideas, non-stop.<\/em> <\/p>\n<p>&nbsp;<br \/>\n&nbsp;<\/p>\n","protected":false},"excerpt":{"rendered":"<p>(ARGENTINA) &#8211; La Miami Ad School Buenos Aires tiene nueva sede. Atr\u00e1s qued\u00f3 la casa de Munich 1735, donde muchos de los alumnos de la escuela flamenca dieron sus primeros (y no) pasos en la publicidad, y donde PRIMER BRIEF pudo vivir muchas experiencias. En una nueva etapa de la escuela, la mudanza llev\u00f3 sus aulas a Cramer y Virrey [&hellip;]<\/p>\n","protected":false},"author":12,"featured_media":35370,"comment_status":"open","ping_status":"open","sticky":false,"template":"","format":"standard","meta":{"footnotes":""},"categories":[5],"tags":[26,1419,1418],"class_list":["post-35369","post","type-post","status-publish","format-standard","has-post-thumbnail","hentry","category-lugares-de-estudio","tag-argentina","tag-bernardo-geoghegan-argentina","tag-miami-ad-school-buenos-aires-argentina"],"_links":{"self":[{"href":"https:\/\/www.primerbrief.com\/index.php?rest_route=\/wp\/v2\/posts\/35369","targetHints":{"allow":["GET"]}}],"collection":[{"href":"https:\/\/www.primerbrief.com\/index.php?rest_route=\/wp\/v2\/posts"}],"about":[{"href":"https:\/\/www.primerbrief.com\/index.php?rest_route=\/wp\/v2\/types\/post"}],"author":[{"embeddable":true,"href":"https:\/\/www.primerbrief.com\/index.php?rest_route=\/wp\/v2\/users\/12"}],"replies":[{"embeddable":true,"href":"https:\/\/www.primerbrief.com\/index.php?rest_route=%2Fwp%2Fv2%2Fcomments&post=35369"}],"version-history":[{"count":12,"href":"https:\/\/www.primerbrief.com\/index.php?rest_route=\/wp\/v2\/posts\/35369\/revisions"}],"predecessor-version":[{"id":35397,"href":"https:\/\/www.primerbrief.com\/index.php?rest_route=\/wp\/v2\/posts\/35369\/revisions\/35397"}],"wp:featuredmedia":[{"embeddable":true,"href":"https:\/\/www.primerbrief.com\/index.php?rest_route=\/wp\/v2\/media\/35370"}],"wp:attachment":[{"href":"https:\/\/www.primerbrief.com\/index.php?rest_route=%2Fwp%2Fv2%2Fmedia&parent=35369"}],"wp:term":[{"taxonomy":"category","embeddable":true,"href":"https:\/\/www.primerbrief.com\/index.php?rest_route=%2Fwp%2Fv2%2Fcategories&post=35369"},{"taxonomy":"post_tag","embeddable":true,"href":"https:\/\/www.primerbrief.com\/index.php?rest_route=%2Fwp%2Fv2%2Ftags&post=35369"}],"curies":[{"name":"wp","href":"https:\/\/api.w.org\/{rel}","templated":true}]}}