{"id":35563,"date":"2016-11-07T03:59:07","date_gmt":"2016-11-07T06:59:07","guid":{"rendered":"http:\/\/www.primerbrief.com\/?p=35563"},"modified":"2016-11-07T17:28:03","modified_gmt":"2016-11-07T20:28:03","slug":"cinco-estudiantes-son-finalistas-en-la-categoria-sub-25-de-los-clarin","status":"publish","type":"post","link":"https:\/\/www.primerbrief.com\/?p=35563","title":{"rendered":"Cinco estudiantes son finalistas en la categor\u00eda Sub 25 de los Clar\u00edn"},"content":{"rendered":"<p><span style=\"font-size: 11pt;\"><strong>(ARGENTINA) &#8211; Los <a href=\"http:\/\/www.premioscreatividad.com.ar\/\" onclick=\"_gaq.push(['_trackEvent', 'outbound-article', 'http:\/\/www.premioscreatividad.com.ar\/', 'Premios Clar\u00edn a la Creatividad 2016']);\"  target=\"_blank\">Premios Clar\u00edn a la Creatividad 2016<\/a> se entregan ma\u00f1ana por la noche, incluyendo su categor\u00eda exclusiva para los creativos menores de 25. Este a\u00f1o todos los creadores de los trabajos finalistas son estudiantes de las universidades UCES, UADE y AAP, as\u00ed que ya mismo te adelantamos cu\u00e1les son los que estar\u00e1n compitiendo por el Oro en cuesti\u00f3n de horas.<\/strong><\/span><\/p>\n<p><a href=\"http:\/\/www.primerbrief.com\/wp-content\/uploads\/2016\/11\/ARG-Premios-Clarin-2016-Sub-25-Finalistas-580px.jpg\" onclick=\"_gaq.push(['_trackEvent', 'outbound-article-int', 'http:\/\/www.primerbrief.com\/wp-content\/uploads\/2016\/11\/ARG-Premios-Clarin-2016-Sub-25-Finalistas-580px.jpg', '']);\" target=\"_blank\"><img loading=\"lazy\" decoding=\"async\" src=\"http:\/\/www.primerbrief.com\/wp-content\/uploads\/2016\/11\/ARG-Premios-Clarin-2016-Sub-25-Finalistas-580px.jpg\" alt=\"arg-premios-clarin-2016-sub-25-finalistas-580px\" width=\"580\" height=\"290\" class=\"alignleft size-full wp-image-35564\" srcset=\"https:\/\/www.primerbrief.com\/wp-content\/uploads\/2016\/11\/ARG-Premios-Clarin-2016-Sub-25-Finalistas-580px.jpg 580w, https:\/\/www.primerbrief.com\/wp-content\/uploads\/2016\/11\/ARG-Premios-Clarin-2016-Sub-25-Finalistas-580px-300x150.jpg 300w\" sizes=\"auto, (max-width: 580px) 100vw, 580px\" \/><\/a><\/p>\n<p>&nbsp;<br \/>\nNuevamente, en su 30\u00b0 edici\u00f3n de premios a la creatividad, Clar\u00edn busca reconocer a las mejores piezas publicitarias elegidas por un jurado compuesto exclusivamente por importantes referentes del mercado publicitario, anunciantes y agencias. Pero adem\u00e1s, busca encontrar a los j\u00f3venes que se encargar\u00e1n de las mismas el d\u00eda de ma\u00f1ana.<\/p>\n<p>Por eso lanz\u00f3 nuevamente su categor\u00eda Sub 25, donde se invita a todos los estudiantes y creativos j\u00f3venes a resolver un <em>brief<\/em> planteado desde la organizaci\u00f3n de los premios. El de esta ocasi\u00f3n gir\u00f3 alrededor de las plataformas digitales y m\u00f3viles con las que el diario argentino busca conectar con nuevos lectores. Entre todas las piezas que se presentaron en base a ese pedido, se eligieron las tres siguientes para que el jurado elija a la ganadora, en vivo, durante la premiaci\u00f3n:<\/p>\n<p>&nbsp;<br \/>\n<a href=\"http:\/\/www.primerbrief.com\/wp-content\/uploads\/2016\/11\/ARG-Premios-Clarin-2016-Sub-25-Finalista-Lesi\u00f3n-GR.jpg\" onclick=\"_gaq.push(['_trackEvent', 'outbound-article-int', 'http:\/\/www.primerbrief.com\/wp-content\/uploads\/2016\/11\/ARG-Premios-Clarin-2016-Sub-25-Finalista-Lesi\u00f3n-GR.jpg', '']);\" target=\"_blank\"><img loading=\"lazy\" decoding=\"async\" src=\"http:\/\/www.primerbrief.com\/wp-content\/uploads\/2016\/11\/ARG-Premios-Clarin-2016-Sub-25-Finalista-Vicky-580px.jpg\" alt=\"arg-premios-clarin-2016-sub-25-finalista-vicky-580px\" width=\"580\" height=\"410\" class=\"alignleft size-full wp-image-35569\" srcset=\"https:\/\/www.primerbrief.com\/wp-content\/uploads\/2016\/11\/ARG-Premios-Clarin-2016-Sub-25-Finalista-Vicky-580px.jpg 580w, https:\/\/www.primerbrief.com\/wp-content\/uploads\/2016\/11\/ARG-Premios-Clarin-2016-Sub-25-Finalista-Vicky-580px-300x212.jpg 300w\" sizes=\"auto, (max-width: 580px) 100vw, 580px\" \/><\/a><br \/>\n<em>\u00abVicky\u00bb, de Johanna Koltan y Maira Fossati, estudiantes de la Universidad de Ciencias Empresariales y Sociales.<\/em><\/p>\n<p>&nbsp;<br \/>\n<a href=\"http:\/\/www.primerbrief.com\/wp-content\/uploads\/2016\/11\/ARG-Premios-Clarin-2016-Sub-25-Finalista-Subte-GR.jpg\" onclick=\"_gaq.push(['_trackEvent', 'outbound-article-int', 'http:\/\/www.primerbrief.com\/wp-content\/uploads\/2016\/11\/ARG-Premios-Clarin-2016-Sub-25-Finalista-Subte-GR.jpg', '']);\" target=\"_blank\"><img loading=\"lazy\" decoding=\"async\" src=\"http:\/\/www.primerbrief.com\/wp-content\/uploads\/2016\/11\/ARG-Premios-Clarin-2016-Sub-25-Finalista-Subte-580px.jpg\" alt=\"arg-premios-clarin-2016-sub-25-finalista-subte-580px\" width=\"580\" height=\"411\" class=\"alignleft size-full wp-image-35570\" srcset=\"https:\/\/www.primerbrief.com\/wp-content\/uploads\/2016\/11\/ARG-Premios-Clarin-2016-Sub-25-Finalista-Subte-580px.jpg 580w, https:\/\/www.primerbrief.com\/wp-content\/uploads\/2016\/11\/ARG-Premios-Clarin-2016-Sub-25-Finalista-Subte-580px-300x213.jpg 300w\" sizes=\"auto, (max-width: 580px) 100vw, 580px\" \/><\/a><br \/>\n<em>\u00abSubte\u00bb, de Sara Lopolito, estudiante de la Universidad Argentina de la Empresa.<\/em><\/p>\n<p>&nbsp;<br \/>\n<a href=\"http:\/\/www.primerbrief.com\/wp-content\/uploads\/2016\/11\/ARG-Premios-Clarin-2016-Sub-25-Finalista-Lesi\u00f3n-GR.jpg\" onclick=\"_gaq.push(['_trackEvent', 'outbound-article-int', 'http:\/\/www.primerbrief.com\/wp-content\/uploads\/2016\/11\/ARG-Premios-Clarin-2016-Sub-25-Finalista-Lesi\u00f3n-GR.jpg', '']);\" target=\"_blank\"><img loading=\"lazy\" decoding=\"async\" src=\"http:\/\/www.primerbrief.com\/wp-content\/uploads\/2016\/11\/ARG-Premios-Clarin-2016-Sub-25-Finalista-Lesi\u00f3n-580px.jpg\" alt=\"arg-premios-clarin-2016-sub-25-finalista-lesion-580px\" width=\"580\" height=\"411\" class=\"alignleft size-full wp-image-35568\" srcset=\"https:\/\/www.primerbrief.com\/wp-content\/uploads\/2016\/11\/ARG-Premios-Clarin-2016-Sub-25-Finalista-Lesi\u00f3n-580px.jpg 580w, https:\/\/www.primerbrief.com\/wp-content\/uploads\/2016\/11\/ARG-Premios-Clarin-2016-Sub-25-Finalista-Lesi\u00f3n-580px-300x213.jpg 300w\" sizes=\"auto, (max-width: 580px) 100vw, 580px\" \/><\/a><br \/>\n<em>\u00abLesi\u00f3n\u00bb, de Laura Cassagne y Manuel Cosentino, estudiantes de la AAP.<\/em><\/p>\n<p>&nbsp;<br \/>\n&nbsp;<\/p>\n","protected":false},"excerpt":{"rendered":"<p>(ARGENTINA) &#8211; Los Premios Clar\u00edn a la Creatividad 2016 se entregan ma\u00f1ana por la noche, incluyendo su categor\u00eda exclusiva para los creativos menores de 25. Este a\u00f1o todos los creadores de los trabajos finalistas son estudiantes de las universidades UCES, UADE y AAP, as\u00ed que ya mismo te adelantamos cu\u00e1les son los que estar\u00e1n compitiendo por el Oro en cuesti\u00f3n [&hellip;]<\/p>\n","protected":false},"author":16,"featured_media":35571,"comment_status":"open","ping_status":"open","sticky":false,"template":"","format":"standard","meta":{"footnotes":""},"categories":[145],"tags":[26,2162,417,4840,4837,4841,4838,4836,4839,680,337],"class_list":["post-35563","post","type-post","status-publish","format-standard","has-post-thumbnail","hentry","category-premios","tag-argentina","tag-asociacion-argentina-de-publicidad-aap-argentina","tag-clarin-argentina","tag-johanna-koltan-argentina","tag-laura-cassagne-argentina","tag-maira-fossati-argentina","tag-manuel-cosentino-argentina","tag-premios-clarin-a-la-creatividad-2016","tag-sara-lopolito-argentina","tag-uade-universidad-argentina-de-la-empresa-argentina","tag-uces-universidad-de-ciencias-empresariales-y-sociales"],"_links":{"self":[{"href":"https:\/\/www.primerbrief.com\/index.php?rest_route=\/wp\/v2\/posts\/35563","targetHints":{"allow":["GET"]}}],"collection":[{"href":"https:\/\/www.primerbrief.com\/index.php?rest_route=\/wp\/v2\/posts"}],"about":[{"href":"https:\/\/www.primerbrief.com\/index.php?rest_route=\/wp\/v2\/types\/post"}],"author":[{"embeddable":true,"href":"https:\/\/www.primerbrief.com\/index.php?rest_route=\/wp\/v2\/users\/16"}],"replies":[{"embeddable":true,"href":"https:\/\/www.primerbrief.com\/index.php?rest_route=%2Fwp%2Fv2%2Fcomments&post=35563"}],"version-history":[{"count":11,"href":"https:\/\/www.primerbrief.com\/index.php?rest_route=\/wp\/v2\/posts\/35563\/revisions"}],"predecessor-version":[{"id":35586,"href":"https:\/\/www.primerbrief.com\/index.php?rest_route=\/wp\/v2\/posts\/35563\/revisions\/35586"}],"wp:featuredmedia":[{"embeddable":true,"href":"https:\/\/www.primerbrief.com\/index.php?rest_route=\/wp\/v2\/media\/35571"}],"wp:attachment":[{"href":"https:\/\/www.primerbrief.com\/index.php?rest_route=%2Fwp%2Fv2%2Fmedia&parent=35563"}],"wp:term":[{"taxonomy":"category","embeddable":true,"href":"https:\/\/www.primerbrief.com\/index.php?rest_route=%2Fwp%2Fv2%2Fcategories&post=35563"},{"taxonomy":"post_tag","embeddable":true,"href":"https:\/\/www.primerbrief.com\/index.php?rest_route=%2Fwp%2Fv2%2Ftags&post=35563"}],"curies":[{"name":"wp","href":"https:\/\/api.w.org\/{rel}","templated":true}]}}