{"id":35582,"date":"2016-11-08T03:57:47","date_gmt":"2016-11-08T06:57:47","guid":{"rendered":"http:\/\/www.primerbrief.com\/?p=35582"},"modified":"2016-11-08T13:42:46","modified_gmt":"2016-11-08T16:42:46","slug":"whats-new-bayala-el-argentino-se-presenta-en-la-proxima-charla-de-la-apg","status":"publish","type":"post","link":"https:\/\/www.primerbrief.com\/?p=35582","title":{"rendered":"What&#8217;s new, Bayala?: el argentino se presenta en la pr\u00f3xima charla de la APG"},"content":{"rendered":"<p><span style=\"font-size: 11pt;\"><strong>(ARGENTINA) &#8211; La pr\u00f3xima entrega de las Charlas de Bar del El <a href=\"https:\/\/www.facebook.com\/ApgArgentina\/?fref=ts\" onclick=\"_gaq.push(['_trackEvent', 'outbound-article', 'https:\/\/www.facebook.com\/ApgArgentina\/?fref=ts', 'Account Planning Group de la Argentina']);\"  target=\"_blank\">Account Planning Group de la Argentina<\/a> tendr\u00e1 como invitado al ex director creativo mundial de Mother y actual miembro del proyecto simplemente titulado New. Si quer\u00e9s escuchar c\u00f3mo ve el presente y futuro de las comunicaciones, ten\u00e9s que anotarte lo m\u00e1s antes posible: la cita es este jueves a la tarde en la nueva sede de Miami Ad School Buenos Aires.<\/strong><\/span><\/p>\n<p><a href=\"http:\/\/www.primerbrief.com\/wp-content\/uploads\/2016\/11\/ARG-APG-Charla-De-Bar-Carlos-Bayala-GR.jpg\" onclick=\"_gaq.push(['_trackEvent', 'outbound-article-int', 'http:\/\/www.primerbrief.com\/wp-content\/uploads\/2016\/11\/ARG-APG-Charla-De-Bar-Carlos-Bayala-GR.jpg', '']);\" target=\"_blank\"><img loading=\"lazy\" decoding=\"async\" src=\"http:\/\/www.primerbrief.com\/wp-content\/uploads\/2016\/11\/ARG-APG-Charla-De-Bar-Carlos-Bayala-580px.jpg\" alt=\"arg-apg-charla-de-bar-carlos-bayala-580px\" width=\"580\" height=\"224\" class=\"alignleft size-full wp-image-35590\" srcset=\"https:\/\/www.primerbrief.com\/wp-content\/uploads\/2016\/11\/ARG-APG-Charla-De-Bar-Carlos-Bayala-580px.jpg 580w, https:\/\/www.primerbrief.com\/wp-content\/uploads\/2016\/11\/ARG-APG-Charla-De-Bar-Carlos-Bayala-580px-300x116.jpg 300w\" sizes=\"auto, (max-width: 580px) 100vw, 580px\" \/><\/a><br \/>\n<em>\u00bfQu\u00e9 tiene de nuevo para contar Bayala sobre su mirada y proyectos?.<\/em><\/p>\n<p>&nbsp;<br \/>\nDe director general creativo en Graffiti Publicis, al m\u00e1ster que hizo en Institute of Contemporary Arts de Londres, a Mother Londres, a Wieden + Kennedy Portland en Estados Unidos, a Wieden + Kennedy Amsterdam, al lanzamiento de Madre, a la direcci\u00f3n creativa mundial de Mother, y finalmente a la creaci\u00f3n de New (su proyectos en sociedad con un planner ingl\u00e9s y dos cient\u00edficos sociales del MIT Media Lab): el camino de Carlos Bayala es ciertamente \u00fanico.<\/p>\n<p>Con m\u00e1s de veinte a\u00f1os trabajando y estudiando en el mercado publicitario, es un profesional que ha aprendido a ver escenarios locales e internacionales de las marcas, pudiendo trazar junto a sus equipos estrategias e ideas que se vuelven parte de la vida de la gente (\u00bfo <em>Mam\u00e1 Luchetti<\/em> no es algo que conocemos todos?). Un aprendizaje de esa magnitud no se puede resumir en una noche, pero Carlos puede ayudarte a dar el primer paso este jueves en su nueva charla.<\/p>\n<p>Titulada <em>Calidad<\/em>, se tratar\u00e1 de su visi\u00f3n del presente y futuro del mundo de las comunicaciones, donde adem\u00e1s comentar\u00e1 qu\u00e9 tipo de trabajos ha estado haciendo en estos \u00faltimos tiempo.<\/p>\n<p>La actividad se llevar\u00e1 a cabo el jueves 10 de noviembre a las 19 en <a href=\"http:\/\/www.primerbrief.com\/?p=35369\" onclick=\"_gaq.push(['_trackEvent', 'outbound-article-int', 'http:\/\/www.primerbrief.com\/?p=35369', 'la nueva sede de Miami Ad School']);\"  target=\"_blank\">la nueva sede de Miami Ad School<\/a>, Si te interesa ir, ya te pod\u00e9s anotar y <a href=\"https:\/\/www.eventbrite.com\/e\/charla-de-bar-calidad-por-carlos-bayala-tickets-28946991230\" onclick=\"_gaq.push(['_trackEvent', 'outbound-article', 'https:\/\/www.eventbrite.com\/e\/charla-de-bar-calidad-por-carlos-bayala-tickets-28946991230', 'reservar tu lugar']);\"  target=\"_blank\">reservar tu lugar<\/a>.<br \/>\n&nbsp;<br \/>\n&nbsp;<\/p>\n","protected":false},"excerpt":{"rendered":"<p>(ARGENTINA) &#8211; La pr\u00f3xima entrega de las Charlas de Bar del El Account Planning Group de la Argentina tendr\u00e1 como invitado al ex director creativo mundial de Mother y actual miembro del proyecto simplemente titulado New. Si quer\u00e9s escuchar c\u00f3mo ve el presente y futuro de las comunicaciones, ten\u00e9s que anotarte lo m\u00e1s antes posible: la cita es este jueves [&hellip;]<\/p>\n","protected":false},"author":16,"featured_media":35588,"comment_status":"open","ping_status":"open","sticky":false,"template":"","format":"standard","meta":{"footnotes":""},"categories":[470],"tags":[2595,26,749],"class_list":["post-35582","post","type-post","status-publish","format-standard","has-post-thumbnail","hentry","category-estrategia","tag-apg-argentina","tag-argentina","tag-carlos-bayala-argentina"],"_links":{"self":[{"href":"https:\/\/www.primerbrief.com\/index.php?rest_route=\/wp\/v2\/posts\/35582","targetHints":{"allow":["GET"]}}],"collection":[{"href":"https:\/\/www.primerbrief.com\/index.php?rest_route=\/wp\/v2\/posts"}],"about":[{"href":"https:\/\/www.primerbrief.com\/index.php?rest_route=\/wp\/v2\/types\/post"}],"author":[{"embeddable":true,"href":"https:\/\/www.primerbrief.com\/index.php?rest_route=\/wp\/v2\/users\/16"}],"replies":[{"embeddable":true,"href":"https:\/\/www.primerbrief.com\/index.php?rest_route=%2Fwp%2Fv2%2Fcomments&post=35582"}],"version-history":[{"count":7,"href":"https:\/\/www.primerbrief.com\/index.php?rest_route=\/wp\/v2\/posts\/35582\/revisions"}],"predecessor-version":[{"id":35603,"href":"https:\/\/www.primerbrief.com\/index.php?rest_route=\/wp\/v2\/posts\/35582\/revisions\/35603"}],"wp:featuredmedia":[{"embeddable":true,"href":"https:\/\/www.primerbrief.com\/index.php?rest_route=\/wp\/v2\/media\/35588"}],"wp:attachment":[{"href":"https:\/\/www.primerbrief.com\/index.php?rest_route=%2Fwp%2Fv2%2Fmedia&parent=35582"}],"wp:term":[{"taxonomy":"category","embeddable":true,"href":"https:\/\/www.primerbrief.com\/index.php?rest_route=%2Fwp%2Fv2%2Fcategories&post=35582"},{"taxonomy":"post_tag","embeddable":true,"href":"https:\/\/www.primerbrief.com\/index.php?rest_route=%2Fwp%2Fv2%2Ftags&post=35582"}],"curies":[{"name":"wp","href":"https:\/\/api.w.org\/{rel}","templated":true}]}}