{"id":35638,"date":"2016-11-09T03:59:13","date_gmt":"2016-11-09T06:59:13","guid":{"rendered":"http:\/\/www.primerbrief.com\/?p=35638"},"modified":"2016-11-09T17:24:46","modified_gmt":"2016-11-09T20:24:46","slug":"laura-cassagne-y-manuel-cosentino-de-la-aap-los-reyes-del-sub-25-de-clarin","status":"publish","type":"post","link":"https:\/\/www.primerbrief.com\/?p=35638","title":{"rendered":"Laura Cassagne y Manuel Cosentino, de la AAP: los reyes del Sub 25 de Clar\u00edn"},"content":{"rendered":"<p><span style=\"font-size: 11pt;\"><strong>(ARGENTINA) &#8211; En la entrega de los <a href=\"http:\/\/www.premioscreatividad.com.ar\/\" onclick=\"_gaq.push(['_trackEvent', 'outbound-article', 'http:\/\/www.premioscreatividad.com.ar\/', 'Premios Clar\u00edn a la Creatividad 2016']);\"  target=\"_blank\">Premios Clar\u00edn a la Creatividad 2016<\/a>, realizada anoche en la c\u00fapula del Centro Cultural Kirchner, todos los estudiantes de publicidad del pa\u00eds hubieran querido estar en los zapatos de Laura y Manuel, los estudiantes de la Asociaci\u00f3n Argentina de Publicidad que, acompa\u00f1ados por el coordinador de extensi\u00f3n y vinculaci\u00f3n profesional de la instituci\u00f3n y por su propio profe de Equipo Creativo, subieron t\u00edmidos a su primer escenario y se llevaron las estatuillas que ves en la foto. \u00a1No los envidies y and\u00e1 prepar\u00e1ndote para 2017!<\/strong><\/span><\/p>\n<p><a href=\"http:\/\/www.primerbrief.com\/wp-content\/uploads\/2016\/11\/premioclarin2016-ganadoressub25-GR.jpg\" onclick=\"_gaq.push(['_trackEvent', 'outbound-article-int', 'http:\/\/www.primerbrief.com\/wp-content\/uploads\/2016\/11\/premioclarin2016-ganadoressub25-GR.jpg', '']);\" target=\"_blank\"><img loading=\"lazy\" decoding=\"async\" src=\"http:\/\/www.primerbrief.com\/wp-content\/uploads\/2016\/11\/premioclarin2016-ganadoressub25-580px.jpg\" alt=\"premioclarin2016-ganadoressub25-580px\" width=\"580\" height=\"324\" class=\"alignleft size-full wp-image-35640\" srcset=\"https:\/\/www.primerbrief.com\/wp-content\/uploads\/2016\/11\/premioclarin2016-ganadoressub25-580px.jpg 580w, https:\/\/www.primerbrief.com\/wp-content\/uploads\/2016\/11\/premioclarin2016-ganadoressub25-580px-300x168.jpg 300w\" sizes=\"auto, (max-width: 580px) 100vw, 580px\" \/><\/a><br \/>\n<em>Junto a los responsables de entregar las estatuillas, felices se los ve a Roberto Pollio (de remera roja y saco) y, a su lado, Manuel Cosentino, Laura Cassagne y Germ\u00e1n Sotelo. En realidad, el pelilargo que todav\u00eda sostiene una estatuilla y se hace el distra\u00eddo es Joaqu\u00edn Cubr\u00eda, coDGC de David; por suerte, apenas unos segundos despu\u00e9s de la foto s\u00ed larg\u00f3 el premio y se lo dio a Manuel. (Foto: Prensa Clar\u00edn)<\/em><\/p>\n<p>&nbsp;<br \/>\nEn su trig\u00e9sima edici\u00f3n de premios a la creatividad, Clar\u00edn les propuso, a los competidores de su categor\u00eda Sub 25, un <em>brief<\/em> que giraba alrededor de las plataformas digitales y m\u00f3viles con las que el diario argentino busca conectar con nuevos lectores. Despu\u00e9s de que el primer jurado analiz\u00f3 y filtr\u00f3 las 115 piezas presentadas en total, quedaron tres trabajos finalistas, que representaban a la AAP, a la UADE y a la UCES. Y finalmente anoche, en una sesi\u00f3n de juzgamiento en vivo realizada en el Centro Cultural Kirchner, de esos tres trabajos qued\u00f3 uno solo, que se llev\u00f3 el premio mayor: <em>Lesi\u00f3n<\/em>, el realizado por la redactora Laura Cassagne y el director de arte Manuel Cosentino, con el apoyo insustituible de su profesor Roberto Pollio y del coordinador de extensi\u00f3n y vinculaci\u00f3n profesional de la AAP, Germ\u00e1n Sotelo (si quer\u00e9s verlos en su anterior subida al mismo escenario <a href=\"http:\/\/www.primerbrief.com\/?p=25926\" onclick=\"_gaq.push(['_trackEvent', 'outbound-article-int', 'http:\/\/www.primerbrief.com\/?p=25926', 'miralos ac\u00e1']);\"  target=\"_blank\">miralos ac\u00e1<\/a>).<\/p>\n<p>Despu\u00e9s de los aplausos, los brindis y las felicitaciones de rigor, los dos tuvieron un momento para reflexionar y responder la inevitable pregunta de PRIMER BRIEF:<\/p>\n<p><strong>PB: \u00bfC\u00f3mo fue el proceso para llegar a la idea y qu\u00e9 sienten hoy?<\/strong><br \/>\n<strong>Laura:<\/strong> Bueno, no s\u00e9 si hay tanto para decir, ni por d\u00f3nde va la cosa. Creo que lo m\u00e1s interesante es que casi no particip\u00e1bamos del premio, porque a la primera fecha de cierre llegamos los dos con muchas cosas entre facultad y laburo, y ten\u00edamos algunas puntas, pero nada cerrado. Despu\u00e9s extendieron el l\u00edmite y nos pusimos las pilas, pero la \u00faltima semana. Me acuerdo de que le mandamos la primera opci\u00f3n a Rober y a Cristian (<em>Tarzi, el ayudante de c\u00e1tedra al que tambi\u00e9n agradecen<\/em>) un viernes, nos lleg\u00f3 la devoluci\u00f3n un lunes y desde ah\u00ed fueron 72 horas sin parar de pensar y hablar sobre el aviso. Creo que fuimos y vinimos entre tres o cuatro ideas distintas, hasta que cerramos esta y decidimos mandarnos, as\u00ed que de verdad est\u00e1bamos contentos con ser finalistas. Y hoy, nada, ten\u00edamos muchas ganas de ganar, y un mont\u00f3n de gente atr\u00e1s con todas las expectativas en nosotros, as\u00ed que estamos los dos felices. Sabemos lo importante que es el premio, m\u00e1s que nada la categor\u00eda Sub 25 para los que estamos a nada de recibirnos. Creo que queda agradecerles a Pollo y a Cristian por estar atr\u00e1s nuestro para asegurarse de que no durmi\u00e9ramos, y por ayudarnos a presentar algo digno y a la altura de este premio. Y a Germ\u00e1n, a quien le lleg\u00f3 la pieza para inscribirla creo que a menos de 24 horas del cierre.<br \/>\n<strong>Manuel:<\/strong> Me gustar\u00eda contarles (les estoy hablando a los lectores de PB, obvio) algo que tal vez nadie les haya contado, as\u00ed que voy a hablar de c\u00f3mo trabajamos la pieza con Lau y la dedicaci\u00f3n que le pusimos a esto. Algo as\u00ed como el \u00abdetr\u00e1s de escena\u00bb de los premios Clar\u00edn. En primer lugar, nos gust\u00f3 tanto esta pieza no s\u00f3lo por la simpleza de la idea, sino por la cantidad de detalles que tuvimos en cuenta al momento de hacerla. Podr\u00eda contar, por ejemplo, que estuvimos un rato largo buscando la imagen perfecta para el aviso. Quer\u00edamos una que mostrara el momento justo en el que estaba sucediendo y, entre todas las que encontramos, la lesi\u00f3n de Messi fue la que m\u00e1s nos gust\u00f3. Messi, en la foto original, todav\u00eda no estaba rubio ni ten\u00eda barba, as\u00ed que lo retocamos para que la noticia pareciera m\u00e1s actual. Es m\u00e1s, casi la descartamos, porque esa jugada no termin\u00f3 en una lesi\u00f3n: \u00a1a ese nivel de detallistas est\u00e1bamos! Al logo de la app le falta el 1 de la notificaci\u00f3n que pusimos en la pierna de Messi, el recurso gr\u00e1fico de la bajada representa la notificaci\u00f3n cuando te llega al celular y hasta podr\u00eda decirles que la tipograf\u00eda usada es la del diario Clar\u00edn, que fue dibujada letra por letra para que el texto de la notificaci\u00f3n pareciera un titular del diario. S\u00ed, quiz\u00e1s fuimos un poco obsesivos y nadie se dio cuenta de todo esto; pero que sirvi\u00f3, sirvi\u00f3. Gracias a la AAP por incentivarnos y a Clar\u00edn por ceder un peque\u00f1o espacio para que los estudiantes podamos mostrarnos. Para nosotros es enorme.<\/p>\n<p>\u00bfQu\u00e9 queda? Mostrar el trabajo de los dos, felicitarlos de nuevo y&#8230; s\u00ed, desearles lo mejor en las entrevistas de trabajo que van a empezar a ofrecerles. Ya lo contar\u00e1n.<\/p>\n<p>&nbsp;<br \/>\n<span style=\"font-size: 11pt;\"><strong>EL TRABAJO GANADOR<\/strong><\/span><br \/>\n<a href=\"http:\/\/www.primerbrief.com\/wp-content\/uploads\/2016\/11\/ARG-Premios-Clarin-2016-Sub-25-Finalista-Lesi\u00f3n-GR.jpg\" onclick=\"_gaq.push(['_trackEvent', 'outbound-article-int', 'http:\/\/www.primerbrief.com\/wp-content\/uploads\/2016\/11\/ARG-Premios-Clarin-2016-Sub-25-Finalista-Lesi\u00f3n-GR.jpg', '']);\" target=\"_blank\"><img loading=\"lazy\" decoding=\"async\" src=\"http:\/\/www.primerbrief.com\/wp-content\/uploads\/2016\/11\/ARG-Premios-Clarin-2016-Sub-25-Finalista-Lesi\u00f3n-580px.jpg\" alt=\"arg-premios-clarin-2016-sub-25-finalista-lesion-580px\" width=\"580\" height=\"411\" class=\"alignleft size-full wp-image-35568\" srcset=\"https:\/\/www.primerbrief.com\/wp-content\/uploads\/2016\/11\/ARG-Premios-Clarin-2016-Sub-25-Finalista-Lesi\u00f3n-580px.jpg 580w, https:\/\/www.primerbrief.com\/wp-content\/uploads\/2016\/11\/ARG-Premios-Clarin-2016-Sub-25-Finalista-Lesi\u00f3n-580px-300x213.jpg 300w\" sizes=\"auto, (max-width: 580px) 100vw, 580px\" \/><\/a><br \/>\n<em>\u00abLesi\u00f3n\u00bb, de Laura Cassagne y Manuel Cosentino, estudiantes de la AAP.<\/em><\/p>\n<p>&nbsp;<br \/>\n<span style=\"font-size: 11pt;\"><strong>LAS QUE QUEDARON FINALISTAS<\/strong><\/span><br \/>\n<a href=\"http:\/\/www.primerbrief.com\/wp-content\/uploads\/2016\/11\/ARG-Premios-Clarin-2016-Sub-25-Finalista-Subte-GR.jpg\" onclick=\"_gaq.push(['_trackEvent', 'outbound-article-int', 'http:\/\/www.primerbrief.com\/wp-content\/uploads\/2016\/11\/ARG-Premios-Clarin-2016-Sub-25-Finalista-Subte-GR.jpg', '']);\" target=\"_blank\"><img loading=\"lazy\" decoding=\"async\" src=\"http:\/\/www.primerbrief.com\/wp-content\/uploads\/2016\/11\/ARG-Premios-Clarin-2016-Sub-25-Finalista-Subte-580px.jpg\" alt=\"arg-premios-clarin-2016-sub-25-finalista-subte-580px\" width=\"580\" height=\"411\" class=\"alignleft size-full wp-image-35570\" srcset=\"https:\/\/www.primerbrief.com\/wp-content\/uploads\/2016\/11\/ARG-Premios-Clarin-2016-Sub-25-Finalista-Subte-580px.jpg 580w, https:\/\/www.primerbrief.com\/wp-content\/uploads\/2016\/11\/ARG-Premios-Clarin-2016-Sub-25-Finalista-Subte-580px-300x213.jpg 300w\" sizes=\"auto, (max-width: 580px) 100vw, 580px\" \/><\/a><br \/>\n<em>\u00abSubte\u00bb, de Sara Lopolito, estudiante de la Universidad Argentina de la Empresa.<\/em><\/p>\n<p>&nbsp;<br \/>\n<a href=\"http:\/\/www.primerbrief.com\/wp-content\/uploads\/2016\/11\/ARG-Premios-Clarin-2016-Sub-25-Finalista-Lesi\u00f3n-GR.jpg\" onclick=\"_gaq.push(['_trackEvent', 'outbound-article-int', 'http:\/\/www.primerbrief.com\/wp-content\/uploads\/2016\/11\/ARG-Premios-Clarin-2016-Sub-25-Finalista-Lesi\u00f3n-GR.jpg', '']);\" target=\"_blank\"><img loading=\"lazy\" decoding=\"async\" src=\"http:\/\/www.primerbrief.com\/wp-content\/uploads\/2016\/11\/ARG-Premios-Clarin-2016-Sub-25-Finalista-Vicky-580px.jpg\" alt=\"arg-premios-clarin-2016-sub-25-finalista-vicky-580px\" width=\"580\" height=\"410\" class=\"alignleft size-full wp-image-35569\" srcset=\"https:\/\/www.primerbrief.com\/wp-content\/uploads\/2016\/11\/ARG-Premios-Clarin-2016-Sub-25-Finalista-Vicky-580px.jpg 580w, https:\/\/www.primerbrief.com\/wp-content\/uploads\/2016\/11\/ARG-Premios-Clarin-2016-Sub-25-Finalista-Vicky-580px-300x212.jpg 300w\" sizes=\"auto, (max-width: 580px) 100vw, 580px\" \/><\/a><br \/>\n<em>\u00abVicky\u00bb, de Johanna Koltan y Maira Fossati, estudiantes de la Universidad de Ciencias Empresariales y Sociales.<\/em><br \/>\n&nbsp;<br \/>\n&nbsp;<\/p>\n","protected":false},"excerpt":{"rendered":"<p>(ARGENTINA) &#8211; En la entrega de los Premios Clar\u00edn a la Creatividad 2016, realizada anoche en la c\u00fapula del Centro Cultural Kirchner, todos los estudiantes de publicidad del pa\u00eds hubieran querido estar en los zapatos de Laura y Manuel, los estudiantes de la Asociaci\u00f3n Argentina de Publicidad que, acompa\u00f1ados por el coordinador de extensi\u00f3n y vinculaci\u00f3n profesional de la instituci\u00f3n [&hellip;]<\/p>\n","protected":false},"author":3,"featured_media":35639,"comment_status":"open","ping_status":"open","sticky":false,"template":"","format":"standard","meta":{"footnotes":""},"categories":[145],"tags":[26,1386,734,4837,4838,4852,4836,748],"class_list":["post-35638","post","type-post","status-publish","format-standard","has-post-thumbnail","hentry","category-premios","tag-argentina","tag-asociacion-argentina-de-publicidad","tag-german-sotelo-argentina","tag-laura-cassagne-argentina","tag-manuel-cosentino-argentina","tag-premios-clarin","tag-premios-clarin-a-la-creatividad-2016","tag-roberto-pollio-argentina"],"_links":{"self":[{"href":"https:\/\/www.primerbrief.com\/index.php?rest_route=\/wp\/v2\/posts\/35638","targetHints":{"allow":["GET"]}}],"collection":[{"href":"https:\/\/www.primerbrief.com\/index.php?rest_route=\/wp\/v2\/posts"}],"about":[{"href":"https:\/\/www.primerbrief.com\/index.php?rest_route=\/wp\/v2\/types\/post"}],"author":[{"embeddable":true,"href":"https:\/\/www.primerbrief.com\/index.php?rest_route=\/wp\/v2\/users\/3"}],"replies":[{"embeddable":true,"href":"https:\/\/www.primerbrief.com\/index.php?rest_route=%2Fwp%2Fv2%2Fcomments&post=35638"}],"version-history":[{"count":8,"href":"https:\/\/www.primerbrief.com\/index.php?rest_route=\/wp\/v2\/posts\/35638\/revisions"}],"predecessor-version":[{"id":35650,"href":"https:\/\/www.primerbrief.com\/index.php?rest_route=\/wp\/v2\/posts\/35638\/revisions\/35650"}],"wp:featuredmedia":[{"embeddable":true,"href":"https:\/\/www.primerbrief.com\/index.php?rest_route=\/wp\/v2\/media\/35639"}],"wp:attachment":[{"href":"https:\/\/www.primerbrief.com\/index.php?rest_route=%2Fwp%2Fv2%2Fmedia&parent=35638"}],"wp:term":[{"taxonomy":"category","embeddable":true,"href":"https:\/\/www.primerbrief.com\/index.php?rest_route=%2Fwp%2Fv2%2Fcategories&post=35638"},{"taxonomy":"post_tag","embeddable":true,"href":"https:\/\/www.primerbrief.com\/index.php?rest_route=%2Fwp%2Fv2%2Ftags&post=35638"}],"curies":[{"name":"wp","href":"https:\/\/api.w.org\/{rel}","templated":true}]}}