{"id":36064,"date":"2016-12-22T03:59:41","date_gmt":"2016-12-22T06:59:41","guid":{"rendered":"http:\/\/www.primerbrief.com\/?p=36064"},"modified":"2016-12-22T16:55:04","modified_gmt":"2016-12-22T19:55:04","slug":"mira-como-se-despidio-mara-martinez-en-su-ultimo-dia-en-brother","status":"publish","type":"post","link":"https:\/\/www.primerbrief.com\/?p=36064","title":{"rendered":"Mir\u00e1 c\u00f3mo se despidi\u00f3 \u00abMara\u00bb Mart\u00ednez en su \u00faltimo d\u00eda en Brother"},"content":{"rendered":"<p><span style=\"font-size: 11pt;\"><strong>(ARGENTINA) &#8211; El creativo forma parte del plantel de la escuela desde hace a\u00f1os (en muchos de los cu\u00e1les fue elegida Instituci\u00f3n Educativa del A\u00f1o por el C\u00edrculo de Creativos), combinando sus clases con su trabajo en varias agencias de Buenos Aires. Por motivos profesionales ya no podr\u00e1 seguir como profesor, por lo que lleg\u00f3 el momento de decir \u00abhasta luego\u00bb como solo \u00e9l lo pod\u00eda hacer.<\/strong><\/span><\/p>\n<p><img loading=\"lazy\" decoding=\"async\" src=\"http:\/\/www.primerbrief.com\/wp-content\/uploads\/2016\/12\/ARG-Dami\u00e1n-Mara-Mart\u00ednez-2016-580px.jpg\" alt=\"arg-damian-mara-martinez-2016-580px\" width=\"580\" height=\"290\" class=\"alignleft size-full wp-image-36071\" srcset=\"https:\/\/www.primerbrief.com\/wp-content\/uploads\/2016\/12\/ARG-Dami\u00e1n-Mara-Mart\u00ednez-2016-580px.jpg 580w, https:\/\/www.primerbrief.com\/wp-content\/uploads\/2016\/12\/ARG-Dami\u00e1n-Mara-Mart\u00ednez-2016-580px-300x150.jpg 300w\" sizes=\"auto, (max-width: 580px) 100vw, 580px\" \/><br \/>\n<em>Dami\u00e1n \u00abMara\u00bb Mart\u00ednez, creativo y culpable si la nota de hoy te emociona.<\/em><\/p>\n<p>&nbsp;<br \/>\nNacido en \u00abQuilmi\u00bb, creativo de agencias como Ogilvy, BBDO y Wunderman y creador de la p\u00e1gina <a href=\"https:\/\/www.facebook.com\/APSadiosparasiempre\/?fref=ts\" onclick=\"_gaq.push(['_trackEvent', 'outbound-article', 'https:\/\/www.facebook.com\/APSadiosparasiempre\/?fref=ts', 'Adios para siempre']);\"  target=\"_blank\"><em>Adios para siempre<\/em><\/a>: ese es Dami\u00e1n \u00abMara\u00bb Mart\u00ednez. Con tanto en su haber y para ense\u00f1ar, tenerlo al frente de una clase fue un lujo que muchos estudiantes pudieron tener en Brother Buenos Aires.<\/p>\n<p>Pero despu\u00e9s de tres a\u00f1os como profesor creatividad digital junto a Juan Etchegaray, las vueltas de la carrera profesional hacen que Mara deba dejar (por ahora) su docencia. Igual, nos pidi\u00f3 que aclaremos que est\u00e1 bien, feliz y contento. De hecho se va a laburar a DDB Sydney y por eso le peg\u00f3 la despedida que pod\u00e9s ver ac\u00e1 abajo.<\/p>\n<div class=\"fb-video\" data-href=\"https:\/\/www.facebook.com\/damianomartinez\/videos\/10154019124352377\/\" data-width=\"580\" data-show-text=\"false\">\n<blockquote cite=\"https:\/\/www.facebook.com\/damianomartinez\/videos\/10154019124352377\/\" class=\"fb-xfbml-parse-ignore\"><p><a href=\"https:\/\/www.facebook.com\/damianomartinez\/videos\/10154019124352377\/\" onclick=\"_gaq.push(['_trackEvent', 'outbound-article', 'https:\/\/www.facebook.com\/damianomartinez\/videos\/10154019124352377\/', '']);\" ><\/a><\/p>\n<p>Este es un mensaje para BRO Buenos Aires, la mejor escuela de creativos de toda la galaxia.<\/p>\n<p>Posted by <a href=\"https:\/\/www.facebook.com\/damianomartinez\" onclick=\"_gaq.push(['_trackEvent', 'outbound-article', 'https:\/\/www.facebook.com\/damianomartinez', 'Dami\u00e1n Martinez']);\" >Dami\u00e1n Martinez<\/a> on Wednesday, 14 December 2016<\/p><\/blockquote>\n<\/div>\n<p><em>Con \u00abMardy Bum\u00bb de los Arctic Monkeys de fondo, y \u00e9l de frente, \u00abMara\u00bb Mart\u00ednez le habl\u00f3 a la escuela que lo vio crecer: el video ya fue visto casi 4.000 veces y comentado por ex-alumnos y colegas.<\/em><\/p>\n<p>&nbsp;<br \/>\n&nbsp;<\/p>\n","protected":false},"excerpt":{"rendered":"<p>(ARGENTINA) &#8211; El creativo forma parte del plantel de la escuela desde hace a\u00f1os (en muchos de los cu\u00e1les fue elegida Instituci\u00f3n Educativa del A\u00f1o por el C\u00edrculo de Creativos), combinando sus clases con su trabajo en varias agencias de Buenos Aires. Por motivos profesionales ya no podr\u00e1 seguir como profesor, por lo que lleg\u00f3 el momento de decir \u00abhasta [&hellip;]<\/p>\n","protected":false},"author":16,"featured_media":36070,"comment_status":"open","ping_status":"open","sticky":false,"template":"","format":"standard","meta":{"footnotes":""},"categories":[5],"tags":[26,105,3450],"class_list":["post-36064","post","type-post","status-publish","format-standard","has-post-thumbnail","hentry","category-lugares-de-estudio","tag-argentina","tag-brother-buenos-aires-argentina","tag-damian-martinez-argentina"],"_links":{"self":[{"href":"https:\/\/www.primerbrief.com\/index.php?rest_route=\/wp\/v2\/posts\/36064","targetHints":{"allow":["GET"]}}],"collection":[{"href":"https:\/\/www.primerbrief.com\/index.php?rest_route=\/wp\/v2\/posts"}],"about":[{"href":"https:\/\/www.primerbrief.com\/index.php?rest_route=\/wp\/v2\/types\/post"}],"author":[{"embeddable":true,"href":"https:\/\/www.primerbrief.com\/index.php?rest_route=\/wp\/v2\/users\/16"}],"replies":[{"embeddable":true,"href":"https:\/\/www.primerbrief.com\/index.php?rest_route=%2Fwp%2Fv2%2Fcomments&post=36064"}],"version-history":[{"count":13,"href":"https:\/\/www.primerbrief.com\/index.php?rest_route=\/wp\/v2\/posts\/36064\/revisions"}],"predecessor-version":[{"id":36098,"href":"https:\/\/www.primerbrief.com\/index.php?rest_route=\/wp\/v2\/posts\/36064\/revisions\/36098"}],"wp:featuredmedia":[{"embeddable":true,"href":"https:\/\/www.primerbrief.com\/index.php?rest_route=\/wp\/v2\/media\/36070"}],"wp:attachment":[{"href":"https:\/\/www.primerbrief.com\/index.php?rest_route=%2Fwp%2Fv2%2Fmedia&parent=36064"}],"wp:term":[{"taxonomy":"category","embeddable":true,"href":"https:\/\/www.primerbrief.com\/index.php?rest_route=%2Fwp%2Fv2%2Fcategories&post=36064"},{"taxonomy":"post_tag","embeddable":true,"href":"https:\/\/www.primerbrief.com\/index.php?rest_route=%2Fwp%2Fv2%2Ftags&post=36064"}],"curies":[{"name":"wp","href":"https:\/\/api.w.org\/{rel}","templated":true}]}}