{"id":36099,"date":"2016-12-26T03:59:48","date_gmt":"2016-12-26T06:59:48","guid":{"rendered":"http:\/\/www.primerbrief.com\/?p=36099"},"modified":"2016-12-27T11:22:20","modified_gmt":"2016-12-27T14:22:20","slug":"cinco-dibujos-cinco-historias-pablo-verettoni","status":"publish","type":"post","link":"https:\/\/www.primerbrief.com\/?p=36099","title":{"rendered":"Cinco dibujos, cinco historias: Pablo Verettoni"},"content":{"rendered":"<p><span style=\"font-size: 11pt;\"><strong>(ARGENTINA) \u2013 Para definir o describir al cuarto <em>dibujamigo<\/em> de esta Comunidad PB no alcanzan los adjetivos ni los signos de exclamaci\u00f3n: Pablo Verettoni supera todo. Criado en Bah\u00eda Blanca, convertido en profesional en Buenos Aires y actual habitante de Rosario (en una ruta hacia el Norte que qui\u00e9n sabe d\u00f3nde terminar\u00e1), <em>Vere<\/em> sigue la <em>costumbre festejadora<\/em> (con ascensores, siempre con ascensores) que en PB inaugur\u00f3 <a href=\"http:\/\/www.primerbrief.com\/?p=34971\" onclick=\"_gaq.push(['_trackEvent', 'outbound-article-int', 'http:\/\/www.primerbrief.com\/?p=34971', 'Guido Barna']);\"  target=\"_blank\">Guido Barna<\/a> en septiembre, continu\u00f3 <a href=\"http:\/\/www.primerbrief.com\/?p=35437\" onclick=\"_gaq.push(['_trackEvent', 'outbound-article-int', 'http:\/\/www.primerbrief.com\/?p=35437', 'Pili Ruarte']);\"  target=\"_blank\">Pili Ruarte<\/a> en octubre y, hasta ahora, tuvo su \u00faltima manifestaci\u00f3n con <a href=\"http:\/\/www.primerbrief.com\/?p=35768\" onclick=\"_gaq.push(['_trackEvent', 'outbound-article-int', 'http:\/\/www.primerbrief.com\/?p=35768', 'Florencia Rigiroli']);\"  target=\"_blank\">Florencia Rigiroli<\/a> en noviembre. \u00a1Bienvenido, Vere, a PB!<\/strong><\/span><\/p>\n<p><a href=\"http:\/\/www.primerbrief.com\/wp-content\/uploads\/2016\/12\/PB5A-PabloVerettoni-GR.jpg\" onclick=\"_gaq.push(['_trackEvent', 'outbound-article-int', 'http:\/\/www.primerbrief.com\/wp-content\/uploads\/2016\/12\/PB5A-PabloVerettoni-GR.jpg', '']);\" target=\"_blank\"><img loading=\"lazy\" decoding=\"async\" src=\"http:\/\/www.primerbrief.com\/wp-content\/uploads\/2016\/12\/PB5A-PabloVerettoni-580px.jpg\" alt=\"pb5a-pabloverettoni-580px\" width=\"580\" height=\"346\" class=\"alignleft size-full wp-image-36117\" srcset=\"https:\/\/www.primerbrief.com\/wp-content\/uploads\/2016\/12\/PB5A-PabloVerettoni-580px.jpg 580w, https:\/\/www.primerbrief.com\/wp-content\/uploads\/2016\/12\/PB5A-PabloVerettoni-580px-300x179.jpg 300w\" sizes=\"auto, (max-width: 580px) 100vw, 580px\" \/><\/a><br \/>\n<em>\u201cCuando me contaron el brief del aniversario de PB, eso del ascensor con el que los estudiantes pueden arrancar su carrera ascendente, lo que se me vino a la cabeza fue, ir\u00f3nicamente, esta imagen de Yama, el dios de la muerte hind\u00fa, convertido en insecto, tentando a este pobre mosquito con entrar a un ascensor que en realidad est\u00e1 iluminado con esas l\u00e1mparas de luz azul que ten\u00edan los almacenes de nuestra infancia para matar los insectos \u2014cont\u00f3 Verettoni sobre su portada\u2014. La explicaci\u00f3n es que la muerte, para los hind\u00faes, es un ascenso, una elevaci\u00f3n. \u00a1Espero que sepan disculpar la \u2018falta de respeto\u2019 y no les moleste la iron\u00eda!\u201d. <\/em><\/p>\n<p>&nbsp;<br \/>\n\u201cEsto es lo que hago hoy, y creo que alcanza para <em>pintarme<\/em> \u2014tir\u00f3 Pablo Verettoni cuando, Skype de por medio, PB se comunic\u00f3 con \u00e9l en su estudio rosarino y le pregunt\u00f3 con qu\u00e9 im\u00e1genes prefer\u00eda mostrarse como dibujante y como artista\u2014. Yo antes no laburaba tanto digitalmente, por ejemplo, y me gusta mostrar lo que hoy me representa. Sinceramente no busqu\u00e9 hacia atr\u00e1s&#8230; y no creo que haga falta\u201d.<\/p>\n<p>Quien lo conoce sabe perfectamente que, en realidad, la obra de Pablo resulta totalmente inabarcable. Ilustraciones de cuentos, cuadros de historietas, animaciones de cortos y de comerciales, modelados en arcilla que luego se fotografiaron, no hay rubro del dibujo y la animaci\u00f3n en la que no haya estado involucrado y no haya brillado. Pero hoy est\u00e1 metido de cabeza en su trabajo como dise\u00f1ador de personajes de la posproductora La Posta.<\/p>\n<p>\u201cPor lo general me dan tiempos muy acotados, y eso me encanta \u2014se entusiasma\u2014. Porque el v\u00e9rtigo de la publicidad me lleva a que un d\u00eda est\u00e9 haciendo un monstruo de esta cala\u00f1a y, al d\u00eda siguiente, una planta carn\u00edvora, por ejemplo. Me gusta ese desaf\u00edo del zapping entre las propuestas y me cansa que los proyectos se alarguen. Por eso me encanta la publicidad para trabajar, porque estoy todo el tiempo aprendiendo cosas nuevas\u201d.<\/p>\n<p>&nbsp;<br \/>\n<span style=\"font-size: 11pt;\"><strong>CINCO DIBUJOS, CINCO HISTORIAS<\/strong><\/span><br \/>\n<em>(Clique\u00e1 en cada imagen: algunas se ver\u00e1n a m\u00e1s tama\u00f1o; otras&#8230; sorpresa)<\/em><\/p>\n<p>&nbsp;<br \/>\n<span style=\"font-size: 11pt;\"><strong>1<\/strong><\/span><br \/>\n<a href=\"http:\/\/www.primerbrief.com\/wp-content\/uploads\/2016\/12\/PB5A-PabloVerettoni-Espantapajaros-GR.gif\" onclick=\"_gaq.push(['_trackEvent', 'outbound-article-int', 'http:\/\/www.primerbrief.com\/wp-content\/uploads\/2016\/12\/PB5A-PabloVerettoni-Espantapajaros-GR.gif', '']);\" target=\"_blank\"><img loading=\"lazy\" decoding=\"async\" src=\"http:\/\/www.primerbrief.com\/wp-content\/uploads\/2016\/12\/PB5A-PabloVerettoni-Espantapajaros-580px.gif\" alt=\"pb5a-pabloverettoni-espantapajaros-580px\" width=\"580\" height=\"355\" class=\"alignleft size-full wp-image-36122\" \/><\/a><br \/>\n<strong>Espantap\u00e1jaros:<\/strong> Este mu\u00f1eco es un ejemplo de lo que se me est\u00e1 haciendo costumbre, que es modificar los detalles directamente en el programa, en el 3D, sin necesidad de dibujarlos antes y despu\u00e9s pasarlos a digital. \u00bfY en qu\u00e9 me inspir\u00e9 para el espantap\u00e1jaros? \u00a1En los pelos de mi hermano! (<em>muchas risas<\/em>). Cuando era m\u00e1s chico mi hermano ten\u00eda el pelo as\u00ed, muy rubio y muy desordenado. Es lo que me pasa casi siempre, casi todos mis personajes tienen reminiscencias de alguien que me cruc\u00e9 en la vida. Ojo, ac\u00e1 era s\u00f3lo el pelo: el gesto lo pidieron, ten\u00eda que ser no agresivo, convivir con chicos&#8230; Son cosas que hay que tener siempre en cuenta.<br \/>\n&nbsp;<br \/>\n<iframe loading=\"lazy\" src=\"https:\/\/player.vimeo.com\/video\/168678728?color=e93f33&#038;title=0&#038;byline=0&#038;portrait=0\" width=\"580\" height=\"326\" frameborder=\"0\" webkitallowfullscreen mozallowfullscreen allowfullscreen><\/iframe><\/p>\n<p>&nbsp;<br \/>\n<span style=\"font-size: 11pt;\"><strong>2<\/strong><\/span><br \/>\n<em>(Us\u00e1 el mouse para ver al troll por delante y por detr\u00e1s)<\/em><\/p>\n<div style=\"max-width: 580px; max-height: 580px;\">\n<div style=\"left: 0px; width: 100%; height: 0px; position: relative; padding-bottom: 100%; overflow: hidden;\">\n    <iframe src=\"http:\/\/www.primerbrief.com\/wp-content\/uploads\/2016\/12\/TROLL_VR.6.html\"\n                 allowfullscreen\n                 style=\"position: absolute; top: 0px; left: 0px; height: 100%; width: 1px; min-width: 100%; *width: 100%;\"\n                 frameborder=\"0\"\n                 scrolling=\"no\"><br \/>\n    <\/iframe>\n  <\/div>\n<\/div>\n<p><strong>Echo Trolls:<\/strong> De los tres trolls que aparecen en el comercial, yo dise\u00f1\u00e9 dos. Uno de ellos es el que aparece ac\u00e1, \u201cmovible\u201d con el mouse. Y ese, siguiendo con la onda que cont\u00e9 de mi inspiraci\u00f3n en gente que conozco, remite a alguien muy cercano a m\u00ed: en ese troll trat\u00e9 de reproducir la \u201cparada\u201d de mi viejo, la postura que ten\u00eda al estar de pie (<em>carcajadas<\/em>). Este fue un laburo que me llev\u00f3 algo as\u00ed como un mes.<br \/>\n&nbsp;<br \/>\n<iframe loading=\"lazy\" src=\"https:\/\/player.vimeo.com\/video\/92963187?color=e93f33&#038;title=0&#038;byline=0&#038;portrait=0\" width=\"580\" height=\"326\" frameborder=\"0\" webkitallowfullscreen mozallowfullscreen allowfullscreen><\/iframe><\/p>\n<p>&nbsp;<br \/>\n<span style=\"font-size: 11pt;\"><strong>3<\/strong><\/span><br \/>\n<a href=\"http:\/\/www.primerbrief.com\/wp-content\/uploads\/2016\/12\/PB5A-PabloVerettoni-Dominos-GR.jpg\" onclick=\"_gaq.push(['_trackEvent', 'outbound-article-int', 'http:\/\/www.primerbrief.com\/wp-content\/uploads\/2016\/12\/PB5A-PabloVerettoni-Dominos-GR.jpg', '']);\" target=\"_blank\"><img loading=\"lazy\" decoding=\"async\" src=\"http:\/\/www.primerbrief.com\/wp-content\/uploads\/2016\/12\/PB5A-PabloVerettoni-Dominos-580px.jpg\" alt=\"pb5a-pabloverettoni-dominos-580px\" width=\"580\" height=\"380\" class=\"alignleft size-full wp-image-36124\" srcset=\"https:\/\/www.primerbrief.com\/wp-content\/uploads\/2016\/12\/PB5A-PabloVerettoni-Dominos-580px.jpg 580w, https:\/\/www.primerbrief.com\/wp-content\/uploads\/2016\/12\/PB5A-PabloVerettoni-Dominos-580px-300x197.jpg 300w\" sizes=\"auto, (max-width: 580px) 100vw, 580px\" \/><\/a><br \/>\n<strong>El alien de Domino\u2019s Pizza:<\/strong> En este caso tuve que encargarme del dise\u00f1o de este alien\u00edgena. El pedido era que fuera un bicho grande, \u201caterrorizante\u201d, y que tuviera alguna reminiscencia de los aliens de la pel\u00edcula <em>Sector 9<\/em>. Lo que se ve en el JPG est\u00e1tico de arriba es parte de la b\u00fasqueda. El personaje ya dise\u00f1ado es el de abajo, el que puede moverse con el mouse. Y animado ya se lo ve en el comercial.<br \/>\n&nbsp;<br \/>\n<em>(Us\u00e1 el mouse para ver al alien por delante y por detr\u00e1s)<\/em><\/p>\n<div style=\"max-width: 580px; max-height: 773px;\">\n<div style=\"left: 0px; width: 100%; height: 0px; position: relative; padding-bottom: 133.286%; overflow: hidden;\">\n    <iframe src=\"http:\/\/www.primerbrief.com\/wp-content\/uploads\/2016\/12\/alien_dominos_VR.2.html\"\n                 allowfullscreen\n                 style=\"position: absolute; top: 0px; left: 0px; height: 100%; width: 1px; min-width: 100%; *width: 100%;\"\n                 frameborder=\"0\"\n                 scrolling=\"no\"><br \/>\n    <\/iframe>\n  <\/div>\n<\/div>\n<p>&nbsp;<br \/>\n<iframe loading=\"lazy\" src=\"https:\/\/player.vimeo.com\/video\/146389122?color=e93f33&#038;title=0&#038;byline=0&#038;portrait=0\" width=\"580\" height=\"326\" frameborder=\"0\" webkitallowfullscreen mozallowfullscreen allowfullscreen><\/iframe><\/p>\n<p>&nbsp;<br \/>\n<span style=\"font-size: 11pt;\"><strong>4<\/strong><\/span><br \/>\n<em>(Us\u00e1 el mouse para ver la abeja por delante y por detr\u00e1s)<\/em><\/p>\n<div style=\"max-width: 580px; max-height: 463px;\">\n<div style=\"left: 0px; width: 100%; height: 0px; position: relative; padding-bottom: 79.8775%; overflow: hidden;\">\n      <iframe src=\"http:\/\/www.primerbrief.com\/wp-content\/uploads\/2016\/12\/ABEJA2_VR.45.html\"\n                   allowfullscreen\n                   style=\"top: 0px; left: 0px; width: 100%; height: 100%; position: absolute;\" \n                   frameborder=\"0\"\n                   scrolling=\"no\"><br \/>\n      <\/iframe>\n  <\/div>\n<\/div>\n<p><strong>Las abejas de BGH:<\/strong> En 2015, la productora Primo le encarg\u00f3 a La Posta este trabajo para la agencia Del Campo Saatchi &#038; Saatchi, que iba a dirigir Jonathan Gurvit. Yo dise\u00f1\u00e9 estas especies de <em>abejas mec\u00e1nicas<\/em>: las model\u00e9, las llev\u00e9 al 3D, todo. No tengo ninguna an\u00e9cdota en particular, s\u00f3lo recuerdo que me pidieron algo mec\u00e1nico, de l\u00edneas modernas, para dise\u00f1ar a esas abejas que persiguen al apicultor y representan la l\u00ednea roja de carga de los videos. Bueno, ahora que lo pienso, quiz\u00e1s algo de mi pasi\u00f3n por estos mecanismos automatizados me venga de una infancia pasada, en gran medida, en la f\u00e1brica de cocinas que mi viejo ten\u00eda en Bah\u00eda Blanca. Era de cocinas industriales, hornos, quemadores&#8230; Lo interesante es que era un mundo en el que mi viejo se dedicaba casi m\u00e1s a dise\u00f1ar y fabricar sus propias m\u00e1quinas para poder, con ellas, fabricar las cocinas. Mi viejo la tuvo hasta mi adolescencia, hasta mis 14 o 15 a\u00f1os, pero hasta esa edad a m\u00ed me copaba meterme ah\u00ed y dise\u00f1ar mis propios mecanismos; y hoy me doy cuenta de que mucho de lo que vuelco en mi trabajo viene de lo que mam\u00e9 en esa etapa, y descubro que tengo facilidad para eso. Los artilugios mec\u00e1nicos me divierten mucho. Es cierto que mi viejo, que falleci\u00f3 hace tiempo, no me apoy\u00f3 mucho con el tema del dibujo, me dec\u00eda siempre \u201cno, nene, no te metas en eso\u201d (<em>\u00faltimas risas<\/em>); pero al menos tengo que agradecerle lo que absorb\u00ed en su f\u00e1brica.<br \/>\n&nbsp;<br \/>\n<iframe loading=\"lazy\" src=\"https:\/\/player.vimeo.com\/video\/131470507?color=e93f33&#038;title=0&#038;byline=0&#038;portrait=0\" width=\"580\" height=\"326\" frameborder=\"0\" webkitallowfullscreen mozallowfullscreen allowfullscreen><\/iframe><\/p>\n<p>&nbsp;<br \/>\n<span style=\"font-size: 11pt;\"><strong>5<\/strong><\/span><br \/>\n<a href=\"http:\/\/www.primerbrief.com\/wp-content\/uploads\/2016\/12\/PB5A-PabloVerettoni-Aarons-GR.jpg\" onclick=\"_gaq.push(['_trackEvent', 'outbound-article-int', 'http:\/\/www.primerbrief.com\/wp-content\/uploads\/2016\/12\/PB5A-PabloVerettoni-Aarons-GR.jpg', '']);\" target=\"_blank\"><img loading=\"lazy\" decoding=\"async\" src=\"http:\/\/www.primerbrief.com\/wp-content\/uploads\/2016\/12\/PB5A-PabloVerettoni-Aarons-580px.jpg\" alt=\"pb5a-pabloverettoni-aarons-580px\" width=\"580\" height=\"393\" class=\"alignleft size-full wp-image-36125\" srcset=\"https:\/\/www.primerbrief.com\/wp-content\/uploads\/2016\/12\/PB5A-PabloVerettoni-Aarons-580px.jpg 580w, https:\/\/www.primerbrief.com\/wp-content\/uploads\/2016\/12\/PB5A-PabloVerettoni-Aarons-580px-300x203.jpg 300w\" sizes=\"auto, (max-width: 580px) 100vw, 580px\" \/><\/a><br \/>\n<strong>Aarons:<\/strong> Y este trabajito es el dise\u00f1o de estos personajes para Aarons, una cadena de tiendas de venta de todo tipo de cosas para el hogar, que es enorme en los Estados Unidos. Ac\u00e1 hice s\u00f3lo eso, los personajes, pero me gustan.<br \/>\n&nbsp;<br \/>\n<iframe loading=\"lazy\" width=\"580\" height=\"326\" src=\"https:\/\/www.youtube.com\/embed\/PRwxbequtvw\" frameborder=\"0\" allowfullscreen><\/iframe><br \/>\n&nbsp;<br \/>\n&nbsp;<\/p>\n","protected":false},"excerpt":{"rendered":"<p>(ARGENTINA) \u2013 Para definir o describir al cuarto dibujamigo de esta Comunidad PB no alcanzan los adjetivos ni los signos de exclamaci\u00f3n: Pablo Verettoni supera todo. Criado en Bah\u00eda Blanca, convertido en profesional en Buenos Aires y actual habitante de Rosario (en una ruta hacia el Norte que qui\u00e9n sabe d\u00f3nde terminar\u00e1), Vere sigue la costumbre festejadora (con ascensores, siempre [&hellip;]<\/p>\n","protected":false},"author":3,"featured_media":36120,"comment_status":"open","ping_status":"open","sticky":false,"template":"","format":"standard","meta":{"footnotes":""},"categories":[4781],"tags":[4814,26,4904],"class_list":["post-36099","post","type-post","status-publish","format-standard","has-post-thumbnail","hentry","category-pb5anos","tag-pb5anos","tag-argentina","tag-pablo-verettoni-argentina"],"_links":{"self":[{"href":"https:\/\/www.primerbrief.com\/index.php?rest_route=\/wp\/v2\/posts\/36099","targetHints":{"allow":["GET"]}}],"collection":[{"href":"https:\/\/www.primerbrief.com\/index.php?rest_route=\/wp\/v2\/posts"}],"about":[{"href":"https:\/\/www.primerbrief.com\/index.php?rest_route=\/wp\/v2\/types\/post"}],"author":[{"embeddable":true,"href":"https:\/\/www.primerbrief.com\/index.php?rest_route=\/wp\/v2\/users\/3"}],"replies":[{"embeddable":true,"href":"https:\/\/www.primerbrief.com\/index.php?rest_route=%2Fwp%2Fv2%2Fcomments&post=36099"}],"version-history":[{"count":28,"href":"https:\/\/www.primerbrief.com\/index.php?rest_route=\/wp\/v2\/posts\/36099\/revisions"}],"predecessor-version":[{"id":36165,"href":"https:\/\/www.primerbrief.com\/index.php?rest_route=\/wp\/v2\/posts\/36099\/revisions\/36165"}],"wp:featuredmedia":[{"embeddable":true,"href":"https:\/\/www.primerbrief.com\/index.php?rest_route=\/wp\/v2\/media\/36120"}],"wp:attachment":[{"href":"https:\/\/www.primerbrief.com\/index.php?rest_route=%2Fwp%2Fv2%2Fmedia&parent=36099"}],"wp:term":[{"taxonomy":"category","embeddable":true,"href":"https:\/\/www.primerbrief.com\/index.php?rest_route=%2Fwp%2Fv2%2Fcategories&post=36099"},{"taxonomy":"post_tag","embeddable":true,"href":"https:\/\/www.primerbrief.com\/index.php?rest_route=%2Fwp%2Fv2%2Ftags&post=36099"}],"curies":[{"name":"wp","href":"https:\/\/api.w.org\/{rel}","templated":true}]}}