{"id":36152,"date":"2016-12-27T03:58:47","date_gmt":"2016-12-27T06:58:47","guid":{"rendered":"http:\/\/www.primerbrief.com\/?p=36152"},"modified":"2016-12-27T18:26:00","modified_gmt":"2016-12-27T21:26:00","slug":"atletas-publicitarios-llega-el-nuevo-curso-de-marketing-deportivo-en-el-faro","status":"publish","type":"post","link":"https:\/\/www.primerbrief.com\/?p=36152","title":{"rendered":"Atletas publicitarios: llega el nuevo curso de marketing deportivo en El Faro"},"content":{"rendered":"<p><span style=\"font-size: 11pt;\"><strong>(ARGENTINA) &#8211; La escuela de publicidad abri\u00f3 las inscripciones de su curso de verano, dedicado al mundo del deporte como territorio para que las marcas desarrollen sus estrategias y aprovechen sus atributos positivos, poder de exposici\u00f3n y nivel de posicionamiento. Las clases empiezan en enero y todos los creativos, planners, cuentas, marketers y comunicadores interesados ya pueden reservar su lugar.<\/strong><\/span><\/p>\n<p><a href=\"http:\/\/www.primerbrief.com\/wp-content\/uploads\/2016\/12\/ARG-El-Faro-Curso-Verano-2017-GR.png\" onclick=\"_gaq.push(['_trackEvent', 'outbound-article-int', 'http:\/\/www.primerbrief.com\/wp-content\/uploads\/2016\/12\/ARG-El-Faro-Curso-Verano-2017-GR.png', '']);\" target=\"_blank\"><img loading=\"lazy\" decoding=\"async\" src=\"http:\/\/www.primerbrief.com\/wp-content\/uploads\/2016\/12\/ARG-El-Faro-Curso-Verano-2017-580px.png\" alt=\"\" width=\"580\" height=\"290\" class=\"alignleft size-full wp-image-36156\" srcset=\"https:\/\/www.primerbrief.com\/wp-content\/uploads\/2016\/12\/ARG-El-Faro-Curso-Verano-2017-580px.png 580w, https:\/\/www.primerbrief.com\/wp-content\/uploads\/2016\/12\/ARG-El-Faro-Curso-Verano-2017-580px-300x150.png 300w\" sizes=\"auto, (max-width: 580px) 100vw, 580px\" \/><\/a><br \/>\n<em>\u00c1giles, en\u00e9rgicos y enfocados en el objetivo: los deportistas tienen mucho para ense\u00f1arle a la publicidad. Esa es la l\u00ednea de partida de Atletas publicitarios, el nuevo curso de El Faro.<\/em> <\/p>\n<p>&nbsp;<br \/>\nUn espacio de 30 segundos en el bloque comercial del Superbowl (la final de la liga nacional de f\u00fatbol americano) cuesta unos $5.000.000. Cifras parecidas pueden imaginarse para los JJOO y por qu\u00e9 no, para el mundial de f\u00fatbol Rusia 2018. La TV donde se vean estos partidos y encuentros no ser\u00e1n los \u00fanicos medios disponibles para que las marcas se publiciten; sino tambi\u00e9n los mism\u00edsimos jugadores, sus accesorios personales y su vestimenta. <\/p>\n<p>Como hay que saber aprovechar todas estas posibilidades que el marketing deportivo ofrece, El Faro abri\u00f3 las inscripciones de Atletas publicitarios, su curso de verano apuntado al deporte como lugar natural para marcas y sus responsables puedan comunicar un mensaje \u00fanico y propio para posicionarse entre la millonada de seguidores e hinchas atentos a los movimientos de sus equipos.<\/p>\n<p>El curso comienza en Enero y durar\u00e1 cinco semanas, con invitados especiales en cada clase. Todos los cuentas, creativos, planners y profesionales que quiera seguir su formaci\u00f3n y especializarse en el en el marketing deportivo est\u00e1n invitados a inscribirse y aprender para salir a la cancha. M\u00e1s informaci\u00f3n en <a href=\"https:\/\/www.facebook.com\/ElFaroEscuelaPublicidad\/\" onclick=\"_gaq.push(['_trackEvent', 'outbound-article', 'https:\/\/www.facebook.com\/ElFaroEscuelaPublicidad\/', 'la fanpage de El Faro']);\"  target=\"_blank\">la <em>fanpage<\/em> de El Faro<\/a>.  <\/p>\n<p>&nbsp;<br \/>\n&nbsp;<\/p>\n","protected":false},"excerpt":{"rendered":"<p>(ARGENTINA) &#8211; La escuela de publicidad abri\u00f3 las inscripciones de su curso de verano, dedicado al mundo del deporte como territorio para que las marcas desarrollen sus estrategias y aprovechen sus atributos positivos, poder de exposici\u00f3n y nivel de posicionamiento. Las clases empiezan en enero y todos los creativos, planners, cuentas, marketers y comunicadores interesados ya pueden reservar su lugar. [&hellip;]<\/p>\n","protected":false},"author":16,"featured_media":36162,"comment_status":"open","ping_status":"open","sticky":false,"template":"","format":"standard","meta":{"footnotes":""},"categories":[5],"tags":[26,4516,4517],"class_list":["post-36152","post","type-post","status-publish","format-standard","has-post-thumbnail","hentry","category-lugares-de-estudio","tag-argentina","tag-el-faro-argentina","tag-leonardo-ferrari-argentina"],"_links":{"self":[{"href":"https:\/\/www.primerbrief.com\/index.php?rest_route=\/wp\/v2\/posts\/36152","targetHints":{"allow":["GET"]}}],"collection":[{"href":"https:\/\/www.primerbrief.com\/index.php?rest_route=\/wp\/v2\/posts"}],"about":[{"href":"https:\/\/www.primerbrief.com\/index.php?rest_route=\/wp\/v2\/types\/post"}],"author":[{"embeddable":true,"href":"https:\/\/www.primerbrief.com\/index.php?rest_route=\/wp\/v2\/users\/16"}],"replies":[{"embeddable":true,"href":"https:\/\/www.primerbrief.com\/index.php?rest_route=%2Fwp%2Fv2%2Fcomments&post=36152"}],"version-history":[{"count":5,"href":"https:\/\/www.primerbrief.com\/index.php?rest_route=\/wp\/v2\/posts\/36152\/revisions"}],"predecessor-version":[{"id":36167,"href":"https:\/\/www.primerbrief.com\/index.php?rest_route=\/wp\/v2\/posts\/36152\/revisions\/36167"}],"wp:featuredmedia":[{"embeddable":true,"href":"https:\/\/www.primerbrief.com\/index.php?rest_route=\/wp\/v2\/media\/36162"}],"wp:attachment":[{"href":"https:\/\/www.primerbrief.com\/index.php?rest_route=%2Fwp%2Fv2%2Fmedia&parent=36152"}],"wp:term":[{"taxonomy":"category","embeddable":true,"href":"https:\/\/www.primerbrief.com\/index.php?rest_route=%2Fwp%2Fv2%2Fcategories&post=36152"},{"taxonomy":"post_tag","embeddable":true,"href":"https:\/\/www.primerbrief.com\/index.php?rest_route=%2Fwp%2Fv2%2Ftags&post=36152"}],"curies":[{"name":"wp","href":"https:\/\/api.w.org\/{rel}","templated":true}]}}