{"id":36230,"date":"2017-02-16T03:59:52","date_gmt":"2017-02-16T06:59:52","guid":{"rendered":"http:\/\/www.primerbrief.com\/?p=36230"},"modified":"2018-11-26T02:56:53","modified_gmt":"2018-11-26T05:56:53","slug":"itzi-ugarte-ganadora-del-super-bowl-de-cuentas-de-el-faro-fue-la-recompensa-al-trabajo","status":"publish","type":"post","link":"https:\/\/www.primerbrief.com\/?p=36230","title":{"rendered":"Itzi Ugarte, ganadora del Super Bowl de cuentas de El Faro: \u201cFue la recompensa al trabajo\u201d"},"content":{"rendered":"<p><span style=\"font-size: 11pt;\"><strong>(IBEROAM\u00c9RICA) \u2013 La reciente egresada de la escuela lleg\u00f3 a la agencia Kamchatka para trabajar con distintas cuentas digitales y mostrar todo lo que aprendi\u00f3 en 2016. Despu\u00e9s de arribar de su Espa\u00f1a natal y formar parte del curso, fue elegida alumna destacada por su participaci\u00f3n en las clases y actividades encomendadas. En v\u00edsperas de la nueva edici\u00f3n del curso (las inscripciones ya abrieron), PB habl\u00f3 con ella para conocer su experiencia y consejos para la pr\u00f3xima camada.<\/strong><\/span><\/p>\n<p><a href=\"http:\/\/www.primerbrief.com\/wp-content\/uploads\/2018\/04\/ARG-Itzi-Ugarte-El-Faro-GR.png\" onclick=\"_gaq.push(['_trackEvent', 'outbound-article-int', 'http:\/\/www.primerbrief.com\/wp-content\/uploads\/2018\/04\/ARG-Itzi-Ugarte-El-Faro-GR.png', '']);\" ><img loading=\"lazy\" decoding=\"async\" src=\"http:\/\/www.primerbrief.com\/wp-content\/uploads\/2018\/04\/ARG-Itzi-Ugarte-El-Faro-720px.png\" alt=\"\" width=\"720\" height=\"360\" class=\"alignleft size-full wp-image-350\" \/><\/a><br \/>\n<em>Ugarte, orgullosa con su premio: \u201cAhora extra\u00f1o tener clase los lunes y sentarnos a hablar sobre publicidad con buena gente, caf\u00e9 y unas facturas\u201d. (Foto: Gentileza El Faro)<\/em><\/p>\n<p>&nbsp;<br \/>\n<img loading=\"lazy\" decoding=\"async\" class=\"alignleft size-full wp-image-541\" style=\"margin: 0px 10px 0px 0px;\" src=\"http:\/\/www.comunidadpb.com\/wp-content\/uploads\/2017\/02\/staff-pablo2016-100x100px.jpg\" alt=\"\" width=\"100\" height=\"100\" \/><strong>POR <a href=\"http:\/\/www.primerbrief.com\/?tag=pablo-russo-argentina\" onclick=\"_gaq.push(['_trackEvent', 'outbound-article-int', 'http:\/\/www.primerbrief.com\/?tag=pablo-russo-argentina', 'PABLO RUSSO']);\"  target=\"_blank\">PABLO RUSSO<\/a><\/strong><br \/>\nRedactor especializado en impacto social<br \/>\n<em>Redacci\u00f3n especial para PB<\/em><\/p>\n<p>&nbsp;<br \/>\nLos recorridos entre las primeras clases universitarias y un lugar de trabajo est\u00e1n llenos de sorpresas (y aquel que no lo crea tanto es porque a\u00fan tiene algunas en camino). A veces las decisiones que uno toma lo llevan a trav\u00e9s de diferentes disciplinas, lugares e incluso pa\u00edses. Con eso casi como premisa, arranc\u00f3 la charla con Itziar Ugarte.<\/p>\n<p>Su acento espa\u00f1ol indica de arranque su pa\u00eds natal, lo cual hace que la primera pregunta sea por qu\u00e9 arm\u00f3 sus valijas y tom\u00f3 un vuelo con destino a Ezeiza. O\u00edr la respuesta lleva a percibir que la raz\u00f3n era casi obvia: \u201cRealmente vine a la Argentina buscando nuevas oportunidades laborales. En Espa\u00f1a comenz\u00f3 la crisis y encontrar un buen trabajo estable era casi imposible; y m\u00e1s dedicarme a comunicaci\u00f3n. Estudiar vino despu\u00e9s, cuando me di cuenta de que ten\u00eda que aprovechar la situaci\u00f3n para formarme en publicidad en un pa\u00eds que es referente en el sector\u201d.<\/p>\n<p>Con bases de comunicaci\u00f3n audiovisual y trabajos en productoras televisivas, el camino no era nada malo para seguir. Pero otro recorrido ten\u00eda que aparecer y sugerirle a Itziar la posibilidad de conocer un departamento vecino al de producci\u00f3n o creatividad en agencia. Sobre eso fue la conversaci\u00f3n que sigue.<\/p>\n<p><strong>\u2014\u00bfC\u00f3mo te enteraste de El Faro? <\/strong><br \/>\n\u2014Empec\u00e9 a investigar. Yo ya estaba trabajando como <em>community manager<\/em> en una peque\u00f1a agencia y me gustaba la idea de trabajar como cuentas. Encontr\u00e9 por casualidad informaci\u00f3n en un sitio web de publicidad, me contact\u00e9, la informaci\u00f3n que me facilitaron me pareci\u00f3 interesante y el plan de estudios me llam\u00f3 bastante la atenci\u00f3n, as\u00ed que no lo dud\u00e9.<\/p>\n<p><strong>\u2014\u00bfY qu\u00e9 te interesaba o intrigaba de formarte como ejecutiva de cuentas ah\u00ed?<\/strong><br \/>\n\u2014La verdad es que no ten\u00eda tan claro lo que hac\u00eda un cuentas. Me daba la impresi\u00f3n de que era un rol parecido al de productor, por lo que me atra\u00eda bastante. La gente siempre quiere ser creativo o realizador; la <em>figura del cuentas<\/em> siempre queda en un segundo lugar. Yo quise aprender y ver si pod\u00eda orientar mi carrera en publicidad por este lado.<\/p>\n<p><strong>\u2014A la hora de las clases, \u00bfc\u00f3mo la pasaron con tus compa\u00f1eros? <\/strong><br \/>\n\u2014La verdad es que me gust\u00f3 la modalidad. Son clases informales y cercanas, con un grupo variado de personas de las que tambi\u00e9n pude aprender mucho. Son muy pr\u00e1cticas y muy directas. Conocer realmente cu\u00e1l es es el trabajo de <em>un cuentas<\/em>, las dificultades y los conocimientos que realmente necesitas para afrontar un trabajo real en una agencia. <\/p>\n<p><strong>\u2014En clases especiales llegaron invitados bien importantes como Santiago Olivera, Eugenia Slosse o Pablo Tajer. \u00bfQu\u00e9 rescataste de ellos a nivel profesional y personal?<\/strong><br \/>\n\u2014Los invitados fueron muy interesantes. Es agradable escuchar de profesionales que no te desanimes y que sigas luchando por lo que quieres. Pude aprender de situaciones reales, an\u00e9cdotas y casos que nos contaron. Y lo m\u00e1s importante: conocer de primera mano qu\u00e9 buscan en un profesional de cuentas.<\/p>\n<p><strong>\u2014\u00bfY c\u00f3mo fue todo en el fin de curso?<\/strong><br \/>\n\u2014Tuvimos que presentar un proyecto de campa\u00f1a a partir de un <em>brief<\/em> real que nos facilitaron y despu\u00e9s desarrollar el presupuesto. Fue divertido participar en la parte creativa, pensando en posibles acciones reales; y despu\u00e9s, todo un reto elaborar un presupuesto lo m\u00e1s real posible y el correspondiente Gantt. La verdad es que lo pas\u00e9 genial prepar\u00e1ndolo y lo tomamos muy en serio, como si tuvi\u00e9semos que presentarlo de verdad ante un cliente en la agencia.<\/p>\n<p><strong>\u2014Justo despu\u00e9s esa presentaci\u00f3n te eligieron como alumna destacada del curso. \u00bfQu\u00e9 crees que te llev\u00f3 al reconocimiento?<\/strong><br \/>\n\u2014La verdad es que cualquiera pod\u00eda haber sido el alumno destacado. Fuimos un grupo muy dedicado, que participamos de todos los proyectos que nos propusieron. Por mi parte, me gusta mucho lo que hago y, tanto en mi trabajo como en los estudios, cada proyecto que surge me lo tomo con mucha profesionalidad, as\u00ed que fue la recompensa al trabajo.<\/p>\n<p><strong>\u2014\u00bfY ahora c\u00f3mo te manej\u00e1s en tu trabajo actual, conociendo todo lo que aprendiste en clase?<\/strong><br \/>\n\u2014Me siento m\u00e1s segura. Antes hab\u00eda temas que no controlaba del todo bien: siempre he trabajado en agencias exclusivamente digitales, as\u00ed que desconoc\u00eda bien procedimientos para acciones BTL, por ejemplo. Ahora me siento capaz de afrontar cualquier reto que me pongan delante, sea un comercial, una acci\u00f3n en v\u00eda p\u00fablica o una promoci\u00f3n exclusiva de redes sociales.<\/p>\n<p><strong>\u2014\u00bfPor qu\u00e9 un estudiante deber\u00eda sumarse a El Faro?<\/strong><br \/>\n\u2014Creo que es un curso que, aunque centrado en cuentas, te da una muy buena visi\u00f3n de c\u00f3mo es el trabajo en una agencia. Para aquellos que comienzan en publicidad o no tiene experiencia laboral, creo que es una oportunidad incre\u00edble para formarse y sentirse m\u00e1s confiados en entrevistas de trabajo o en sus nuevos proyectos. El tono y el ambiente en las clases es muy bueno, as\u00ed que la verdad es que ahora extra\u00f1o tener clase los lunes y sentarnos a hablar sobre publicidad con buena gente, caf\u00e9 y unas facturas.<\/p>\n<p>La nueva temporada del Super Bowl de Cuentas comienza este mes de marzo. Si quer\u00e9s contactarte con El Faro y anotarte, escrib\u00ed a <a href=\"mailto:cursos@elfaroescuelapublicidad.com\" onclick=\"_gaq.push(['_trackEvent','mailto','cursos@elfaroescuelapublicidad.com']);\" >cursos@elfaroescuelapublicidad.com<\/a>.<br \/>\n&nbsp;<br \/>\n&nbsp;<\/p>\n","protected":false},"excerpt":{"rendered":"<p>(IBEROAM\u00c9RICA) \u2013 La reciente egresada de la escuela lleg\u00f3 a la agencia Kamchatka para trabajar con distintas cuentas digitales y mostrar todo lo que aprendi\u00f3 en 2016. Despu\u00e9s de arribar de su Espa\u00f1a natal y formar parte del curso, fue elegida alumna destacada por su participaci\u00f3n en las clases y actividades encomendadas. En v\u00edsperas de la nueva edici\u00f3n del curso [&hellip;]<\/p>\n","protected":false},"author":16,"featured_media":36231,"comment_status":"open","ping_status":"open","sticky":false,"template":"","format":"standard","meta":{"footnotes":""},"categories":[5],"tags":[4910,104,4911],"class_list":["post-36230","post","type-post","status-publish","format-standard","has-post-thumbnail","hentry","category-lugares-de-estudio","tag-el-faro-escuela-de-cuentas-argentina","tag-iberoamerica","tag-itziar-ugarte-espana"],"_links":{"self":[{"href":"https:\/\/www.primerbrief.com\/index.php?rest_route=\/wp\/v2\/posts\/36230","targetHints":{"allow":["GET"]}}],"collection":[{"href":"https:\/\/www.primerbrief.com\/index.php?rest_route=\/wp\/v2\/posts"}],"about":[{"href":"https:\/\/www.primerbrief.com\/index.php?rest_route=\/wp\/v2\/types\/post"}],"author":[{"embeddable":true,"href":"https:\/\/www.primerbrief.com\/index.php?rest_route=\/wp\/v2\/users\/16"}],"replies":[{"embeddable":true,"href":"https:\/\/www.primerbrief.com\/index.php?rest_route=%2Fwp%2Fv2%2Fcomments&post=36230"}],"version-history":[{"count":3,"href":"https:\/\/www.primerbrief.com\/index.php?rest_route=\/wp\/v2\/posts\/36230\/revisions"}],"predecessor-version":[{"id":36940,"href":"https:\/\/www.primerbrief.com\/index.php?rest_route=\/wp\/v2\/posts\/36230\/revisions\/36940"}],"wp:featuredmedia":[{"embeddable":true,"href":"https:\/\/www.primerbrief.com\/index.php?rest_route=\/wp\/v2\/media\/36231"}],"wp:attachment":[{"href":"https:\/\/www.primerbrief.com\/index.php?rest_route=%2Fwp%2Fv2%2Fmedia&parent=36230"}],"wp:term":[{"taxonomy":"category","embeddable":true,"href":"https:\/\/www.primerbrief.com\/index.php?rest_route=%2Fwp%2Fv2%2Fcategories&post=36230"},{"taxonomy":"post_tag","embeddable":true,"href":"https:\/\/www.primerbrief.com\/index.php?rest_route=%2Fwp%2Fv2%2Ftags&post=36230"}],"curies":[{"name":"wp","href":"https:\/\/api.w.org\/{rel}","templated":true}]}}