{"id":36266,"date":"2017-06-21T03:59:29","date_gmt":"2017-06-21T06:59:29","guid":{"rendered":"http:\/\/www.primerbrief.com\/?p=36266"},"modified":"2018-04-21T15:57:08","modified_gmt":"2018-04-21T18:57:08","slug":"quiere-a-tu-idea-la-leccion-aprendida-por-el-bronce-latinoamericano-en-yl-print","status":"publish","type":"post","link":"https:\/\/www.primerbrief.com\/?p=36266","title":{"rendered":"\u00abQuiere a tu idea\u00bb, la lecci\u00f3n aprendida por el bronce latinoamericano en YL Print"},"content":{"rendered":"<p><span style=\"font-size: 11pt;\"><strong>(INTERNACIONAL &#8211; Por Denis Vivoda desde Cannes, Francia) \u2013 En un festival lleno de premios, ninguno iguala el potencial y la potencia que se vive en las competencias de los Young Lions. La primera entrega de premios fue para Print, y el bronce result\u00f3 nada m\u00e1s y nada menos que para Ecuador. \u00bfLa audiencia latinoamericana? Ext\u00e1tica. \u00bfLa dupla ganadora? Enterate ac\u00e1.<\/strong><\/span><\/p>\n<p><img loading=\"lazy\" decoding=\"async\" src=\"http:\/\/www.comunidadpb.com\/wp-content\/uploads\/2017\/06\/ecuatorianosyounglionsprint-720px.jpg\" width=\"720\" height=\"479\" class=\"alignleft size-full\"><br \/>\n<em>Daniel y Josu\u00e9 muestran orgullosos sus \u00abbronceados\u00bb certificados de honor. (Foto: Gentileza DyJ)<\/em><\/p>\n<p>&nbsp;<br \/>\n<img loading=\"lazy\" decoding=\"async\" class=\"alignleft size-full wp-image-24367\" style=\"margin: 0px 10px 0px 0px;\" title=\"staff-denis-60x60px\" src=\"http:\/\/www.primerbrief.com\/wp-content\/uploads\/2016\/07\/staff-denis2016-100x100px.jpg\" alt=\"\" width=\"100\" height=\"100\" \/><\/a><strong>TEXTO Y FOTOS POR <a href=\"http:\/\/www.primerbrief.com\/?tag=denis-vivoda-argentina\" onclick=\"_gaq.push(['_trackEvent', 'outbound-article-int', 'http:\/\/www.primerbrief.com\/?tag=denis-vivoda-argentina', 'DENIS VIVODA']);\"  target=\"_blank\">DENIS VIVODA<\/a><\/strong><br \/>\n<em>Creativo y editor de PB<\/em><\/p>\n<p style=\"clear:left;\">\n<p>Llegaste. Est\u00e1s ah\u00ed con un mont\u00f3n de duplas de mil pa\u00edses distintos, y vos representando al tuyo. Emoci\u00f3n y garra de parte de Daniel Zaldumbide y Josu\u00e9 Granda, dupla proveniente de Ecuador, en una competencia que los vio resolviendo un brief de Global Citizen. <\/p>\n<p><span style=\"font-size: 11pt;\"><strong>\u00bfQU\u00c9 ES GLOBAL CITIZEN?<\/strong><\/span><br \/>\n\u201cGlobal Citizen es una organizaci\u00f3n que hace que t\u00fa te unas a una causa y pelees por ella\u201d, cuentan los chicos. \u201cEs complejo, porque no hay una causa espec\u00edfica. Son un mill\u00f3n de causas a trav\u00e9s de una organizaci\u00f3n. \u00bfC\u00f3mo hablas de eso?\u201d.<\/p>\n<p><a href=\"http:\/\/www.comunidadpb.com\/wp-content\/uploads\/2017\/06\/Grafica_BronceYLPrint.jpg\" onclick=\"_gaq.push(['_trackEvent', 'outbound-article', 'http:\/\/www.comunidadpb.com\/wp-content\/uploads\/2017\/06\/Grafica_BronceYLPrint.jpg', '']);\"  target=\"_blank\"><img loading=\"lazy\" decoding=\"async\" src=\"http:\/\/www.comunidadpb.com\/wp-content\/uploads\/2017\/06\/Grafica_BronceYLPrint.jpg\" width=\"720\" height=\"480\" class=\"alignleft size-full\"><\/a><br \/>\n<em> La idea con la que los chicos \u201chablaron de eso\u201d (de Global Citizen) les sirvi\u00f3 para llevarse el bronce para Ecuador \u00a1y consolidar un lugar para Latinoam\u00e9rica en el podio! <\/em><\/p>\n<p>&nbsp;<br \/>\n<span style=\"font-size: 11pt;\"><strong>\u00bfPERO C\u00d3MO LLEGARON A GANAR?<\/strong><\/span><br \/>\n\u201cNosotros cambiamos de idea a \u00faltimo minuto\u201d, cuenta Daniel. \u201cTen\u00edamos una pieza que estaba bien, que comunicaba lo que ten\u00eda que comunicar&#8230; pero no termin\u00e1bamos de sentirnos bien con ella. Seguimos pensando, llegamos a un concepto que nos hizo clic y \u00a1cambiamos totalmente de rumbo a \u00faltimo momento!\u201d.<\/p>\n<p>Bronce latinoamericano en un festival que promete, y una lecci\u00f3n important\u00edsima: quer\u00e9 a tus ideas.<br \/>\n&nbsp;<br \/>\n&nbsp;<\/p>\n","protected":false},"excerpt":{"rendered":"<p>(INTERNACIONAL &#8211; Por Denis Vivoda desde Cannes, Francia) \u2013 En un festival lleno de premios, ninguno iguala el potencial y la potencia que se vive en las competencias de los Young Lions. La primera entrega de premios fue para Print, y el bronce result\u00f3 nada m\u00e1s y nada menos que para Ecuador. \u00bfLa audiencia latinoamericana? Ext\u00e1tica. \u00bfLa dupla ganadora? Enterate [&hellip;]<\/p>\n","protected":false},"author":16,"featured_media":36267,"comment_status":"open","ping_status":"open","sticky":false,"template":"","format":"standard","meta":{"footnotes":""},"categories":[1],"tags":[83,4923,529,27,4924,4922],"class_list":["post-36266","post","type-post","status-publish","format-standard","has-post-thumbnail","hentry","category-sin-categoria","tag-cannes","tag-daniel-zaldumbide-ecuador","tag-ecuador","tag-internacional","tag-josue-granda-ecuador","tag-pbencanneslions"],"_links":{"self":[{"href":"https:\/\/www.primerbrief.com\/index.php?rest_route=\/wp\/v2\/posts\/36266","targetHints":{"allow":["GET"]}}],"collection":[{"href":"https:\/\/www.primerbrief.com\/index.php?rest_route=\/wp\/v2\/posts"}],"about":[{"href":"https:\/\/www.primerbrief.com\/index.php?rest_route=\/wp\/v2\/types\/post"}],"author":[{"embeddable":true,"href":"https:\/\/www.primerbrief.com\/index.php?rest_route=\/wp\/v2\/users\/16"}],"replies":[{"embeddable":true,"href":"https:\/\/www.primerbrief.com\/index.php?rest_route=%2Fwp%2Fv2%2Fcomments&post=36266"}],"version-history":[{"count":1,"href":"https:\/\/www.primerbrief.com\/index.php?rest_route=\/wp\/v2\/posts\/36266\/revisions"}],"predecessor-version":[{"id":36268,"href":"https:\/\/www.primerbrief.com\/index.php?rest_route=\/wp\/v2\/posts\/36266\/revisions\/36268"}],"wp:featuredmedia":[{"embeddable":true,"href":"https:\/\/www.primerbrief.com\/index.php?rest_route=\/wp\/v2\/media\/36267"}],"wp:attachment":[{"href":"https:\/\/www.primerbrief.com\/index.php?rest_route=%2Fwp%2Fv2%2Fmedia&parent=36266"}],"wp:term":[{"taxonomy":"category","embeddable":true,"href":"https:\/\/www.primerbrief.com\/index.php?rest_route=%2Fwp%2Fv2%2Fcategories&post=36266"},{"taxonomy":"post_tag","embeddable":true,"href":"https:\/\/www.primerbrief.com\/index.php?rest_route=%2Fwp%2Fv2%2Ftags&post=36266"}],"curies":[{"name":"wp","href":"https:\/\/api.w.org\/{rel}","templated":true}]}}