{"id":36272,"date":"2017-06-21T03:59:38","date_gmt":"2017-06-21T06:59:38","guid":{"rendered":"http:\/\/www.primerbrief.com\/?p=36272"},"modified":"2018-11-26T01:05:25","modified_gmt":"2018-11-26T04:05:25","slug":"denis-vivoda-en-cannes-lions-dia-2-subis","status":"publish","type":"post","link":"https:\/\/www.primerbrief.com\/?p=36272","title":{"rendered":"Denis Vivoda en Cannes Lions, D\u00eda 2: \u00bfsub\u00eds?"},"content":{"rendered":"<p><span style=\"font-size: 11pt;\"><strong>(INTERNACIONAL &#8211; Por Denis Vivoda desde Cannes, Francia) \u2013 Segunda jornada del festival de publicidad m\u00e1s importante del mundo y Denis sigue en el sur franc\u00e9s relatando sus aventuras y epifan\u00edas. Entr\u00e1 al ascensor PB y viaj\u00e1 a Francia: hay lugar para todos.<\/strong><\/span><\/p>\n<p>&nbsp;<br \/>\n<img loading=\"lazy\" decoding=\"async\" class=\"alignleft size-full wp-image-24367\" style=\"margin: 0px 10px 0px 0px;\" title=\"staff-denis-60x60px\" src=\"http:\/\/www.primerbrief.com\/wp-content\/uploads\/2016\/07\/staff-denis2016-100x100px.jpg\" alt=\"\" width=\"100\" height=\"100\" \/><\/a><strong>TEXTO Y FOTOS POR <a href=\"http:\/\/www.primerbrief.com\/?tag=denis-vivoda-argentina\" onclick=\"_gaq.push(['_trackEvent', 'outbound-article-int', 'http:\/\/www.primerbrief.com\/?tag=denis-vivoda-argentina', 'DENIS VIVODA']);\"  target=\"_blank\">DENIS VIVODA<\/a><\/strong><br \/>\n<em>Creativo y editor de PB<\/em><\/p>\n<p style=\"clear:left;\">\n<p>El sol no afloja y todav\u00eda no me pude meter al mar. M\u00e1s all\u00e1 de eso, este festival no deja de sorprenderme. Clases con estrellas, charlas llenas de sabidur\u00eda, garra y empuje de Young Lions y mucho mucho m\u00e1s, en una edici\u00f3n de los Cannes Lions que est\u00e1 llena de lo que en PB llamamos nuestra esencia: ser la primera parada en una carrera de muchos pisos. <\/p>\n<p>&nbsp;<br \/>\n<a href=\"http:\/\/www.comunidadpb.com\/wp-content\/uploads\/2017\/06\/Cassius-Clay.jpg\" onclick=\"_gaq.push(['_trackEvent', 'outbound-article', 'http:\/\/www.comunidadpb.com\/wp-content\/uploads\/2017\/06\/Cassius-Clay.jpg', '']);\"  target=\"_blank\"><img loading=\"lazy\" decoding=\"async\" src=\"http:\/\/www.comunidadpb.com\/wp-content\/uploads\/2017\/06\/Cassius-Clay.jpg\" width=\"720\" height=\"487\" class=\"alignleft size-full\"><\/a><\/p>\n<p><strong>La esencia de PB brota por todos lados<\/strong> en esta nueva edici\u00f3n del festival. La \u00abcostanera\u00bb de Cannes ostenta una muestra de la vida del legendario boxeador Muhammad Ali, y ah\u00ed, en esa foto, ten\u00eda s\u00f3lo 12 a\u00f1os (y se llamaba Cassius Clay). \u00bfSab\u00eda ese pibe que se iba <em>taaaaan<\/em> para arriba?<\/p>\n<p>&nbsp;<br \/>\n<a href=\"http:\/\/www.comunidadpb.com\/wp-content\/uploads\/2017\/06\/YoungLionsMedia_Argentina.jpg\" onclick=\"_gaq.push(['_trackEvent', 'outbound-article', 'http:\/\/www.comunidadpb.com\/wp-content\/uploads\/2017\/06\/YoungLionsMedia_Argentina.jpg', '']);\"  target=\"_blank\"><img loading=\"lazy\" decoding=\"async\" src=\"http:\/\/www.comunidadpb.com\/wp-content\/uploads\/2017\/06\/YoungLionsMedia_Argentina.jpg\" width=\"720\" height=\"666\" class=\"alignleft size-full\"><\/a><\/p>\n<p>En un pa\u00eds donde el idioma principal es el franc\u00e9s <strong>siempre es lindo encontrarse con gente que hable en espa\u00f1ol<\/strong>, \u00a1y m\u00e1s si son de la Argentina! Cristian y B\u00e1rbara integraron la dupla que represent\u00f3 al pa\u00eds en los Young Lions Media de este a\u00f1o. Pod\u00e9s leer la nota que les hicimos <a href=\"http:\/\/www.primerbrief.com\/?p=36269\" onclick=\"_gaq.push(['_trackEvent', 'outbound-article-int', 'http:\/\/www.primerbrief.com\/?p=36269', 'en este colorido link']);\" >en este colorido link<\/a>.<\/p>\n<p>&nbsp;<br \/>\n<a href=\"http:\/\/www.comunidadpb.com\/wp-content\/uploads\/2017\/06\/YoungLionsPrint_Bronze.jpg\" onclick=\"_gaq.push(['_trackEvent', 'outbound-article', 'http:\/\/www.comunidadpb.com\/wp-content\/uploads\/2017\/06\/YoungLionsPrint_Bronze.jpg', '']);\"  target=\"_blank\"><img loading=\"lazy\" decoding=\"async\" src=\"http:\/\/www.comunidadpb.com\/wp-content\/uploads\/2017\/06\/YoungLionsPrint_Bronze.jpg\" width=\"720\" height=\"479\" class=\"alignleft size-full\"><\/a><\/p>\n<p>Y hablando de Young Lions, anteayer Ecuador se llev\u00f3 un bronce en los Young Lions Print, una haza\u00f1a que puso a Latinoam\u00e9rica en el podio. <strong>Alegr\u00eda latinoamericana y sin subt\u00edtulos<\/strong> para muchos de los presentes en la audiencia.<\/p>\n<p>&nbsp;<br \/>\n<a href=\"http:\/\/www.comunidadpb.com\/wp-content\/uploads\/2017\/06\/Meetbumpconnect.jpg\" onclick=\"_gaq.push(['_trackEvent', 'outbound-article', 'http:\/\/www.comunidadpb.com\/wp-content\/uploads\/2017\/06\/Meetbumpconnect.jpg', '']);\"  target=\"_blank\"><img loading=\"lazy\" decoding=\"async\" src=\"http:\/\/www.comunidadpb.com\/wp-content\/uploads\/2017\/06\/Meetbumpconnect.jpg\" width=\"720\" height=\"540\" class=\"alignleft size-full\"><\/a><\/p>\n<p>Una nota de color (y tecnolog\u00eda) en el medio del festival. Estas pulseras se reparten a lo largo del Palais, y sirven para intercambiar datos con otras personas \u00a1con solo chocar mu\u00f1ecas! Si bien esta tecnolog\u00eda no es nueva, <strong>es bueno ver que el festival evoluciona con los a\u00f1os<\/strong>. <\/p>\n<p>&nbsp;<br \/>\n<a href=\"http:\/\/www.comunidadpb.com\/wp-content\/uploads\/2017\/06\/RHA_withGlennCole.jpg\" onclick=\"_gaq.push(['_trackEvent', 'outbound-article', 'http:\/\/www.comunidadpb.com\/wp-content\/uploads\/2017\/06\/RHA_withGlennCole.jpg', '']);\"  target=\"_blank\"><img loading=\"lazy\" decoding=\"async\" src=\"http:\/\/www.comunidadpb.com\/wp-content\/uploads\/2017\/06\/RHA_withGlennCole.jpg\" width=\"720\" height=\"540\" class=\"alignleft size-full\"><\/a><\/p>\n<p>Entre todo el lujo y estrellas de la creatividad publicitaria es f\u00e1cil olvidarse del rinc\u00f3n del Palais II donde se dan las clases de la Roger Hatchuel Academy, pero cuando se lo recuerda puede ser, f\u00e1cilmente, lo mejor del d\u00eda. Una de las clases de ayer estuvo a cargo de Glenn Cole, <em>chief creative officer<\/em> de 72andSunny, una agencia que no necesita presentaci\u00f3n. \u00bfLo mejor de toda la clase? Los <em>tips<\/em> de Glenn Cole para <strong>\u00abhow to pull ideas out of your ass\u00bb<\/strong>, una habilidad, seg\u00fan \u00e9l, necesaria para ser un gran creativo. \u00a1Conocelos en nuestras Instagram Stories!<\/p>\n<p>&nbsp;<br \/>\nSeguinos en Instagram <a href=\"https:\/\/www.instagram.com\/comunidadpb\/\" onclick=\"_gaq.push(['_trackEvent', 'outbound-article', 'https:\/\/www.instagram.com\/comunidadpb\/', '@comunidadpb']);\" target=\"_blank\">@comunidadpb<\/a> para disfrutar del d\u00eda a d\u00eda en Cannes \u00a1en vivo! Nuestro corresponsal Denis Vivoda, enviado a la ciudad francesa, va a estar subiendo contenido todos los d\u00edas. \u00a1No te lo pierdas!<br \/>\n&nbsp;<br \/>\n&nbsp;<\/p>\n","protected":false},"excerpt":{"rendered":"<p>(INTERNACIONAL &#8211; Por Denis Vivoda desde Cannes, Francia) \u2013 Segunda jornada del festival de publicidad m\u00e1s importante del mundo y Denis sigue en el sur franc\u00e9s relatando sus aventuras y epifan\u00edas. Entr\u00e1 al ascensor PB y viaj\u00e1 a Francia: hay lugar para todos. &nbsp; TEXTO Y FOTOS POR DENIS VIVODA Creativo y editor de PB El sol no afloja y [&hellip;]<\/p>\n","protected":false},"author":16,"featured_media":36273,"comment_status":"open","ping_status":"open","sticky":false,"template":"","format":"standard","meta":{"footnotes":""},"categories":[1],"tags":[83,4927,27,4922],"class_list":["post-36272","post","type-post","status-publish","format-standard","has-post-thumbnail","hentry","category-sin-categoria","tag-cannes","tag-denis-vivoda","tag-internacional","tag-pbencanneslions"],"_links":{"self":[{"href":"https:\/\/www.primerbrief.com\/index.php?rest_route=\/wp\/v2\/posts\/36272","targetHints":{"allow":["GET"]}}],"collection":[{"href":"https:\/\/www.primerbrief.com\/index.php?rest_route=\/wp\/v2\/posts"}],"about":[{"href":"https:\/\/www.primerbrief.com\/index.php?rest_route=\/wp\/v2\/types\/post"}],"author":[{"embeddable":true,"href":"https:\/\/www.primerbrief.com\/index.php?rest_route=\/wp\/v2\/users\/16"}],"replies":[{"embeddable":true,"href":"https:\/\/www.primerbrief.com\/index.php?rest_route=%2Fwp%2Fv2%2Fcomments&post=36272"}],"version-history":[{"count":3,"href":"https:\/\/www.primerbrief.com\/index.php?rest_route=\/wp\/v2\/posts\/36272\/revisions"}],"predecessor-version":[{"id":36916,"href":"https:\/\/www.primerbrief.com\/index.php?rest_route=\/wp\/v2\/posts\/36272\/revisions\/36916"}],"wp:featuredmedia":[{"embeddable":true,"href":"https:\/\/www.primerbrief.com\/index.php?rest_route=\/wp\/v2\/media\/36273"}],"wp:attachment":[{"href":"https:\/\/www.primerbrief.com\/index.php?rest_route=%2Fwp%2Fv2%2Fmedia&parent=36272"}],"wp:term":[{"taxonomy":"category","embeddable":true,"href":"https:\/\/www.primerbrief.com\/index.php?rest_route=%2Fwp%2Fv2%2Fcategories&post=36272"},{"taxonomy":"post_tag","embeddable":true,"href":"https:\/\/www.primerbrief.com\/index.php?rest_route=%2Fwp%2Fv2%2Ftags&post=36272"}],"curies":[{"name":"wp","href":"https:\/\/api.w.org\/{rel}","templated":true}]}}