{"id":36275,"date":"2017-06-21T03:59:19","date_gmt":"2017-06-21T06:59:19","guid":{"rendered":"http:\/\/www.primerbrief.com\/?p=36275"},"modified":"2018-11-26T01:09:07","modified_gmt":"2018-11-26T04:09:07","slug":"es-hermoso-nos-tiemblan-las-manos-la-argentina-tiene-laureados-en-el-yl-cyber","status":"publish","type":"post","link":"https:\/\/www.primerbrief.com\/?p=36275","title":{"rendered":"\u00abEs hermoso, nos tiemblan las manos\u00bb: la Argentina tiene laureados en el YL Cyber"},"content":{"rendered":"<p><span style=\"font-size: 11pt;\"><strong>(INTERNACIONAL &#8211; Por Denis Vivoda desde Cannes, Francia) \u2013 Hoy a la ma\u00f1ana <a href=\"http:\/\/www.primerbrief.com\/?p=36278\" onclick=\"_gaq.push(['_trackEvent', 'outbound-article-int', 'http:\/\/www.primerbrief.com\/?p=36278', 'ten\u00edan miedo y fe']);\"  target=\"_blank\">ten\u00edan miedo y fe<\/a>. Esa misma combinaci\u00f3n rindi\u00f3 frutos cuando el jurado de los Young Lions Cyber anunci\u00f3 que Mat\u00edas y Martina, dupla de Wunderman Buenos Aires, se llevaron el bronce. Felicidad argentina en celeste y blanco para nuestro redactor y corresponsal Denis Vivoda, quien los entrevist\u00f3 segundos despu\u00e9s de su victoria. <\/strong><\/span><\/p>\n<p><a href=\"http:\/\/www.comunidadpb.com\/wp-content\/uploads\/2017\/06\/YLBronzeWinners.jpg\" onclick=\"_gaq.push(['_trackEvent', 'outbound-article', 'http:\/\/www.comunidadpb.com\/wp-content\/uploads\/2017\/06\/YLBronzeWinners.jpg', '']);\"  target=\"_blank\"><img loading=\"lazy\" decoding=\"async\" src=\"http:\/\/www.comunidadpb.com\/wp-content\/uploads\/2017\/06\/YLBronzeWinners.jpg\" width=\"720\" height=\"585\" class=\"alignleft size-full\"><\/a><br \/>\n<em>Mat\u00edas Paglieri y Martina Calder\u00f3n, \u00a1bronce argentino en los Young Lions Cyber 2017!<\/em><\/p>\n<p>&nbsp;<br \/>\n<img loading=\"lazy\" decoding=\"async\" class=\"alignleft size-full wp-image-24367\" style=\"margin: 0px 10px 0px 0px;\" title=\"staff-denis-60x60px\" src=\"http:\/\/www.primerbrief.com\/wp-content\/uploads\/2016\/07\/staff-denis2016-100x100px.jpg\" alt=\"\" width=\"100\" height=\"100\" \/><\/a><strong>TEXTO POR <a href=\"http:\/\/www.primerbrief.com\/?tag=denis-vivoda-argentina\" onclick=\"_gaq.push(['_trackEvent', 'outbound-article-int', 'http:\/\/www.primerbrief.com\/?tag=denis-vivoda-argentina', 'DENIS VIVODA']);\"  target=\"_blank\">DENIS VIVODA<\/a><\/strong><br \/>\n<em>Creativo y editor de PB<\/em><\/p>\n<p style=\"clear:left;\">\n<p>\u00abVamos, vamos, Argentina, vamos, vamos, \u00a1a ganar!\u00bb Martina y Mat\u00edas son bronce en los Young Lions Cyber, y el premio es m\u00e1s que merecido: un par de noches sin dormir, marcado ausente en algunas de las fiestas del festival y muchas, muchas ganas de comerse al mundo. Ac\u00e1 est\u00e1n, ellos son: ganadores de un cyber-bronce en <em>el joven le\u00f3n<\/em>. <\/p>\n<p><strong>\u00bfQU\u00c9 SIENTEN LOS CHICOS?<\/strong><br \/>\n\u201cEstamos nervioso, nos tiemblan las manos, pero es hermoso\u201d. Las palabras de Mat\u00edas te dicen todo, desde las noches sin dormir laburando para esta competencia, desde el silencio hasta el \u00faltimo segundo en el anuncio de los ganadores, donde un jurado los mencion\u00f3 como al pasar. \u00bfEl resultado? \u201cNo sab\u00edamos si era una menci\u00f3n o si est\u00e1bamos ganando el bronce en serio\u201d. Por su parte Martina, la redactora de la dupla, dice: \u201cYo ten\u00eda el presentimiento de que algo bueno iba a pasar\u201d. Y dicho (o sentido) y hecho: bronce para la Argentina (y Latinoam\u00e9rica) en una categor\u00eda complicad\u00edsima como lo es Cyber. <\/p>\n<p><strong>\u00bfQU\u00c9 SIGUE AHORA?<\/strong><br \/>\n\u201cFestejar mucho. Ir a las charlas. Conocer un poco la ciudad\u201d. <\/p>\n<p>Con cuatro d\u00edas todav\u00eda en el calendario, los chicos se ganaron sus vacaciones. \u00a1Felicitaciones a ambos!<\/p>\n<p>&nbsp;<br \/>\n&nbsp;<\/p>\n","protected":false},"excerpt":{"rendered":"<p>(INTERNACIONAL &#8211; Por Denis Vivoda desde Cannes, Francia) \u2013 Hoy a la ma\u00f1ana ten\u00edan miedo y fe. Esa misma combinaci\u00f3n rindi\u00f3 frutos cuando el jurado de los Young Lions Cyber anunci\u00f3 que Mat\u00edas y Martina, dupla de Wunderman Buenos Aires, se llevaron el bronce. Felicidad argentina en celeste y blanco para nuestro redactor y corresponsal Denis Vivoda, quien los entrevist\u00f3 [&hellip;]<\/p>\n","protected":false},"author":16,"featured_media":36276,"comment_status":"open","ping_status":"open","sticky":false,"template":"","format":"standard","meta":{"footnotes":""},"categories":[4921],"tags":[83,3445,4928,655,4922],"class_list":["post-36275","post","type-post","status-publish","format-standard","has-post-thumbnail","hentry","category-pbencanneslions","tag-cannes","tag-denis-vivoda-argentina","tag-martina-calderon-argentina","tag-matias-paglieri-argentina","tag-pbencanneslions"],"_links":{"self":[{"href":"https:\/\/www.primerbrief.com\/index.php?rest_route=\/wp\/v2\/posts\/36275","targetHints":{"allow":["GET"]}}],"collection":[{"href":"https:\/\/www.primerbrief.com\/index.php?rest_route=\/wp\/v2\/posts"}],"about":[{"href":"https:\/\/www.primerbrief.com\/index.php?rest_route=\/wp\/v2\/types\/post"}],"author":[{"embeddable":true,"href":"https:\/\/www.primerbrief.com\/index.php?rest_route=\/wp\/v2\/users\/16"}],"replies":[{"embeddable":true,"href":"https:\/\/www.primerbrief.com\/index.php?rest_route=%2Fwp%2Fv2%2Fcomments&post=36275"}],"version-history":[{"count":3,"href":"https:\/\/www.primerbrief.com\/index.php?rest_route=\/wp\/v2\/posts\/36275\/revisions"}],"predecessor-version":[{"id":36918,"href":"https:\/\/www.primerbrief.com\/index.php?rest_route=\/wp\/v2\/posts\/36275\/revisions\/36918"}],"wp:featuredmedia":[{"embeddable":true,"href":"https:\/\/www.primerbrief.com\/index.php?rest_route=\/wp\/v2\/media\/36276"}],"wp:attachment":[{"href":"https:\/\/www.primerbrief.com\/index.php?rest_route=%2Fwp%2Fv2%2Fmedia&parent=36275"}],"wp:term":[{"taxonomy":"category","embeddable":true,"href":"https:\/\/www.primerbrief.com\/index.php?rest_route=%2Fwp%2Fv2%2Fcategories&post=36275"},{"taxonomy":"post_tag","embeddable":true,"href":"https:\/\/www.primerbrief.com\/index.php?rest_route=%2Fwp%2Fv2%2Ftags&post=36275"}],"curies":[{"name":"wp","href":"https:\/\/api.w.org\/{rel}","templated":true}]}}