{"id":36284,"date":"2017-06-22T04:02:23","date_gmt":"2017-06-22T07:02:23","guid":{"rendered":"http:\/\/www.primerbrief.com\/?p=36284"},"modified":"2018-04-21T16:15:32","modified_gmt":"2018-04-21T19:15:32","slug":"denis-vivoda-a-40km-de-niza-dia-3-futuros-y-jovenes-leones","status":"publish","type":"post","link":"https:\/\/www.primerbrief.com\/?p=36284","title":{"rendered":"Denis Vivoda a 40km de Niza, D\u00eda 3: futuros y j\u00f3venes leones"},"content":{"rendered":"<p><span style=\"font-size: 11pt;\"><strong>(INTERNACIONAL &#8211; Por Denis Vivoda desde Cannes, Francia) \u2013 Nuestro redactor y corresponsal Denis Vivoda sigue en Cannes, cubriendo d\u00eda a d\u00eda lo mejor del festival m\u00e1s importante de la publicidad. Dej\u00e1 que sus palabras te lleven por los pasillos del Palais y del Palais II, y metete de lleno en la tercera jornada. \u00bfQui\u00e9n sabe? \u00a1Quiz\u00e1s hasta te d\u00e9 un poco de calor!<\/strong><\/span><\/p>\n<p>&nbsp;<br \/>\n<img loading=\"lazy\" decoding=\"async\" class=\"alignleft size-full wp-image-24367\" style=\"margin: 0px 10px 0px 0px;\" title=\"staff-denis-60x60px\" src=\"http:\/\/www.primerbrief.com\/wp-content\/uploads\/2016\/07\/staff-denis2016-100x100px.jpg\" alt=\"\" width=\"100\" height=\"100\" \/><\/a><strong>TEXTO Y FOTOS POR <a href=\"http:\/\/www.primerbrief.com\/?tag=denis-vivoda-argentina\" onclick=\"_gaq.push(['_trackEvent', 'outbound-article-int', 'http:\/\/www.primerbrief.com\/?tag=denis-vivoda-argentina', 'DENIS VIVODA']);\"  target=\"_blank\">DENIS VIVODA<\/a><\/strong><br \/>\n<em>Creativo y editor de PB<\/em><\/p>\n<p style=\"clear:left;\">\n<p>Tercer d\u00eda. Estamos en la mitad exacta de este incre\u00edble festival, y la magia contin\u00faa. Futuros y j\u00f3venes leones, academias a metros del mar Mediterr\u00e1neo y mucho, mucho m\u00e1s. Servite un caf\u00e9, ponete algo de Edith Piaf, leete la nota y venite un segundo conmigo a esta ciudad, a 40 kil\u00f3metros de Niza. <\/p>\n<p>&nbsp;<br \/>\n<a href=\"http:\/\/www.comunidadpb.com\/wp-content\/uploads\/2017\/06\/Sir_Ian_Mckellen.jpg\" onclick=\"_gaq.push(['_trackEvent', 'outbound-article', 'http:\/\/www.comunidadpb.com\/wp-content\/uploads\/2017\/06\/Sir_Ian_Mckellen.jpg', '']);\"  target=\"_blank\"><img loading=\"lazy\" decoding=\"async\" src=\"http:\/\/www.comunidadpb.com\/wp-content\/uploads\/2017\/06\/Sir_Ian_Mckellen.jpg\" width=\"720\" height=\"585\" class=\"alignleft size-full\"><\/a><\/p>\n<p>La charla estrella del d\u00eda involucr\u00f3 a una verdadera estrella: sir Ian McKellen. \u00bfTe suena? <em>X-Men<\/em>, <em>El se\u00f1or de los anillos<\/em> (s\u00ed, Gandalf)&#8230; \u00bfSu consejo para las marcas y para los creativos? \u00a1Que salgan del closet! Cuando uno sale del closet (como \u00e9l lo hizo much\u00edsimos a\u00f1os atr\u00e1s) se liberan un mont\u00f3n de obst\u00e1culos, y es as\u00ed cuando uno funciona al 100%. Ahora depende de vos o de la marca para la que labur\u00e1s determinar si el closet es metaf\u00f3rico o no.<\/p>\n<p>&nbsp;<br \/>\n<a href=\"http:\/\/www.comunidadpb.com\/wp-content\/uploads\/2017\/06\/RHA-Working.jpg\" onclick=\"_gaq.push(['_trackEvent', 'outbound-article', 'http:\/\/www.comunidadpb.com\/wp-content\/uploads\/2017\/06\/RHA-Working.jpg', '']);\"  target=\"_blank\"><img loading=\"lazy\" decoding=\"async\" src=\"http:\/\/www.comunidadpb.com\/wp-content\/uploads\/2017\/06\/RHA-Working.jpg\" width=\"720\" height=\"540\" class=\"alignleft size-full\"><\/a><\/p>\n<p>En una de las <em>classrooms<\/em> del Palais II <strong>la Roger Hatchuel Academy sigue con ritmo constante<\/strong>, y hoy los chicos fueron <em>briefeados<\/em> en su asignaci\u00f3n para la semana. En una <strong>mezcla de silencio y el ruido del contacto entre los marcadores y las hojas<\/strong>, los chicos se preparan para, el viernes, hacer su presentaci\u00f3n y cerrar el curso.<\/p>\n<p>&nbsp;<br \/>\n<a href=\"http:\/\/www.comunidadpb.com\/wp-content\/uploads\/2017\/06\/Young-Lions-Podiums.jpg\" onclick=\"_gaq.push(['_trackEvent', 'outbound-article', 'http:\/\/www.comunidadpb.com\/wp-content\/uploads\/2017\/06\/Young-Lions-Podiums.jpg', '']);\"  target=\"_blank\"><img loading=\"lazy\" decoding=\"async\" src=\"http:\/\/www.comunidadpb.com\/wp-content\/uploads\/2017\/06\/Young-Lions-Podiums.jpg\" width=\"720\" height=\"540\" class=\"alignleft size-full\"><\/a><\/p>\n<p>De los cinco Young Lions entregados, cuatro tienen bronce latinoamericano: Ecuador en Print, Costa Rica en PR, Argentina en Cyber y Portugal en Design. En un festival lleno de sangre latina y de festejos en espa\u00f1ol (y en portugu\u00e9s), los Young Lions no se quedan atr\u00e1s. \u00a1Qu\u00e9 lindo cuando pod\u00e9s festejar en tu idioma tan seguido!<\/p>\n<p>&nbsp;<br \/>\n<a href=\"http:\/\/www.comunidadpb.com\/wp-content\/uploads\/2017\/06\/Future_Lions_Allofthem.jpg\" onclick=\"_gaq.push(['_trackEvent', 'outbound-article', 'http:\/\/www.comunidadpb.com\/wp-content\/uploads\/2017\/06\/Future_Lions_Allofthem.jpg', '']);\"  target=\"_blank\"><img loading=\"lazy\" decoding=\"async\" src=\"http:\/\/www.comunidadpb.com\/wp-content\/uploads\/2017\/06\/Future_Lions_Allofthem.jpg\" width=\"720\" height=\"480\" class=\"alignleft size-full\"><\/a><\/p>\n<p>Uno de los mejores momentos del festival es la entrega de los Future Lions, el premio con el que la agencia AKQA reconoce a los estudiantes de las ideas con coraje, que constantemente empujan el l\u00edmite de la creatividad hacia adelante. \u00a1En esta entrega uno de los equipos ganadores fue espa\u00f1ol! Su idea, particularmente, fue reconocida por su simpleza. \u00a1Felicitaciones!<\/p>\n<p>&nbsp;<br \/>\n<a href=\"http:\/\/www.comunidadpb.com\/wp-content\/uploads\/2017\/06\/YLBronzeWinners.jpg\" onclick=\"_gaq.push(['_trackEvent', 'outbound-article', 'http:\/\/www.comunidadpb.com\/wp-content\/uploads\/2017\/06\/YLBronzeWinners.jpg', '']);\"  target=\"_blank\"><img loading=\"lazy\" decoding=\"async\" src=\"http:\/\/www.comunidadpb.com\/wp-content\/uploads\/2017\/06\/YLBronzeWinners.jpg\" width=\"720\" height=\"585\" class=\"alignleft size-full\"><\/a><\/p>\n<p>La joyita del d\u00eda involucr\u00f3 a esta dupla de Wunderman Buenos Aires, Mat\u00edas Paglieri y Martina Calder\u00f3n, quienes ganaron bronce en los Young Lions Cyber 2017. Jornadas a pleno laburo, pocas horas de sue\u00f1o y un par de fiestas a las que tuvieron que faltar: los ingredientes para que esta dupla, luego de esta victoria, se vaya para arriba. <\/p>\n<p>&nbsp;<br \/>\nSeguinos en Instagram <a href=\"https:\/\/www.instagram.com\/comunidadpb\/\" onclick=\"_gaq.push(['_trackEvent', 'outbound-article', 'https:\/\/www.instagram.com\/comunidadpb\/', '@comunidadpb']);\" target=\"_blank\">@comunidadpb<\/a> para disfrutar del d\u00eda a d\u00eda en Cannes \u00a1en vivo! Nuestro corresponsal Denis Vivoda, enviado a la ciudad francesa, va a estar subiendo contenido todos los d\u00edas. \u00a1No te lo pierdas!<br \/>\n&nbsp;<br \/>\n&nbsp;<\/p>\n","protected":false},"excerpt":{"rendered":"<p>(INTERNACIONAL &#8211; Por Denis Vivoda desde Cannes, Francia) \u2013 Nuestro redactor y corresponsal Denis Vivoda sigue en Cannes, cubriendo d\u00eda a d\u00eda lo mejor del festival m\u00e1s importante de la publicidad. Dej\u00e1 que sus palabras te lleven por los pasillos del Palais y del Palais II, y metete de lleno en la tercera jornada. \u00bfQui\u00e9n sabe? \u00a1Quiz\u00e1s hasta te d\u00e9 [&hellip;]<\/p>\n","protected":false},"author":16,"featured_media":36285,"comment_status":"open","ping_status":"open","sticky":false,"template":"","format":"standard","meta":{"footnotes":""},"categories":[4921],"tags":[83,3445,4928,655,4922],"class_list":["post-36284","post","type-post","status-publish","format-standard","has-post-thumbnail","hentry","category-pbencanneslions","tag-cannes","tag-denis-vivoda-argentina","tag-martina-calderon-argentina","tag-matias-paglieri-argentina","tag-pbencanneslions"],"_links":{"self":[{"href":"https:\/\/www.primerbrief.com\/index.php?rest_route=\/wp\/v2\/posts\/36284","targetHints":{"allow":["GET"]}}],"collection":[{"href":"https:\/\/www.primerbrief.com\/index.php?rest_route=\/wp\/v2\/posts"}],"about":[{"href":"https:\/\/www.primerbrief.com\/index.php?rest_route=\/wp\/v2\/types\/post"}],"author":[{"embeddable":true,"href":"https:\/\/www.primerbrief.com\/index.php?rest_route=\/wp\/v2\/users\/16"}],"replies":[{"embeddable":true,"href":"https:\/\/www.primerbrief.com\/index.php?rest_route=%2Fwp%2Fv2%2Fcomments&post=36284"}],"version-history":[{"count":1,"href":"https:\/\/www.primerbrief.com\/index.php?rest_route=\/wp\/v2\/posts\/36284\/revisions"}],"predecessor-version":[{"id":36286,"href":"https:\/\/www.primerbrief.com\/index.php?rest_route=\/wp\/v2\/posts\/36284\/revisions\/36286"}],"wp:featuredmedia":[{"embeddable":true,"href":"https:\/\/www.primerbrief.com\/index.php?rest_route=\/wp\/v2\/media\/36285"}],"wp:attachment":[{"href":"https:\/\/www.primerbrief.com\/index.php?rest_route=%2Fwp%2Fv2%2Fmedia&parent=36284"}],"wp:term":[{"taxonomy":"category","embeddable":true,"href":"https:\/\/www.primerbrief.com\/index.php?rest_route=%2Fwp%2Fv2%2Fcategories&post=36284"},{"taxonomy":"post_tag","embeddable":true,"href":"https:\/\/www.primerbrief.com\/index.php?rest_route=%2Fwp%2Fv2%2Ftags&post=36284"}],"curies":[{"name":"wp","href":"https:\/\/api.w.org\/{rel}","templated":true}]}}