{"id":36287,"date":"2017-06-23T03:58:45","date_gmt":"2017-06-23T06:58:45","guid":{"rendered":"http:\/\/www.primerbrief.com\/?p=36287"},"modified":"2018-04-21T16:17:07","modified_gmt":"2018-04-21T19:17:07","slug":"estamos-tomando-nuestro-lugar-en-el-escalafon-costa-rica-y-latinoamerica-bronce-en-los-yl-pr","status":"publish","type":"post","link":"https:\/\/www.primerbrief.com\/?p=36287","title":{"rendered":"\u00abEstamos tomando nuestro lugar en el escalaf\u00f3n\u00bb: Costa Rica (y Latinoam\u00e9rica), bronce en los YL PR"},"content":{"rendered":"<p><span style=\"font-size: 11pt;\"><strong>(INTERNACIONAL &#8211; Por Denis Vivoda desde Cannes, Francia) \u2013 De las cinco competiciones de Young Lions ya terminadas, cuatro involucran a pa\u00edses de Iberoam\u00e9rica. Bronce en Print para Ecuador, en Cyber para Argentina, en Design para Portugal y, gracias a los protagonistas de la nota de hoy, en PR para Costa Rica. Est\u00e9fani Solorzano y Chris G\u00f3mez, planners en Publimark Mullen Lowe, psic\u00f3logos de profesi\u00f3n: conocelos.<\/strong><\/span><\/p>\n<p><a href=\"http:\/\/www.comunidadpb.com\/wp-content\/uploads\/2017\/06\/YL_Bronze_PR_CostaRica.jpg\" onclick=\"_gaq.push(['_trackEvent', 'outbound-article', 'http:\/\/www.comunidadpb.com\/wp-content\/uploads\/2017\/06\/YL_Bronze_PR_CostaRica.jpg', '']);\"  target=\"_blank\"><img loading=\"lazy\" decoding=\"async\" src=\"http:\/\/www.comunidadpb.com\/wp-content\/uploads\/2017\/06\/YL_Bronze_PR_CostaRica.jpg\" width=\"720\" height=\"540\" class=\"alignleft size-full\"><\/a><br \/>\n<em>El bronce en la categor\u00eda Public Relations de los Young Lions 2017 fue para el equipo costarricense: Est\u00e9fani Solorzano y Christian G\u00f3mez.<\/em><\/p>\n<p>&nbsp;<br \/>\n<img loading=\"lazy\" decoding=\"async\" class=\"alignleft size-full wp-image-24367\" style=\"margin: 0px 10px 0px 0px;\" title=\"staff-denis-60x60px\" src=\"http:\/\/www.primerbrief.com\/wp-content\/uploads\/2016\/07\/staff-denis2016-100x100px.jpg\" alt=\"\" width=\"100\" height=\"100\" \/><\/a><strong>TEXTO POR <a href=\"http:\/\/www.primerbrief.com\/?tag=denis-vivoda-argentina\" onclick=\"_gaq.push(['_trackEvent', 'outbound-article-int', 'http:\/\/www.primerbrief.com\/?tag=denis-vivoda-argentina', 'DENIS VIVODA']);\"  target=\"_blank\">DENIS VIVODA<\/a><\/strong><br \/>\n<em>Creativo y editor de PB<\/em><\/p>\n<p style=\"clear:left;\">\n<p>Costa Rica fue uno de los dos equipos latinoamericanos que compitieron en los Young Lions PR. No s\u00f3lo eso, sino que este es el primer a\u00f1o en que Costa Rica se presenta en esta competencia. As\u00ed y todo, hoy Est\u00e9fani y Chris se sientan en una mesa del <em>basement<\/em> del Palais siendo Young Lions de bronce. \u201cEs muy bonito el choque de culturas \u2014dice Chris\u2014, porque cuando anunciaron nuestro bronce saltamos y festejamos como si fuera oro, pero cuando dijeron plata para Inglaterra los &#8216;mans&#8217; (<em>sic<\/em>) se levantaron y&#8230;\u201d (Chris hace un gesto de saludar con la mano, duro, con cara seria: debe de ser la mejor interpretaci\u00f3n que vi de la impasibilidad inglesa).<\/p>\n<p><strong>\u00bfQU\u00c9 SIENTEN?<\/strong><br \/>\n\u201cA nivel personal, cuando te llevas bronce es muy <em>chido<\/em>, porque te afirma que est\u00e1s en el camino correcto, pero a la vez te afirma que te queda mucho por conquistar. Hay algo muy bonito que est\u00e1 pasando, que puedes verlo si te acercas a <a href=\"https:\/\/www.instagram.com\/p\/BVmo_jXjOhM\/?taken-by=comunidadpb\" onclick=\"_gaq.push(['_trackEvent', 'outbound-article', 'https:\/\/www.instagram.com\/p\/BVmo_jXjOhM\/?taken-by=comunidadpb', 'la tabla de los Young Lions']);\" >la tabla de los Young Lions<\/a>: todas las categor\u00edas tienen en el bronce a un pa\u00eds latinoamericano. Creo que eso somos nosotros tomando nuestro lugar en el escalaf\u00f3n, sabiendo que en otro a\u00f1o va a ir todav\u00eda m\u00e1s alto. As\u00ed aumentamos la representaci\u00f3n de Latinoam\u00e9rica\u201d.<\/p>\n<p>Planners en la agencia Publimark Mullen Lowe, pero psic\u00f3logos de profesi\u00f3n. \u201cEst\u00e1 cambiando el campo, <em>man<\/em>\u00ab, dice Chris. Y quiz\u00e1s si este bronce evidencia algo (m\u00e1s all\u00e1 de la creciente presencia de los latinoamericanos en estas competencias) es que necesitamos es ese cambio. Estos egresados de la Universidad de Costa Rica se conocen desde hace seis a\u00f1os, fueron compa\u00f1eros de carrera y son mejores amigos. \u201cYo conf\u00edo en ella como para que me haga una cirug\u00eda a coraz\u00f3n abierto sin saber nada sobre cirug\u00edas\u201d.<\/p>\n<p>La publicidad no es cirug\u00eda a coraz\u00f3n abierto, pero Est\u00e9fani lleva apenas un a\u00f1o en esta profesi\u00f3n. En ese a\u00f1o viaj\u00f3 a la meca de la publicidad, a Cannes, y no s\u00f3lo vino, sino que vio y conquist\u00f3. \u201cFue un buen a\u00f1o\u201d, bromea Chris. Y a\u00fan as\u00ed, casi no entran a la competici\u00f3n: \u201cYo quer\u00eda que ella entrara con otro compa\u00f1ero, para que experimentara la presi\u00f3n de trabajar para algo as\u00ed, pero \u00e9l se baj\u00f3 y yo me sum\u00e9. As\u00ed que empezamos a averiguar&#8230;\u201d (ah, \u00bfno mencion\u00e9 eso? Ninguno de los dos sab\u00eda una palabra sobre PR), \u201c&#8230; estudiamos, tuvimos una <em>compa<\/em> que nos hizo una inducci\u00f3n al PR un domingo y nos preparamos para presentar\u201d.<\/p>\n<p>Dicho, hecho, firmado, ganado. <\/p>\n<p><strong>\u00bfAHORA, QU\u00c9 SIGUE?<\/strong><br \/>\n\u201cLo m\u00e1s abrumador es darse cuenta de que, en comparaci\u00f3n a c\u00f3mo est\u00e1 la regi\u00f3n de Centroam\u00e9rica, este viaje es un viaje al futuro. Ahora depende de nosotros: o volvemos a casa deprimidos por alejarnos de esto o ayudamos a guiar la regi\u00f3n hacia este est\u00e1ndar\u201d.<\/p>\n<p>Bronce en PR para Costa Rica, bronce en sentimiento para toda Latinoam\u00e9rica. La pregunta es, \u00bfseguiremos festejando en espa\u00f1ol estos d\u00edas que quedan?<br \/>\n&nbsp;<br \/>\n&nbsp;<\/p>\n","protected":false},"excerpt":{"rendered":"<p>(INTERNACIONAL &#8211; Por Denis Vivoda desde Cannes, Francia) \u2013 De las cinco competiciones de Young Lions ya terminadas, cuatro involucran a pa\u00edses de Iberoam\u00e9rica. Bronce en Print para Ecuador, en Cyber para Argentina, en Design para Portugal y, gracias a los protagonistas de la nota de hoy, en PR para Costa Rica. Est\u00e9fani Solorzano y Chris G\u00f3mez, planners en Publimark [&hellip;]<\/p>\n","protected":false},"author":16,"featured_media":36288,"comment_status":"open","ping_status":"open","sticky":false,"template":"","format":"standard","meta":{"footnotes":""},"categories":[4921],"tags":[83,4932,4933,4922],"class_list":["post-36287","post","type-post","status-publish","format-standard","has-post-thumbnail","hentry","category-pbencanneslions","tag-cannes","tag-christian-gomez-costa-rica","tag-estefani-solorzano-costa-rica","tag-pbencanneslions"],"_links":{"self":[{"href":"https:\/\/www.primerbrief.com\/index.php?rest_route=\/wp\/v2\/posts\/36287","targetHints":{"allow":["GET"]}}],"collection":[{"href":"https:\/\/www.primerbrief.com\/index.php?rest_route=\/wp\/v2\/posts"}],"about":[{"href":"https:\/\/www.primerbrief.com\/index.php?rest_route=\/wp\/v2\/types\/post"}],"author":[{"embeddable":true,"href":"https:\/\/www.primerbrief.com\/index.php?rest_route=\/wp\/v2\/users\/16"}],"replies":[{"embeddable":true,"href":"https:\/\/www.primerbrief.com\/index.php?rest_route=%2Fwp%2Fv2%2Fcomments&post=36287"}],"version-history":[{"count":1,"href":"https:\/\/www.primerbrief.com\/index.php?rest_route=\/wp\/v2\/posts\/36287\/revisions"}],"predecessor-version":[{"id":36289,"href":"https:\/\/www.primerbrief.com\/index.php?rest_route=\/wp\/v2\/posts\/36287\/revisions\/36289"}],"wp:featuredmedia":[{"embeddable":true,"href":"https:\/\/www.primerbrief.com\/index.php?rest_route=\/wp\/v2\/media\/36288"}],"wp:attachment":[{"href":"https:\/\/www.primerbrief.com\/index.php?rest_route=%2Fwp%2Fv2%2Fmedia&parent=36287"}],"wp:term":[{"taxonomy":"category","embeddable":true,"href":"https:\/\/www.primerbrief.com\/index.php?rest_route=%2Fwp%2Fv2%2Fcategories&post=36287"},{"taxonomy":"post_tag","embeddable":true,"href":"https:\/\/www.primerbrief.com\/index.php?rest_route=%2Fwp%2Fv2%2Ftags&post=36287"}],"curies":[{"name":"wp","href":"https:\/\/api.w.org\/{rel}","templated":true}]}}