{"id":36299,"date":"2017-06-23T03:58:12","date_gmt":"2017-06-23T06:58:12","guid":{"rendered":"http:\/\/www.primerbrief.com\/?p=36299"},"modified":"2018-04-21T16:23:37","modified_gmt":"2018-04-21T19:23:37","slug":"para-mario-y-pedro-bronce-portugues-en-los-yl-marketers-hay-que-cambiar-las-etiquetas","status":"publish","type":"post","link":"https:\/\/www.primerbrief.com\/?p=36299","title":{"rendered":"Para M\u00e1rio y Pedro, bronce portugu\u00e9s en los YL Marketers, hay que cambiar las etiquetas"},"content":{"rendered":"<p><span style=\"font-size: 11pt;\"><strong>(INTERNACIONAL &#8211; Por Denis Vivoda desde Cannes, Francia) \u2013 La ante\u00faltima competencia de los Young Lions tuvo una grata sorpresa: \u00a1en el podio hubo dos pa\u00edses de Iberoam\u00e9rica! Oro para Espa\u00f1a, bronce para Portugal&#8230; y mucha sangre latina con felicidad en la audiencia. En esta nota conoc\u00e9 a M\u00e1rio y Pedro, los laureados por el pa\u00eds luso.<\/strong><\/span><\/p>\n<p><a href=\"http:\/\/www.comunidadpb.com\/wp-content\/uploads\/2017\/06\/YLMarketers_Bronze.jpg\" onclick=\"_gaq.push(['_trackEvent', 'outbound-article', 'http:\/\/www.comunidadpb.com\/wp-content\/uploads\/2017\/06\/YLMarketers_Bronze.jpg', '']);\"  target=\"_blank\"><img loading=\"lazy\" decoding=\"async\" src=\"http:\/\/www.comunidadpb.com\/wp-content\/uploads\/2017\/06\/YLMarketers_Bronze.jpg\" width=\"720\" height=\"407\" class=\"alignleft size-full\"><\/a><br \/>\n<em>M\u00e1rio y Pedro, la dupla de marketers portugueses que gan\u00f3 el bronce en los Young Lions Marketers 2017.<\/em><\/p>\n<p>&nbsp;<br \/>\n<img loading=\"lazy\" decoding=\"async\" class=\"alignleft size-full wp-image-24367\" style=\"margin: 0px 10px 0px 0px;\" title=\"staff-denis-60x60px\" src=\"http:\/\/www.primerbrief.com\/wp-content\/uploads\/2016\/07\/staff-denis2016-100x100px.jpg\" alt=\"\" width=\"100\" height=\"100\" \/><\/a><strong>TEXTO POR <a href=\"http:\/\/www.primerbrief.com\/?tag=denis-vivoda-argentina\" onclick=\"_gaq.push(['_trackEvent', 'outbound-article-int', 'http:\/\/www.primerbrief.com\/?tag=denis-vivoda-argentina', 'DENIS VIVODA']);\"  target=\"_blank\">DENIS VIVODA<\/a><\/strong><br \/>\n<em>Creativo y editor de PB<\/em><\/p>\n<p style=\"clear:left;\">\n<p>M\u00e1rio Alves (26) y Jos\u00e9 Pedro Silva (24) fueron los delegados de Portugal en esta competencia, conquistando el tercer lugar en un podio que tuvo a la pen\u00ednsula Ib\u00e9rica como protagonista. <em>Brand managers<\/em> en Unicer, una cervecer\u00eda en Portugal (uno para Carlsberg, el otro para SuperBock), los chicos festejaron el bronce con una sonrisa y un abrazo del alma entre ellos.<\/p>\n<p><strong>\u00bfCU\u00c1L ERA EL BRIEF?<\/strong><br \/>\n\u201cEl brief estaba anclado a los refugiados, y c\u00f3mo podemos hacer que la gente cambie la percepci\u00f3n de ellos\u201d, dice Pedro, en un ingl\u00e9s perfecto. \u00abEspecialmente, c\u00f3mo hacer qu\u00e9 esas etiquetas (terroristas, una carga para el bien p\u00fablico) cambien haciendo conocer sus historias\u201d. <\/p>\n<p><strong>\u00bfC\u00d3MO SE SIENTEN?<\/strong><br \/>\n\u201cAunque el oro siempre sea el objetivo, estamos muy entusiasmados. Es un muy buen reconocimiento de nuestro trabajo, y es algo incre\u00edble que nuestro esfuerzo e ideas sean reconocidas por una organizaci\u00f3n como Cannes\u201d. Ahora la dupla portuguesa regresar\u00e1 a su pa\u00eds con nuevas experiencias y muchas ganas de hacer realidad la idea con la que se ganaron, merecidamente, este bronce. <\/p>\n<p>Un <em>parab\u00e9ns<\/em> en voz alta y un \u201cvamos, carajo\u201d para adentro, en una semana que tuvo como protagonista a Iberoam\u00e9rica en los Young Lions.<br \/>\n&nbsp;<br \/>\n&nbsp;<\/p>\n","protected":false},"excerpt":{"rendered":"<p>(INTERNACIONAL &#8211; Por Denis Vivoda desde Cannes, Francia) \u2013 La ante\u00faltima competencia de los Young Lions tuvo una grata sorpresa: \u00a1en el podio hubo dos pa\u00edses de Iberoam\u00e9rica! Oro para Espa\u00f1a, bronce para Portugal&#8230; y mucha sangre latina con felicidad en la audiencia. En esta nota conoc\u00e9 a M\u00e1rio y Pedro, los laureados por el pa\u00eds luso. M\u00e1rio y Pedro, [&hellip;]<\/p>\n","protected":false},"author":16,"featured_media":36300,"comment_status":"open","ping_status":"open","sticky":false,"template":"","format":"standard","meta":{"footnotes":""},"categories":[4921],"tags":[83,3445,4935,4934,4922],"class_list":["post-36299","post","type-post","status-publish","format-standard","has-post-thumbnail","hentry","category-pbencanneslions","tag-cannes","tag-denis-vivoda-argentina","tag-jose-pedro-silva-portugal","tag-mario-alves-portugal","tag-pbencanneslions"],"_links":{"self":[{"href":"https:\/\/www.primerbrief.com\/index.php?rest_route=\/wp\/v2\/posts\/36299","targetHints":{"allow":["GET"]}}],"collection":[{"href":"https:\/\/www.primerbrief.com\/index.php?rest_route=\/wp\/v2\/posts"}],"about":[{"href":"https:\/\/www.primerbrief.com\/index.php?rest_route=\/wp\/v2\/types\/post"}],"author":[{"embeddable":true,"href":"https:\/\/www.primerbrief.com\/index.php?rest_route=\/wp\/v2\/users\/16"}],"replies":[{"embeddable":true,"href":"https:\/\/www.primerbrief.com\/index.php?rest_route=%2Fwp%2Fv2%2Fcomments&post=36299"}],"version-history":[{"count":1,"href":"https:\/\/www.primerbrief.com\/index.php?rest_route=\/wp\/v2\/posts\/36299\/revisions"}],"predecessor-version":[{"id":36301,"href":"https:\/\/www.primerbrief.com\/index.php?rest_route=\/wp\/v2\/posts\/36299\/revisions\/36301"}],"wp:featuredmedia":[{"embeddable":true,"href":"https:\/\/www.primerbrief.com\/index.php?rest_route=\/wp\/v2\/media\/36300"}],"wp:attachment":[{"href":"https:\/\/www.primerbrief.com\/index.php?rest_route=%2Fwp%2Fv2%2Fmedia&parent=36299"}],"wp:term":[{"taxonomy":"category","embeddable":true,"href":"https:\/\/www.primerbrief.com\/index.php?rest_route=%2Fwp%2Fv2%2Fcategories&post=36299"},{"taxonomy":"post_tag","embeddable":true,"href":"https:\/\/www.primerbrief.com\/index.php?rest_route=%2Fwp%2Fv2%2Ftags&post=36299"}],"curies":[{"name":"wp","href":"https:\/\/api.w.org\/{rel}","templated":true}]}}