{"id":36342,"date":"2017-10-27T03:59:40","date_gmt":"2017-10-27T06:59:40","guid":{"rendered":"http:\/\/www.primerbrief.com\/?p=36342"},"modified":"2018-04-22T16:09:08","modified_gmt":"2018-04-22T19:09:08","slug":"dia-2-del-face-to-face-2017-disfruten-y-aprovechen","status":"publish","type":"post","link":"https:\/\/www.primerbrief.com\/?p=36342","title":{"rendered":"D\u00eda 2 del Face To Face 2017: \u201cDisfruten, \u00a1y aprovechen!\u201d"},"content":{"rendered":"<p><span style=\"font-size: 11pt;\"><strong>(ARGENTINA) \u2013 La actividad que el C\u00edrculo de Creativos Argentinos organiza para reunir a estudiantes con los creativos de las principales agencias locales continu\u00f3 una semana despu\u00e9s de su fecha de inicio. Hoy, el corresponsal especial de PB nos cuenta todo lo que sucedi\u00f3 entre ambientes tan particulares y encantadores que remit\u00edan a un mercado de barrio, \u00a1o hasta un establo!.<\/span><\/strong><\/p>\n<p><a href=\"http:\/\/www.comunidadpb.com\/wp-content\/uploads\/2017\/10\/ARG-Face-To-Face-2017-D\u00eda-2-Grupo.jpg\" onclick=\"_gaq.push(['_trackEvent', 'outbound-article', 'http:\/\/www.comunidadpb.com\/wp-content\/uploads\/2017\/10\/ARG-Face-To-Face-2017-D\u00eda-2-Grupo.jpg', '']);\" target=\"_blank\"><img loading=\"lazy\" decoding=\"async\" src=\"http:\/\/www.comunidadpb.com\/wp-content\/uploads\/2017\/10\/ARG-Face-To-Face-2017-D\u00eda-2-Grupo-720.png\" alt=\"\" width=\"720\" height=\"360\" class=\"alignleft size-full wp-image-254\" \/><\/a><br \/>\n<em>El grupo protagonista de la segunda jornada del Face to Face 2017.<\/em><\/p>\n<p>&nbsp;<br \/>\n<strong>TEXTO POR <a href=\"http:\/\/www.primerbrief.com\/?tag=Federico-Roales-Argentina\" onclick=\"_gaq.push(['_trackEvent', 'outbound-article-int', 'http:\/\/www.primerbrief.com\/?tag=Federico-Roales-Argentina', 'FEDERICO ROALES']);\"  target=\"_blank\">FEDERICO ROALES<\/a><\/strong><br \/>\nRedacci\u00f3n especial para PB<br \/>\n<strong>FOTO POR <a href=\"http:\/\/www.primerbrief.com\/?tag=Muriel-Farkas-Argentina\" onclick=\"_gaq.push(['_trackEvent', 'outbound-article-int', 'http:\/\/www.primerbrief.com\/?tag=Muriel-Farkas-Argentina', 'MURIEL FARKAS']);\"  target=\"_blank\">MURIEL FARKAS<\/a><\/strong><br \/>\nFot\u00f3grafa de Aloha Photo School<\/p>\n<p style=\"clear:left;\">\n<p>La segunda jornada del F2F arranc\u00f3 radiante de energ\u00edas juveniles de los estudiantes, \u00e1vidos de conocer las agencias, mostrar sus carpetas y aprender de las devoluciones de los creativos. El punto de encuentro era la Miami Ad School, donde ya se pod\u00edan percibir, adem\u00e1s, los nervios y la meticulosa planificaci\u00f3n de los trabajos a presentar, a sabiendas que los 15 minutos a solas con los creativos deb\u00edan exprimirse al m\u00e1ximo.<\/p>\n<p>Minutos despu\u00e9s de las tres de la tarde abordamos la primera de las combis con destino hacia Santo. La agencia se encuentra sobre la calle Darwin, una zona de Villa Crespo cercada entre las v\u00edas del Ferrocarril San Mart\u00edn y el puente de Juan B. Justo, por lo cual no hay mucha circulaci\u00f3n m\u00e1s que la de los propios vecinos. La estructuraci\u00f3n de la agencia merecer\u00eda una cr\u00f3nica entera: al ingresar, los empleados de todas las \u00e1reas est\u00e1n distribuidos alrededor de dos grandes mesas. Al fondo, tras bambalinas, hay m\u00e1s escritorios y una de las oficinas tiene una puerta que se asemeja mucho a las de un\u2026\u00a1establo! Al abstraerse de la atm\u00f3sfera publicitaria, caemos en la cuenta que la cuidada est\u00e9tica apunta a imitar los cl\u00e1sicos dise\u00f1os de las caballerizas.<\/p>\n<p>Las duplas fueron turn\u00e1ndose para mostrar sus trabajos y creativos de la talla de Maxi Itzcoff (CCO) y Rafa Santamarina (DGC), entre otros, pudieron evaluar las carpetas de los estudiantes. Al salir, una dupla se lamentaba: \u201cen el medio de la devoluci\u00f3n, \u00a1entraron justo a resolver una urgencia para un cliente!\u201d<\/p>\n<p><a href=\"http:\/\/www.comunidadpb.com\/wp-content\/uploads\/2017\/10\/ARG-Face-To-Face-2017-D\u00eda-2-Santo.jpg\" onclick=\"_gaq.push(['_trackEvent', 'outbound-article', 'http:\/\/www.comunidadpb.com\/wp-content\/uploads\/2017\/10\/ARG-Face-To-Face-2017-D\u00eda-2-Santo.jpg', '']);\" target=\"_blank\"><img loading=\"lazy\" decoding=\"async\" src=\"http:\/\/www.comunidadpb.com\/wp-content\/uploads\/2017\/10\/ARG-Face-To-Face-2017-D\u00eda-2-Santo-720.png\" alt=\"\" width=\"720\" height=\"360\" class=\"alignleft size-full wp-image-254\" \/><\/a><br \/>\n<em>Los estudiantes se fueron de Santo con consejos para mejorar y seguir construyendo su carpeta.<\/em><\/p>\n<p>Una vez concluidas las exposiciones de todas las duplas, nos dirigimos hacia Mercado McCann, en el coraz\u00f3n de Palermo Hollywood. Al ingresar, atravesamos la agencia hasta el patio interno, donde Fernando Sarni, CEO y Presidente, nos dio una c\u00e1lida recepci\u00f3n, e introdujo a los estudiantes sobre los valores de Mercado McCann: \u201cpor el nombre, y por nuestra \u00e9tica, la agencia se piensa como un mercado, donde uno siempre pueda encontrar productos frescos. Disfruten, \u00a1y aprovechen!\u201d. En sus oficinas aguardaban, dispuestos a evaluar trabajos, Diego Tuya y Dar\u00edo Rial, directores generales creativos de la agencia.<\/p>\n<p>Mientras algunas duplas comenzaban a exponer sus carpetas, se acercaron a saludar al grupo participantes del F2F de la edici\u00f3n del 2016, que actualmente trabajan en Mercado McCann, como Paula Incociatti, y Manuel Jalife, finalista de Young Lions Argentina 2017. Algunas duplas, afortunadas, pudieron charlar con los creativos en la terraza de la agencia, donde corre una brisa primaveral y se disfruta de una envidiable vista panor\u00e1mica del barrio. <\/p>\n<p><a href=\"http:\/\/www.comunidadpb.com\/wp-content\/uploads\/2017\/10\/ARG-Face-To-Face-2017-D\u00eda-2-Mercado-McCann.jpg\" onclick=\"_gaq.push(['_trackEvent', 'outbound-article', 'http:\/\/www.comunidadpb.com\/wp-content\/uploads\/2017\/10\/ARG-Face-To-Face-2017-D\u00eda-2-Mercado-McCann.jpg', '']);\" target=\"_blank\"><img loading=\"lazy\" decoding=\"async\" src=\"http:\/\/www.comunidadpb.com\/wp-content\/uploads\/2017\/10\/ARG-Face-To-Face-2017-D\u00eda-2-Mercado-McCann-720.png\" alt=\"\" width=\"720\" height=\"360\" class=\"alignleft size-full wp-image-254\" \/><\/a><br \/>\n<em>Cada rinc\u00f3n de Mercado McCann se llen\u00f3 de j\u00f3venes creativos compartiendo ideas y devoluciones.<\/em><\/p>\n<p>Alrededor de las cinco de la tarde finalizamos nuestra estad\u00eda en Mercado McCann y enfilamos hacia el \u00faltimo destino del d\u00eda: La Comunidad. El ambiente entre los estudiantes ya era muy distendido y abundaban las bromas y risas, producto en parte por el cansancio pero tambi\u00e9n por el ambiente grupal relajado que se hab\u00eda ido generando. Ramiro Raposo, DGC de La Comunidad, encabez\u00f3 el equipo de creativos dispuesto a evaluar las carpetas de los alumnos. <\/p>\n<p><a href=\"http:\/\/www.comunidadpb.com\/wp-content\/uploads\/2017\/10\/ARG-Face-To-Face-2017-D\u00eda-2-La-Comunidad-GR.jpg\" onclick=\"_gaq.push(['_trackEvent', 'outbound-article', 'http:\/\/www.comunidadpb.com\/wp-content\/uploads\/2017\/10\/ARG-Face-To-Face-2017-D\u00eda-2-La-Comunidad-GR.jpg', '']);\" target=\"_blank\"><img loading=\"lazy\" decoding=\"async\" src=\"http:\/\/www.comunidadpb.com\/wp-content\/uploads\/2017\/10\/ARG-Face-To-Face-2017-D\u00eda-2-La-Comunidad-720.png\" alt=\"\" width=\"720\" height=\"360\" class=\"alignleft size-full wp-image-254\" \/><\/a><br \/>\n<em>Ramiro Raposo, DGC de La Comunidad, mano a mano con una estudiante y sus trabajos.<\/em><br \/>\n&nbsp;<\/p>\n<p>Una vez que finalizaban las exposiciones, y se iba cerrando la jornada, las duplas se desped\u00edan de la agencia en el barrio de Colegiales con una misma expresi\u00f3n en su cara: satisfacci\u00f3n.<br \/>\n&nbsp;<br \/>\n&nbsp;<\/p>\n","protected":false},"excerpt":{"rendered":"<p>(ARGENTINA) \u2013 La actividad que el C\u00edrculo de Creativos Argentinos organiza para reunir a estudiantes con los creativos de las principales agencias locales continu\u00f3 una semana despu\u00e9s de su fecha de inicio. Hoy, el corresponsal especial de PB nos cuenta todo lo que sucedi\u00f3 entre ambientes tan particulares y encantadores que remit\u00edan a un mercado de barrio, \u00a1o hasta un [&hellip;]<\/p>\n","protected":false},"author":16,"featured_media":36343,"comment_status":"open","ping_status":"open","sticky":false,"template":"","format":"standard","meta":{"footnotes":""},"categories":[1156],"tags":[26,228,2691,2693,229,4284,121,4945,1058,4286,4946,4947,123,4948],"class_list":["post-36342","post","type-post","status-publish","format-standard","has-post-thumbnail","hentry","category-eventos","tag-argentina","tag-circulo-de-creativos-argentinos","tag-dario-rial-argentina","tag-diego-tuya-argentina","tag-face-to-face","tag-fernando-sarni-argentina","tag-la-comunidad","tag-manuel-jalife-argentina","tag-maxi-itzkoff-argentina","tag-mercado-mccann","tag-paula-incociatti-argentina","tag-rafael-santamarina-argentina","tag-ramiro-raposo-argentina","tag-santo"],"_links":{"self":[{"href":"https:\/\/www.primerbrief.com\/index.php?rest_route=\/wp\/v2\/posts\/36342","targetHints":{"allow":["GET"]}}],"collection":[{"href":"https:\/\/www.primerbrief.com\/index.php?rest_route=\/wp\/v2\/posts"}],"about":[{"href":"https:\/\/www.primerbrief.com\/index.php?rest_route=\/wp\/v2\/types\/post"}],"author":[{"embeddable":true,"href":"https:\/\/www.primerbrief.com\/index.php?rest_route=\/wp\/v2\/users\/16"}],"replies":[{"embeddable":true,"href":"https:\/\/www.primerbrief.com\/index.php?rest_route=%2Fwp%2Fv2%2Fcomments&post=36342"}],"version-history":[{"count":1,"href":"https:\/\/www.primerbrief.com\/index.php?rest_route=\/wp\/v2\/posts\/36342\/revisions"}],"predecessor-version":[{"id":36344,"href":"https:\/\/www.primerbrief.com\/index.php?rest_route=\/wp\/v2\/posts\/36342\/revisions\/36344"}],"wp:featuredmedia":[{"embeddable":true,"href":"https:\/\/www.primerbrief.com\/index.php?rest_route=\/wp\/v2\/media\/36343"}],"wp:attachment":[{"href":"https:\/\/www.primerbrief.com\/index.php?rest_route=%2Fwp%2Fv2%2Fmedia&parent=36342"}],"wp:term":[{"taxonomy":"category","embeddable":true,"href":"https:\/\/www.primerbrief.com\/index.php?rest_route=%2Fwp%2Fv2%2Fcategories&post=36342"},{"taxonomy":"post_tag","embeddable":true,"href":"https:\/\/www.primerbrief.com\/index.php?rest_route=%2Fwp%2Fv2%2Ftags&post=36342"}],"curies":[{"name":"wp","href":"https:\/\/api.w.org\/{rel}","templated":true}]}}