{"id":36357,"date":"2017-12-20T03:59:32","date_gmt":"2017-12-20T06:59:32","guid":{"rendered":"http:\/\/www.primerbrief.com\/?p=36357"},"modified":"2018-11-24T21:11:09","modified_gmt":"2018-11-25T00:11:09","slug":"algo-sobre-mi-cuenta-angeles-pico-la-mejor-alumna-de-el-faro","status":"publish","type":"post","link":"https:\/\/www.primerbrief.com\/?p=36357","title":{"rendered":"\u201cAlgo sobre m\u00ed\u201d, cuenta Angeles Pic\u00f3, la mejor alumna de El Faro"},"content":{"rendered":"<p><span style=\"font-size: 11pt;\"><strong>(ARGENTINA) &#8211; En la escuela de direcci\u00f3n de cuentas que dirige Leo Ferrari, \u00c1ngeles fue la ganadora del SuperBowl de Cuentas 2017: la que mejor perform\u00f3 en los cuatro meses que dura el curso y la que recibi\u00f3 el mejor puntaje en la actividad final, votada por sus compa\u00f1eros.<\/span><\/strong><\/p>\n<p><a href=\"http:\/\/www.primerbrief.com\/wp-content\/uploads\/2017\/12\/angelespico-foto1-GR.jpg\" onclick=\"_gaq.push(['_trackEvent', 'outbound-article-int', 'http:\/\/www.primerbrief.com\/wp-content\/uploads\/2017\/12\/angelespico-foto1-GR.jpg', '']);\" target=\"_blank\"><img loading=\"lazy\" decoding=\"async\" class=\"align left size-full\" src=\"http:\/\/www.primerbrief.com\/wp-content\/uploads\/2017\/12\/angelespico-foto1-720px.jpg\" width=\"720\" height=\"475\"\/><\/a><br \/>\n<em>\u00c1ngeles Pic\u00f3, fotografiada por su profe, el director de El Faro Leo Ferrari, apenas terminado el curso 2017.<\/em><\/p>\n<p>&nbsp;<br \/>\n<img loading=\"lazy\" decoding=\"async\" class=\"alignleft size-full wp-image-4110\" style=\"margin: 0px 10px 0px 0px;\" src=\"http:\/\/www.primerbrief.com\/wp-content\/uploads\/2017\/12\/angelespico-foto2-100x100px.jpg\" alt=\"\" width=\"100\" height=\"100\" \/><strong>POR <a href=\"http:\/\/www.primerbrief.com\/?tag=angeles-pico-argentina\" onclick=\"_gaq.push(['_trackEvent', 'outbound-article-int', 'http:\/\/www.primerbrief.com\/?tag=angeles-pico-argentina', '\u00c1NGELES PIC\u00d3']);\"  target=\"_blank\">\u00c1NGELES PIC\u00d3<\/a><\/strong><br \/>\nLicenciada en Comunicaci\u00f3n Social por la <a href=\"http:\/\/hum.unne.edu.ar\/academica\/departamentos\/comunica\/informacion.htm\" onclick=\"_gaq.push(['_trackEvent', 'outbound-article', 'http:\/\/hum.unne.edu.ar\/academica\/departamentos\/comunica\/informacion.htm', 'Universidad Nacional del Nordeste']);\"  target=\"_blank\">Universidad Nacional del Nordeste<\/a> y t\u00e9cnica en publicidad por la <a href=\"http:\/\/www.ucp.edu.ar\/arte-diseno-y-comunicacion\/licenciatura-en-publicidad\/\" onclick=\"_gaq.push(['_trackEvent', 'outbound-article', 'http:\/\/www.ucp.edu.ar\/arte-diseno-y-comunicacion\/licenciatura-en-publicidad\/', 'Universidad de la Cuenca del Plata']);\"  target=\"_blank\">Universidad de la Cuenca del Plata<\/a><br \/>\n<em>Redacci\u00f3n especial para PB<\/em><\/p>\n<p>&nbsp;<br \/>\n<em>\u00abUna correntina en Buenos Aires. Una versi\u00f3n de \u201cPeggy Olson\u201d del a\u00f1o 2000, quien dej\u00f3 su ciudad del interior para venir a la gran Buenos Aires (\u201cgran Avenida Madison\u201d) en busca de profundizar sus conocimientos sobre publicidad para as\u00ed conseguir ser parte de ese apasionante mundo\u00bb.<\/em> (As\u00ed se presenta \u00c1ngeles, en tercera persona. Abajo cambia a la primera y transmite su entusiasmo por lo que hace y por lo que sue\u00f1a).<\/p>\n<div align=\"center\">*******<\/div>\n<p>&nbsp;<br \/>\nSoy oriunda de Paso de los Libres, provincia de Corrientes. Estudi\u00e9 licenciatura en comunicaci\u00f3n social en la Universidad Nacional del Nordeste, y fue en aquellos primeros a\u00f1os de cursado cuando descubr\u00ed en m\u00ed un gran inter\u00e9s por la publicidad. Por eso, paralelamente a la carrera de comunicaci\u00f3n realic\u00e9 la tecnicatura en publicidad en la Universidad de la Cuenca del Plata.<\/p>\n<p>Durante esos a\u00f1os de estudios en Corrientes realic\u00e9 una pasant\u00eda en el \u00e1rea comercial de una radio de la ciudad capital (Radio Sudamericana), donde una de mis tareas preferidas, que me representaba un desaf\u00edo fascinante, era redactar spots publicitarios para diferentes anunciantes o potenciales anunciantes de la radio.<\/p>\n<p>Tambi\u00e9n hice una auditor\u00eda de comunicaci\u00f3n en la Honorable C\u00e1mara de Senadores de la provincia de Corrientes, tras la cual present\u00e9 un proyecto de planificaci\u00f3n para optimizar la comunicaci\u00f3n interna y externa de dicho organismo.<br \/>\nPero si de mis verdaderos inicios en el \u00e1mbito laboral debo hablar no puedo dejar de mencionar a mi gran escuela, la empresa familiar (\u00f3ptica, joyer\u00eda y relojer\u00eda), donde desde chica y hasta el d\u00eda de hoy, incluso desde la distancia, me desempe\u00f1o en diferentes labores, sobre todo los relacionados a ventas y publicidad. <\/p>\n<p>As\u00ed llegu\u00e9 a Buenos Aires, con toda la adrenalina que representa para alguien del interior venir a vivir a la atrayente y cautivadora capital del pa\u00eds. Habiendo concluido mis estudios en comunicaci\u00f3n social y con una tecnicatura en publicidad culminada, que no hizo m\u00e1s que profundizar ese inter\u00e9s por la disciplina e impulsar mi deseo por poder seguir aprendiendo y llegar alg\u00fan d\u00eda a trabajar como publicitaria.<\/p>\n<p>Reci\u00e9n llegada, y guiada por el bichito de la curiosidad, realic\u00e9 algunos cursos de marketing digital, espec\u00edficamente de contenidos. Pero segu\u00eda pendiente de mi deseo de aprender m\u00e1s sobre publicidad y poder insertarme en ese fascinante mundo en el que todo parece ser posible. Y as\u00ed fue que, buscando cursos por internet, me encontr\u00e9 con el Superbowl de Cuentas de El Faro. <\/p>\n<p>Desde el primer d\u00eda, la buena onda, el profesionalismo y la pasi\u00f3n por la publicidad que transmit\u00eda Leo mi profesor me hicieron sentir que estaba en el curso correcto. Cada mi\u00e9rcoles asist\u00eda con m\u00e1s ganas de aprender de las clases como de los intercambios de conocimiento con mis compa\u00f1eros: Valentina, Rama y Diego. Todos con diferentes formaciones, de los que aprend\u00ed mucho y con quienes creo que disfrutamos cuatro meses de cursado muy enriquecedores, con muchas risas y complicidades. <\/p>\n<p>El trabajo final fue el gran desaf\u00edo, para el cual nos preparamos en todo el cursado: pensar y planificar una campa\u00f1a 360\u00ba para lanzamiento de un producto de una gran marca como es Bimbo, con la que me toc\u00f3 trabajar, result\u00f3 ser \u201cun partido intenso\u201d. Planificar y coordinar actividades, saber llegar al target siguiendo un concepto y lograr materializarlo de la manera m\u00e1s eficaz en diferentes actividades. La adrenalina de concebir esa \u201cgran idea\u201d y que adem\u00e1s funcione fue apasionante y muy satisfactoria. <\/p>\n<p>Llegu\u00e9 al Superbowl de Cuentas con ganas de aprender m\u00e1s sobre publicidad y conocer ese famoso mundo de ser \u201cun cuentas\u201d. Hoy, despu\u00e9s de haber culminado el curso, puedo decir que encontr\u00e9 mi lugar en la publicidad, desde donde me siento capaz de ofrecer lo mejor de m\u00ed.<br \/>\n&nbsp;<br \/>\n&nbsp;<\/p>\n","protected":false},"excerpt":{"rendered":"<p>(ARGENTINA) &#8211; En la escuela de direcci\u00f3n de cuentas que dirige Leo Ferrari, \u00c1ngeles fue la ganadora del SuperBowl de Cuentas 2017: la que mejor perform\u00f3 en los cuatro meses que dura el curso y la que recibi\u00f3 el mejor puntaje en la actividad final, votada por sus compa\u00f1eros. \u00c1ngeles Pic\u00f3, fotografiada por su profe, el director de El Faro [&hellip;]<\/p>\n","protected":false},"author":16,"featured_media":36358,"comment_status":"open","ping_status":"open","sticky":false,"template":"","format":"standard","meta":{"footnotes":""},"categories":[46],"tags":[4954,26,4910,4517,4955,4956],"class_list":["post-36357","post","type-post","status-publish","format-standard","has-post-thumbnail","hentry","category-quien-es-quien","tag-angeles-pico-argentina","tag-argentina","tag-el-faro-escuela-de-cuentas-argentina","tag-leonardo-ferrari-argentina","tag-universidad-de-la-cuenca-del-plata-argentina","tag-universidad-nacional-del-nordeste-argentina"],"_links":{"self":[{"href":"https:\/\/www.primerbrief.com\/index.php?rest_route=\/wp\/v2\/posts\/36357","targetHints":{"allow":["GET"]}}],"collection":[{"href":"https:\/\/www.primerbrief.com\/index.php?rest_route=\/wp\/v2\/posts"}],"about":[{"href":"https:\/\/www.primerbrief.com\/index.php?rest_route=\/wp\/v2\/types\/post"}],"author":[{"embeddable":true,"href":"https:\/\/www.primerbrief.com\/index.php?rest_route=\/wp\/v2\/users\/16"}],"replies":[{"embeddable":true,"href":"https:\/\/www.primerbrief.com\/index.php?rest_route=%2Fwp%2Fv2%2Fcomments&post=36357"}],"version-history":[{"count":3,"href":"https:\/\/www.primerbrief.com\/index.php?rest_route=\/wp\/v2\/posts\/36357\/revisions"}],"predecessor-version":[{"id":36876,"href":"https:\/\/www.primerbrief.com\/index.php?rest_route=\/wp\/v2\/posts\/36357\/revisions\/36876"}],"wp:featuredmedia":[{"embeddable":true,"href":"https:\/\/www.primerbrief.com\/index.php?rest_route=\/wp\/v2\/media\/36358"}],"wp:attachment":[{"href":"https:\/\/www.primerbrief.com\/index.php?rest_route=%2Fwp%2Fv2%2Fmedia&parent=36357"}],"wp:term":[{"taxonomy":"category","embeddable":true,"href":"https:\/\/www.primerbrief.com\/index.php?rest_route=%2Fwp%2Fv2%2Fcategories&post=36357"},{"taxonomy":"post_tag","embeddable":true,"href":"https:\/\/www.primerbrief.com\/index.php?rest_route=%2Fwp%2Fv2%2Ftags&post=36357"}],"curies":[{"name":"wp","href":"https:\/\/api.w.org\/{rel}","templated":true}]}}