{"id":36735,"date":"2018-06-06T03:59:20","date_gmt":"2018-06-06T06:59:20","guid":{"rendered":"http:\/\/www.primerbrief.com\/?p=36735"},"modified":"2018-11-23T20:55:50","modified_gmt":"2018-11-23T23:55:50","slug":"juan-manuel-roa-lotta-la-bicicladora-nacio-en-clase-pero-podria-ayudar-a-los-recicladores-bogotanos","status":"publish","type":"post","link":"https:\/\/www.primerbrief.com\/?p=36735","title":{"rendered":"Juan Manuel Roa Lotta: \u201cLa \u2018bicicladora\u2019 naci\u00f3 en clase, pero podr\u00eda ayudar a los recicladores bogotanos\u201d"},"content":{"rendered":"<p><strong>(COLOMBIA) &#8211; El dise\u00f1o industrial no deja de encontrar soluciones \u00fatiles y bien pensadas a la vida de todos los d\u00edas. Si quer\u00e9s un ejemplo m\u00e1s, le\u00e9 este di\u00e1logo que nuestro redactor Javier Dondo mantuvo con uno de los dos estudiantes de la Universidad Nacional de Colombia que quiz\u00e1s termine ayudando a los recicladores \u2014tambi\u00e9n llamados cartoneros en otras zonas de Latinoam\u00e9rica\u2014 de su ciudad.<\/strong><\/p>\n<p><img loading=\"lazy\" decoding=\"async\" class=\"align left size-full\" src=\"http:\/\/www.primerbrief.com\/wp-content\/uploads\/2018\/06\/juanmanuel-johan-bicicladora-720px.png\" width=\"720\" height=\"598\"\/><br \/>\n<em>Juan Manuel Roa Lotta y Johan Contreras Rodr\u00edguez con su modelo a escala: \u201cNos pareci\u00f3 \u00fatil para ellos, porque no tendr\u00edan que cargar con su propio cuerpo lo que reciclan, sino con ayuda de la bicicleta\u201d. (Foto: Pamela L\u00f3pez\/Publimetro)<\/em><\/p>\n<p>&nbsp;<br \/>\n<img loading=\"lazy\" decoding=\"async\" class=\"alignleft size-full wp-image-4110\" style=\"margin: 0px 10px 0px 0px;\" src=\"http:\/\/www.primerbrief.com\/wp-content\/uploads\/2018\/06\/javierdondo-100x100px.jpg\" alt=\"\" width=\"100\" height=\"100\" \/><strong>POR <a href=\"http:\/\/www.primerbrief.com\/tag\/javier-dondo-argentina\/\" onclick=\"_gaq.push(['_trackEvent', 'outbound-article-int', 'http:\/\/www.primerbrief.com\/tag\/javier-dondo-argentina\/', 'JAVIER DONDO']);\"  target=\"_blank\">JAVIER DONDO<\/a><\/strong><br \/>\nEstudiante de Dise\u00f1o Gr\u00e1fico en la <a href=\"http:\/\/www.fadu.uba.ar\/categoria\/50-diseo-grfico\" onclick=\"_gaq.push(['_trackEvent', 'outbound-article', 'http:\/\/www.fadu.uba.ar\/categoria\/50-diseo-grfico', 'Universidad de Buenos Aires']);\"  target=\"_blank\">Universidad de Buenos Aires<\/a> y redactor de PB<br \/>\n<em>Especial para PB<\/em><\/p>\n<p>&nbsp;<br \/>\nEmpez\u00f3 como un proyecto de sal\u00f3n de clase y continu\u00f3 como una idea para los recicladores de la ciudad de Bogot\u00e1.<br \/>\nHace aproximadamente un a\u00f1o, a Juan Manuel Roa Lotta y Johan Contreras Rodr\u00edguez les dieron como tarea de la carrera de Dise\u00f1o Industrial en la Universidad Nacional de Bogot\u00e1 combinar una bicicleta con alguna otra necesidad. Luego de barajar diferentes posibilidades se fijaron en un reciclador y en c\u00f3mo una bicicleta podr\u00eda ayudar de gran manera a su trabajo.<br \/>\n\u201cNos pareci\u00f3 \u00fatil para ellos, porque no tendr\u00edan que cargar con su propio cuerpo lo que reciclan, sino con ayuda de la bicicleta \u2014cuenta Juan Manuel, de 22 a\u00f1os\u2014. La idea nos pareci\u00f3 buena y empezamos a trabajar\u201d.<br \/>\nEn PB tuvimos la posibilidad de charlar con \u00e9l para que nos contara un poco del proyecto.<\/p>\n<p><strong>\u2014\u00bfC\u00f3mo surgi\u00f3 la idea de unir la bicicleta con el reciclaje?<\/strong><br \/>\n\u2014De juntar el tema de la bicicleta con otro tema que no se haya tratado antes de manera sistem\u00e1tica. Un d\u00eda, con mi compa\u00f1ero, \u00edbamos caminando cerca de la universidad y vimos a un reciclador cargando con su propia fuerza en una \u201czorra\u201d, que es una carreta de madera, todo el reciclaje. Se ve\u00eda bastante esforzado, as\u00ed que dijimos \u00bfpor qu\u00e9 no juntamos la bicicleta con los recicladores? y nos pareci\u00f3 que ten\u00eda potencial la idea.<\/p>\n<p><strong>\u2014\u00bfQu\u00e9 cosas tuvieron en cuenta a la hora del dise\u00f1o?<\/strong><br \/>\n\u2014Las variables m\u00e1s importantes que ten\u00edamos que manejar era el peso, el volumen y los materiales de la carga que ellos llevaban. La usabilidad de nuestro veh\u00edculo deb\u00eda ser adecuada, porque no pod\u00edamos dise\u00f1ar una bicicleta demasiado pesada, ya que sobre ella tendr\u00edamos que colocar m\u00e1s carga, as\u00ed que eso fue lo primordial a la hora de pensar en el dise\u00f1o.<\/p>\n<p><img loading=\"lazy\" decoding=\"async\" class=\"align left size-full\" src=\"http:\/\/www.primerbrief.com\/wp-content\/uploads\/2018\/06\/bicicladoramodelo-720px.png\" width=\"720\" height=\"720\"\/><br \/>\n<em>El dise\u00f1o en su etapa boceto, a\u00fan sin ver la luz ni siquiera como modelo a escala.<\/em><\/p>\n<p>&nbsp;<br \/>\n<strong>\u2014\u00bfEn qu\u00e9 momento se dieron cuenta de que el proyecto pod\u00eda pasar a ser algo m\u00e1s que s\u00f3lo una tarea de clase?<\/strong><br \/>\n\u2014Casi al final, ya que el proyecto de la materia ten\u00eda que tener un sustento real y argumentos s\u00f3lidos, as\u00ed que planteamos una plataforma para que el servicio de reciclaje en la ciudad de Bogot\u00e1 fuera lo m\u00e1s concreto posible para el tiempo que ten\u00edamos. De esta manera pensamos en colocar la imagen institucional de la alcald\u00eda de turno, para contextualizar que nuestro proyecto va dirigido al distrito o a cualquier otro sistema de gobierno que lo quiera implementar.<\/p>\n<p><strong>\u2014Y ahora, \u00bfqu\u00e9 falta para que la \u201cbicicladora\u201d sea una realidad?<\/strong><br \/>\n\u2014Faltan tres cosas muy importantes. La primera es financiaci\u00f3n: con un adecuado presupuesto el proyecto podr\u00eda despegar de una manera eficaz. Lo segundo, desarrollar m\u00e1s la idea en t\u00e9rminos de los detalles del dise\u00f1o, ya que por el poco tiempo que tuvimos nos hizo falta profundizar en algunos detalles. Y lo tercero, la plataforma virtual sobre la cual pensamos implementar el servicio, ya que lo que pensamos fue que cualquier persona por medio de una aplicaci\u00f3n pueda solicitar este veh\u00edculo y entregarle todos los residuos reciclables a cambio de bonificaciones o descuentos de empresas particulares y del Estado, as\u00ed podemos establecer una relaci\u00f3n en la que las empresas, el Estado, los recicladores y nosotros los particulares podamos vernos beneficiados.<\/p>\n<p><img loading=\"lazy\" decoding=\"async\" class=\"align left size-full\" src=\"http:\/\/www.primerbrief.com\/wp-content\/uploads\/2018\/06\/bicladlorasola-720px.png\" width=\"720\" height=\"350\"\/><br \/>\n<em>Y finalmente el modelo, por supuesto a escala: \u00bfpodr\u00e1 concretarse la construcci\u00f3n a tama\u00f1o real y que al menos un reciclador bogotano vea facilitada su tarea diaria?<\/em><br \/>\n&nbsp;<br \/>\n&nbsp;<\/p>\n","protected":false},"excerpt":{"rendered":"<p>(COLOMBIA) &#8211; El dise\u00f1o industrial no deja de encontrar soluciones \u00fatiles y bien pensadas a la vida de todos los d\u00edas. Si quer\u00e9s un ejemplo m\u00e1s, le\u00e9 este di\u00e1logo que nuestro redactor Javier Dondo mantuvo con uno de los dos estudiantes de la Universidad Nacional de Colombia que quiz\u00e1s termine ayudando a los recicladores \u2014tambi\u00e9n llamados cartoneros en otras zonas [&hellip;]<\/p>\n","protected":false},"author":16,"featured_media":0,"comment_status":"open","ping_status":"open","sticky":false,"template":"","format":"standard","meta":{"footnotes":""},"categories":[1],"tags":[],"class_list":["post-36735","post","type-post","status-publish","format-standard","hentry","category-sin-categoria"],"_links":{"self":[{"href":"https:\/\/www.primerbrief.com\/index.php?rest_route=\/wp\/v2\/posts\/36735","targetHints":{"allow":["GET"]}}],"collection":[{"href":"https:\/\/www.primerbrief.com\/index.php?rest_route=\/wp\/v2\/posts"}],"about":[{"href":"https:\/\/www.primerbrief.com\/index.php?rest_route=\/wp\/v2\/types\/post"}],"author":[{"embeddable":true,"href":"https:\/\/www.primerbrief.com\/index.php?rest_route=\/wp\/v2\/users\/16"}],"replies":[{"embeddable":true,"href":"https:\/\/www.primerbrief.com\/index.php?rest_route=%2Fwp%2Fv2%2Fcomments&post=36735"}],"version-history":[{"count":4,"href":"https:\/\/www.primerbrief.com\/index.php?rest_route=\/wp\/v2\/posts\/36735\/revisions"}],"predecessor-version":[{"id":36792,"href":"https:\/\/www.primerbrief.com\/index.php?rest_route=\/wp\/v2\/posts\/36735\/revisions\/36792"}],"wp:attachment":[{"href":"https:\/\/www.primerbrief.com\/index.php?rest_route=%2Fwp%2Fv2%2Fmedia&parent=36735"}],"wp:term":[{"taxonomy":"category","embeddable":true,"href":"https:\/\/www.primerbrief.com\/index.php?rest_route=%2Fwp%2Fv2%2Fcategories&post=36735"},{"taxonomy":"post_tag","embeddable":true,"href":"https:\/\/www.primerbrief.com\/index.php?rest_route=%2Fwp%2Fv2%2Ftags&post=36735"}],"curies":[{"name":"wp","href":"https:\/\/api.w.org\/{rel}","templated":true}]}}