{"id":3696,"date":"2011-10-04T00:07:35","date_gmt":"2011-10-04T03:07:35","guid":{"rendered":"http:\/\/www.primerbrief.com\/?p=3696"},"modified":"2011-10-04T00:07:35","modified_gmt":"2011-10-04T03:07:35","slug":"la-ort-por-alvaro-dopico","status":"publish","type":"post","link":"https:\/\/www.primerbrief.com\/?p=3696","title":{"rendered":"&#8230; la ORT, por \u00c1lvaro Dopico"},"content":{"rendered":"<p><span style=\"font-size: 11pt\"><strong>(URUGUAY) &#8211; El recorrido de \u00c1lvaro Dopico es sorprendentemente regional: de estudiar en ORT Montevideo \u2014donde, adem\u00e1s, dio clases\u2014 y trabajar como director de cuentas en Y&#038;R Brands de ese pa\u00eds, su trabajo lo llev\u00f3 a ser director regional de cuentas en DDB Guatemala, director regional de negocios en BBDO Guatemala, director general de cuentas en Young &#038; Rubicam Brands Colombia y, desde el mes pasado, director de servicios al cliente de Grey M\u00e9xico. En esta breve nota recuerda sus comienzos y rinde homenaje al publicitario que m\u00e1s influy\u00f3 en el arranque de su carrera.<\/strong><\/span><\/p>\n<p><a href=\"http:\/\/www.primerbrief.com\/wp-content\/uploads\/2011\/10\/URU-AlvaroDopico-YoEstudieEn-GR.jpg\" onclick=\"_gaq.push(['_trackEvent', 'outbound-article-int', 'http:\/\/www.primerbrief.com\/wp-content\/uploads\/2011\/10\/URU-AlvaroDopico-YoEstudieEn-GR.jpg', '']);\" ><img loading=\"lazy\" decoding=\"async\" src=\"http:\/\/www.primerbrief.com\/wp-content\/uploads\/2011\/10\/URU-AlvaroDopico-YoEstudieEn-580px.jpg\" alt=\"\" title=\"URU-AlvaroDopico-YoEstudieEn-580px\" width=\"580\" height=\"366\" class=\"alignleft size-full wp-image-3698\" srcset=\"https:\/\/www.primerbrief.com\/wp-content\/uploads\/2011\/10\/URU-AlvaroDopico-YoEstudieEn-580px.jpg 580w, https:\/\/www.primerbrief.com\/wp-content\/uploads\/2011\/10\/URU-AlvaroDopico-YoEstudieEn-580px-300x189.jpg 300w\" sizes=\"auto, (max-width: 580px) 100vw, 580px\" \/><\/a><br \/>\n<em>Esperamos que el hecho de que hayamos tomado esta notable foto directamente de su Facebook no ofenda a Dopico&#8230; \u00a1ni lo haga pensar que estamos sugiriendo nada que relacione a la educaci\u00f3n con los l\u00edmites o las barreras!<\/em><\/p>\n<p>\u00abEl nombre real es Universidad ORT Uruguay: en ella curs\u00e9 la licenciatura en Comunicaci\u00f3n Publicitaria\u00bb.<\/p>\n<p>\u00abPara los que no saben, en Uruguay hay cuatro universidades donde uno puede cursar Publicidad; una p\u00fablica y tres privadas. La ORT es una de esas tres y al momento de hacer mi carera lo que puse en la balanza fue que quer\u00eda una universidad que me brindara tanto la posibilidad del marco te\u00f3rico como pr\u00e1ctico. Esta fue la raz\u00f3n, una vez que evalu\u00e9 los cuatro programas, por la que eleg\u00ed la ORT. Adem\u00e1s, ten\u00eda a todos los profesores que eran referentes publicitarios en ese momento, inclusive alguna leyenda uruguaya\u00bb.<\/p>\n<p>\u00abDe mis \u00e9pocas de estudiante, lo que m\u00e1s recuerdo son los profesores que hac\u00edan que las materias fueran incre\u00edbles, aquellos cuyas clases uno quer\u00eda que duraran m\u00e1s: Semi\u00f3tica, Arte y Est\u00e9tica del siglo XX, Narrativa (nunca le\u00ed tantos libros al mismo tiempo como para esa materia, y hasta el d\u00eda de hoy lo sigo haciendo), Producci\u00f3n Audiovisual y el taller de Publicidad, en el que si bien ya ten\u00eda claro que quer\u00eda ser publicitario, fue como el taller que defini\u00f3 qui\u00e9n soy. Ese lo daba Federico Lamaison, hoy un gran amigo. \u00c9l mismo me recomend\u00f3 para asistente de cuentas para mi primera agencia\u00bb.<\/p>\n<p>\u00abLa verdad es que siempre me pregunto lo mismo: si no hubiera estudiado, \u00bfd\u00f3nde estar\u00eda? Mi carrera me ha llevado a pa\u00edses muy diferentes, ha hecho que ya haga m\u00e1s de cinco a\u00f1os que estoy fuera de Uruguay y que, viniendo de un pa\u00eds de 3.500.000 habitantes, hoy trabaje para el mercado mexicano, donde son m\u00e1s de 110 millones. Me permiti\u00f3 conocer y vivir en Centroam\u00e9rica y en Colombia y descubrir pa\u00edses en los que jam\u00e1s hab\u00eda pensado estar. De verdad tom\u00e9 el camino correcto; si no, no s\u00e9 d\u00f3nde estar\u00eda\u00bb.<\/p>\n<p>\u00abPero lo m\u00e1s importante: me permiti\u00f3 conocer a personas incre\u00edbles, con una sensibilidad para la vida que me ha ense\u00f1ado mucho\u00bb.<\/p>\n<p>\u00abY esa misma universidad me permiti\u00f3 dar clases de Publicidad y Promoci\u00f3n en Marketing en la licenciatura en Gerencia y Administraci\u00f3n: fueron clases a futuros clientes, y eso \u00a1es mejor que dar clases a publicitarios!\u00bb.<\/p>\n","protected":false},"excerpt":{"rendered":"<p>(URUGUAY) &#8211; El recorrido de \u00c1lvaro Dopico es sorprendentemente regional: de estudiar en ORT Montevideo \u2014donde, adem\u00e1s, dio clases\u2014 y trabajar como director de cuentas en Y&#038;R Brands de ese pa\u00eds, su trabajo lo llev\u00f3 a ser director regional de cuentas en DDB Guatemala, director regional de negocios en BBDO Guatemala, director general de cuentas en Young &#038; Rubicam Brands [&hellip;]<\/p>\n","protected":false},"author":3,"featured_media":3697,"comment_status":"open","ping_status":"open","sticky":false,"template":"","format":"standard","meta":{"footnotes":""},"categories":[15],"tags":[489,492,491,495,490,488,31,493,494],"class_list":["post-3696","post","type-post","status-publish","format-standard","has-post-thumbnail","hentry","category-yo-estudie-en","tag-alvaro-dopico-uruguay","tag-bbdo-guatemala","tag-ddb-guatemala","tag-federico-lamaison-uruguay","tag-grey-mexico","tag-universidad-ort-uruguay","tag-uruguay","tag-young-rubicam-brands-colombia","tag-young-rubicam-brands-uruguay"],"_links":{"self":[{"href":"https:\/\/www.primerbrief.com\/index.php?rest_route=\/wp\/v2\/posts\/3696","targetHints":{"allow":["GET"]}}],"collection":[{"href":"https:\/\/www.primerbrief.com\/index.php?rest_route=\/wp\/v2\/posts"}],"about":[{"href":"https:\/\/www.primerbrief.com\/index.php?rest_route=\/wp\/v2\/types\/post"}],"author":[{"embeddable":true,"href":"https:\/\/www.primerbrief.com\/index.php?rest_route=\/wp\/v2\/users\/3"}],"replies":[{"embeddable":true,"href":"https:\/\/www.primerbrief.com\/index.php?rest_route=%2Fwp%2Fv2%2Fcomments&post=3696"}],"version-history":[{"count":1,"href":"https:\/\/www.primerbrief.com\/index.php?rest_route=\/wp\/v2\/posts\/3696\/revisions"}],"predecessor-version":[{"id":3700,"href":"https:\/\/www.primerbrief.com\/index.php?rest_route=\/wp\/v2\/posts\/3696\/revisions\/3700"}],"wp:featuredmedia":[{"embeddable":true,"href":"https:\/\/www.primerbrief.com\/index.php?rest_route=\/wp\/v2\/media\/3697"}],"wp:attachment":[{"href":"https:\/\/www.primerbrief.com\/index.php?rest_route=%2Fwp%2Fv2%2Fmedia&parent=3696"}],"wp:term":[{"taxonomy":"category","embeddable":true,"href":"https:\/\/www.primerbrief.com\/index.php?rest_route=%2Fwp%2Fv2%2Fcategories&post=3696"},{"taxonomy":"post_tag","embeddable":true,"href":"https:\/\/www.primerbrief.com\/index.php?rest_route=%2Fwp%2Fv2%2Ftags&post=3696"}],"curies":[{"name":"wp","href":"https:\/\/api.w.org\/{rel}","templated":true}]}}