{"id":37046,"date":"2019-04-08T16:37:14","date_gmt":"2019-04-08T19:37:14","guid":{"rendered":"http:\/\/www.primerbrief.com\/?p=37046"},"modified":"2019-04-08T16:45:48","modified_gmt":"2019-04-08T19:45:48","slug":"anita-rios-nueva-invitada-en-miami-ad-school-anotate-para-su-clase-abierta","status":"publish","type":"post","link":"https:\/\/www.primerbrief.com\/?p=37046","title":{"rendered":"Anita R\u00edos, nueva invitada en Miami Ad School: \u00a1anotate para su clase abierta!"},"content":{"rendered":"<p><span style=\"font-size: 11pt;\"><strong> (ARGENTINA) \u2014 Arranc\u00f3 en Young &#038; Rubicam, sigui\u00f3 en Del Campo, pas\u00f3 por Ponce y J. Walter Thompson y, finalmente, lleg\u00f3 a su propia agencia: Anita y Vega, abierta hace s\u00f3lo semanas junto al mism\u00edsimo Fernando Vega Olmos. El recorrido de la directora general creativa la llev\u00f3 a ser figura de la publicidad argentina moderna, y este viernes pod\u00e9s hacer que se cruce con el tuyo: segu\u00ed leyendo y guard\u00e1 tu lugar en un encuentro para sacarte las dudas sobre qu\u00e9 busca en los que ahora, hoy en d\u00eda, est\u00e1n arrancando como ella lo hizo.<\/strong><\/span><\/p>\n<p><img loading=\"lazy\" decoding=\"async\" src=\"http:\/\/www.primerbrief.com\/wp-content\/uploads\/2019\/04\/ARG-Anita-Rios-Miami-Ad-School-Industry-Heroes-720.png\" alt=\"\" width=\"720\" height=\"360\" class=\"alignleft size-full wp-image-37050\" srcset=\"https:\/\/www.primerbrief.com\/wp-content\/uploads\/2019\/04\/ARG-Anita-Rios-Miami-Ad-School-Industry-Heroes-720.png 720w, https:\/\/www.primerbrief.com\/wp-content\/uploads\/2019\/04\/ARG-Anita-Rios-Miami-Ad-School-Industry-Heroes-720-300x150.png 300w, https:\/\/www.primerbrief.com\/wp-content\/uploads\/2019\/04\/ARG-Anita-Rios-Miami-Ad-School-Industry-Heroes-720-480x240.png 480w\" sizes=\"auto, (max-width: 720px) 100vw, 720px\" \/><br \/>\n<em>Miami Ad School Buenos Aires ya confirm\u00f3 la nueva invitada para el viernes a la noche.<\/em><\/p>\n<p>Hace poquitos d\u00edas extend\u00edamos la invitaci\u00f3n a Industry Heroes, la materia de Miami Ad School Buenos Aires donde van a estar algunos de los nombres que aparecen en las fichas t\u00e9cnicas de las ideas que m\u00e1s te gustan. \u00bfPara contar c\u00f3mo las hicieron? Obvio, porque son las preguntas que siempre salen, pero sobre todo para que cuenten c\u00f3mo ven a las nuevas camadas de creativos y qu\u00e9 hace que digan \u201cme gusta su perfil, que entre a la agencia\u201d.<\/p>\n<p>El viernes pasado tuvo lugar la inauguraci\u00f3n con Seba Wilhelm como invitado (ya te vamos a contar c\u00f3mo estuvo eso, por si no pudiste ir), y la clase de esta semana contar\u00e1 con la participaci\u00f3n de Anita R\u00edos.<\/p>\n<p>Cuando termin\u00f3 sus estudios en la Universidad de Mor\u00f3n, sus inicios fueron en Young &#038; Rubicam, pero no en el \u00e1rea de creatividad: era la encargada de ir a los supermercados e informar si los productos de los clientes de Young estaban a la venta. No satisfecha con eso, empez\u00f3 a tirar avisos hasta que su paso a redactora fue innegable. De entonces en adelante fue movi\u00e9ndose y trabajando con campa\u00f1as cada vez m\u00e1s grandes hasta llegar a la m\u00e1s importante: la de su propia agencia, abierta este a\u00f1o.<\/p>\n<p>\u00bfYa se te ocurren preguntas para ella? Llevalas anotadas en el tel\u00e9fono a la clase de este viernes a las 19: <a href=\"https:\/\/www.facebook.com\/events\/837180843283360\/\" onclick=\"_gaq.push(['_trackEvent', 'outbound-article', 'https:\/\/www.facebook.com\/events\/837180843283360\/', 'ya te pod\u00e9s anotar gratis']);\"  rel=\"noopener\" target=\"_blank\">ya te pod\u00e9s anotar gratis<\/a>. Si encima te decimos que hay recepci\u00f3n con comida, seguro un amigo te va a agradecer que lo invites tambi\u00e9n.<\/p>\n<p>Mientras tanto, \u00bfrepasamos juntos algunos de los trabajos m\u00e1s destacados de Anita? <\/p>\n<p><iframe loading=\"lazy\" width=\"720\" height=\"405\" src=\"https:\/\/www.youtube.com\/embed\/JAOJEVWoUuI\" frameborder=\"0\" allow=\"accelerometer; autoplay; encrypted-media; gyroscope; picture-in-picture\" allowfullscreen><\/iframe><br \/>\n<em>\u00abTren fantasma\u00bb fue parte de la primera campa\u00f1a de Rexona Teens. \u00bfLa redactora? Anita R\u00edos.<\/em><\/p>\n<p><iframe loading=\"lazy\" width=\"720\" height=\"405\" src=\"https:\/\/www.youtube.com\/embed\/EpYdLQ86gOA\" frameborder=\"0\" allow=\"accelerometer; autoplay; encrypted-media; gyroscope; picture-in-picture\" allowfullscreen><\/iframe><br \/>\n<em>\u00abTiempos duros para el romanticismo\u00bb, hecha por Anita como directora creativa en Ponce, fue la campa\u00f1a con la que se relanz\u00f3 el desodorante corporal.<\/em><\/p>\n<p><iframe loading=\"lazy\" width=\"720\" height=\"405\" src=\"https:\/\/www.youtube.com\/embed\/_tYb0Y_4gaY\" frameborder=\"0\" allow=\"accelerometer; autoplay; encrypted-media; gyroscope; picture-in-picture\" allowfullscreen><\/iframe><br \/>\n<em>\u00abTu mam\u00e1 quiere algo que pod\u00e9s encontrar en Walmart\u00bb. As\u00ed lo mostraba Anita y el equipo de JWT para la marca l\u00edder de retail.<\/em><\/p>\n<p><iframe loading=\"lazy\" width=\"720\" height=\"405\" src=\"https:\/\/www.youtube.com\/embed\/RRZFlOK8gN4\" frameborder=\"0\" allow=\"accelerometer; autoplay; encrypted-media; gyroscope; picture-in-picture\" allowfullscreen><\/iframe><br \/>\n<em>\u00abMudanza\u00bb fue uno de los comerciales que Anita hizo para Savant como directora creativa en JWT Buenos Aires, demostrando que la comunicaci\u00f3n para productos farmac\u00e9uticos tiene su costado original y ganando un Le\u00f3n de Cannes en el proceso.<\/em><\/p>\n<p><a href=\"http:\/\/www.primerbrief.com\/wp-content\/uploads\/2019\/04\/ARG-Anita-y-Vega-Aviso-Diario-GR.png\" onclick=\"_gaq.push(['_trackEvent', 'outbound-article-int', 'http:\/\/www.primerbrief.com\/wp-content\/uploads\/2019\/04\/ARG-Anita-y-Vega-Aviso-Diario-GR.png', '']);\" target=\"_blank\"><img loading=\"lazy\" decoding=\"async\" align=\"left\" width=\"720\" src=\"http:\/\/www.primerbrief.com\/wp-content\/uploads\/2019\/04\/ARG-Anita-y-Vega-Aviso-Diario-720.png\" height=\"634\" \/><\/a><br \/>\n<em>El \u00faltimo 28 de febrero, Anita y Fernando Vega Olmos publicaron un aviso en los diarios m\u00e1s importantes de la Argentina. Hac\u00e9 clic para ver la pieza completa, junto al texto que invitaba al lector a participar en la construcci\u00f3n de su nueva agencia.<\/em><\/p>\n","protected":false},"excerpt":{"rendered":"<p>(ARGENTINA) \u2014 Arranc\u00f3 en Young &#038; Rubicam, sigui\u00f3 en Del Campo, pas\u00f3 por Ponce y J. Walter Thompson y, finalmente, lleg\u00f3 a su propia agencia: Anita y Vega, abierta hace s\u00f3lo semanas junto al mism\u00edsimo Fernando Vega Olmos. El recorrido de la directora general creativa la llev\u00f3 a ser figura de la publicidad argentina moderna, y este viernes pod\u00e9s hacer [&hellip;]<\/p>\n","protected":false},"author":16,"featured_media":37052,"comment_status":"open","ping_status":"open","sticky":false,"template":"","format":"standard","meta":{"footnotes":""},"categories":[1156],"tags":[5001,5002,26],"class_list":["post-37046","post","type-post","status-publish","format-standard","has-post-thumbnail","hentry","category-eventos","tag-anita-rios","tag-anita-y-vega","tag-argentina"],"_links":{"self":[{"href":"https:\/\/www.primerbrief.com\/index.php?rest_route=\/wp\/v2\/posts\/37046","targetHints":{"allow":["GET"]}}],"collection":[{"href":"https:\/\/www.primerbrief.com\/index.php?rest_route=\/wp\/v2\/posts"}],"about":[{"href":"https:\/\/www.primerbrief.com\/index.php?rest_route=\/wp\/v2\/types\/post"}],"author":[{"embeddable":true,"href":"https:\/\/www.primerbrief.com\/index.php?rest_route=\/wp\/v2\/users\/16"}],"replies":[{"embeddable":true,"href":"https:\/\/www.primerbrief.com\/index.php?rest_route=%2Fwp%2Fv2%2Fcomments&post=37046"}],"version-history":[{"count":9,"href":"https:\/\/www.primerbrief.com\/index.php?rest_route=\/wp\/v2\/posts\/37046\/revisions"}],"predecessor-version":[{"id":37079,"href":"https:\/\/www.primerbrief.com\/index.php?rest_route=\/wp\/v2\/posts\/37046\/revisions\/37079"}],"wp:featuredmedia":[{"embeddable":true,"href":"https:\/\/www.primerbrief.com\/index.php?rest_route=\/wp\/v2\/media\/37052"}],"wp:attachment":[{"href":"https:\/\/www.primerbrief.com\/index.php?rest_route=%2Fwp%2Fv2%2Fmedia&parent=37046"}],"wp:term":[{"taxonomy":"category","embeddable":true,"href":"https:\/\/www.primerbrief.com\/index.php?rest_route=%2Fwp%2Fv2%2Fcategories&post=37046"},{"taxonomy":"post_tag","embeddable":true,"href":"https:\/\/www.primerbrief.com\/index.php?rest_route=%2Fwp%2Fv2%2Ftags&post=37046"}],"curies":[{"name":"wp","href":"https:\/\/api.w.org\/{rel}","templated":true}]}}