{"id":37077,"date":"2019-04-30T03:59:54","date_gmt":"2019-04-30T06:59:54","guid":{"rendered":"http:\/\/www.primerbrief.com\/?p=37077"},"modified":"2019-05-01T17:25:15","modified_gmt":"2019-05-01T20:25:15","slug":"miami-ad-school-te-invita-a-charlar-con-maureen-hufnagel-directora-de-landia","status":"publish","type":"post","link":"https:\/\/www.primerbrief.com\/?p=37077","title":{"rendered":"Miami Ad School te invita a charlar con Maureen Hufnagel, directora de Landia"},"content":{"rendered":"<p><strong>(ARGENTINA) &#8211; De pensar comerciales a filmarlos, la creativa y realizadora gener\u00f3 hace poco m\u00e1s de diez a\u00f1os un cambio en su carrera que le permiti\u00f3 llevar todas sus habilidades a una nueva parte del proceso creativo. Si quer\u00e9s saber c\u00f3mo vivi\u00f3 la experiencia y qu\u00e9 te recomienda para tu propio camino, estamos de buenas: este viernes se presenta en una clase abierta a la que ya te pod\u00e9s inscribir. \u00a1Segu\u00ed leyendo y guard\u00e1 tu lugar!<\/strong><\/p>\n<p><a href=\"http:\/\/www.primerbrief.com\/wp-content\/uploads\/2019\/04\/ARG-Miami-Ad-School-Industry-Heroes-Maureen-Hufnagel-720px.jpg\" onclick=\"_gaq.push(['_trackEvent', 'outbound-article-int', 'http:\/\/www.primerbrief.com\/wp-content\/uploads\/2019\/04\/ARG-Miami-Ad-School-Industry-Heroes-Maureen-Hufnagel-720px.jpg', '']);\" target=\"_blank\"><img loading=\"lazy\" decoding=\"async\" align=\"left\" width=\"720\" src=\"http:\/\/www.primerbrief.com\/wp-content\/uploads\/2019\/04\/ARG-Miami-Ad-School-Industry-Heroes-Maureen-Hufnagel-720px.jpg\" height=\"634\" \/><\/a><br \/>\n<em>Maureen es la cuarta invitada del ciclo actual de la materia Industry Heroes.<\/em><\/p>\n<p>&nbsp;<br \/>\nNo es inusual saber de los proyectos paralelos de muchos creativos. Algunos escriben libros, otros se desenvuelven como actores en propuestas teatrales, muchos tienen bandas musicales de los estilos que te imagines y obviamente algunos desarrollan una faceta fotogr\u00e1fica. En el caso de Maureen Hufnagel, por ejemplo, su b\u00fasqueda la llev\u00f3 a ser elegida entre 27.000 fot\u00f3grafos del mundo como la <em>International Champion of the Absolut Lomo Competition<\/em>.<\/p>\n<p>Como si esto fuera poco, la inquietud fue creciendo y su trabajo como directora de arte empez\u00f3 a volcarse cada vez m\u00e1s sobre lo t\u00e9cnico, hasta que fue oficial: en 2008 se volvi\u00f3 directora de comerciales a tiempo completo y empez\u00f3 a dejar su estilo personal en incontables comerciales likeados por la gente y galardonados en festivales. <\/p>\n<p>\u00bfY por qu\u00e9 te estamos contando su historia? Por dos razones: primero para que te quedes tranquil@ si un proyecto a veces te distrae un poco de tu labor creativa principal: en una de esas termina enriqueci\u00e9ndolo y abri\u00e9ndote nuevos caminos. Y segundo, porque Maureen va a conversar, este viernes 3 de mayo en la sede argentina de Miami Ad School (Cr\u00e1mer 1570, Buenos Aires), con el periodista y docente Pancho Dondo y con todos los asistentes: s\u00ed, eso quiere decir que pod\u00e9s conocerla personalmente y hacerle las preguntas que quieras. <\/p>\n<p>And\u00e1 pensando absolutamente todas las dudas que te quer\u00e9s sacar junto a ella y llevalas a la clase. Obviamente, no olvides <a href=\"https:\/\/www.facebook.com\/events\/2264879673761111\/\" onclick=\"_gaq.push(['_trackEvent', 'outbound-article', 'https:\/\/www.facebook.com\/events\/2264879673761111\/', 'inscribirte gratis antes']);\"  rel=\"noopener\" target=\"_blank\">inscribirte gratis antes<\/a>. El plan es arrancar compartiendo una recepci\u00f3n con picada, antes de compartir a una clase magistral en el sal\u00f3n de la escuela. No ser\u00eda la primera vez que alguien pasa de algo a otra cosa tan c\u00f3modamente.<\/p>\n<p>Te dejamos, mientras tanto, con algunos de los mejores trabajos de Maureen. Cuesta elegir el m\u00e1s lindo, \u00bfno?<\/p>\n<p><iframe loading=\"lazy\" src=\"https:\/\/player.vimeo.com\/video\/278516413?portrait=0\" width=\"720\" height=\"405\" frameborder=\"0\" allow=\"autoplay; fullscreen\" allowfullscreen><\/iframe><br \/>\n<em>\u00abOpiniones\u00bb, dirigido para la agencia Don y su cliente Fibertel, gan\u00f3 el premio de L\u00e1piz de Plata. \u00bfLa directora? \u00a1Maureen!<\/em><\/p>\n<p><iframe loading=\"lazy\" src=\"https:\/\/player.vimeo.com\/video\/224661644?portrait=0\" width=\"720\" height=\"405\" frameborder=\"0\" allow=\"autoplay; fullscreen\" allowfullscreen><\/iframe><br \/>\n<em>Con un gui\u00f3n de la agencia JWT Buenos Aires, Maureen fue la encargada de producir un comercial con Ricardo Arjona de fondo. Complicado, pero \u00abSe\u00f1ora\u00bb fue un \u00e9xito total.<\/em><\/p>\n<p><iframe loading=\"lazy\" src=\"https:\/\/player.vimeo.com\/video\/220858910?portrait=0\" width=\"720\" height=\"405\" frameborder=\"0\" allow=\"autoplay; fullscreen\" allowfullscreen><\/iframe><br \/>\n<em>\u00abHerencia\u00bb, otro comercial de Maureen, gan\u00f3 un L\u00e1piz de Oro y fue finalista en Cannes Lions. Esos logros claramente no fueron accidente. <\/em><\/p>\n<p><iframe loading=\"lazy\" src=\"https:\/\/player.vimeo.com\/video\/330855733?portrait=0\" width=\"720\" height=\"405\" frameborder=\"0\" allow=\"autoplay; fullscreen\" allowfullscreen><\/iframe><br \/>\n<em>\u00abRespiraci\u00f3n post parto\u00bb, un trabajo reci\u00e9n estrenado de Maureen y la agencia BBDO Argentina, ya recibi\u00f3 buenos comentarios y seguro varios suspiros maternos.<\/em><\/p>\n<p>&nbsp;<br \/>\n&nbsp;<\/p>\n","protected":false},"excerpt":{"rendered":"<p>(ARGENTINA) &#8211; De pensar comerciales a filmarlos, la creativa y realizadora gener\u00f3 hace poco m\u00e1s de diez a\u00f1os un cambio en su carrera que le permiti\u00f3 llevar todas sus habilidades a una nueva parte del proceso creativo. Si quer\u00e9s saber c\u00f3mo vivi\u00f3 la experiencia y qu\u00e9 te recomienda para tu propio camino, estamos de buenas: este viernes se presenta en [&hellip;]<\/p>\n","protected":false},"author":16,"featured_media":37076,"comment_status":"open","ping_status":"open","sticky":false,"template":"","format":"standard","meta":{"footnotes":""},"categories":[1156],"tags":[],"class_list":["post-37077","post","type-post","status-publish","format-standard","has-post-thumbnail","hentry","category-eventos"],"_links":{"self":[{"href":"https:\/\/www.primerbrief.com\/index.php?rest_route=\/wp\/v2\/posts\/37077","targetHints":{"allow":["GET"]}}],"collection":[{"href":"https:\/\/www.primerbrief.com\/index.php?rest_route=\/wp\/v2\/posts"}],"about":[{"href":"https:\/\/www.primerbrief.com\/index.php?rest_route=\/wp\/v2\/types\/post"}],"author":[{"embeddable":true,"href":"https:\/\/www.primerbrief.com\/index.php?rest_route=\/wp\/v2\/users\/16"}],"replies":[{"embeddable":true,"href":"https:\/\/www.primerbrief.com\/index.php?rest_route=%2Fwp%2Fv2%2Fcomments&post=37077"}],"version-history":[{"count":7,"href":"https:\/\/www.primerbrief.com\/index.php?rest_route=\/wp\/v2\/posts\/37077\/revisions"}],"predecessor-version":[{"id":37086,"href":"https:\/\/www.primerbrief.com\/index.php?rest_route=\/wp\/v2\/posts\/37077\/revisions\/37086"}],"wp:featuredmedia":[{"embeddable":true,"href":"https:\/\/www.primerbrief.com\/index.php?rest_route=\/wp\/v2\/media\/37076"}],"wp:attachment":[{"href":"https:\/\/www.primerbrief.com\/index.php?rest_route=%2Fwp%2Fv2%2Fmedia&parent=37077"}],"wp:term":[{"taxonomy":"category","embeddable":true,"href":"https:\/\/www.primerbrief.com\/index.php?rest_route=%2Fwp%2Fv2%2Fcategories&post=37077"},{"taxonomy":"post_tag","embeddable":true,"href":"https:\/\/www.primerbrief.com\/index.php?rest_route=%2Fwp%2Fv2%2Ftags&post=37077"}],"curies":[{"name":"wp","href":"https:\/\/api.w.org\/{rel}","templated":true}]}}