{"id":37198,"date":"2019-06-17T14:05:36","date_gmt":"2019-06-17T17:05:36","guid":{"rendered":"http:\/\/www.primerbrief.com\/?p=37198"},"modified":"2019-06-17T16:17:38","modified_gmt":"2019-06-17T19:17:38","slug":"laura-garcia-el-dia-lo-he-disfrutado-un-monton-y-estoy-muy-emocionada-con-lo-que-viene","status":"publish","type":"post","link":"https:\/\/www.primerbrief.com\/?p=37198","title":{"rendered":"Laura Garc\u00eda: \u00abEl d\u00eda lo he disfrutado un mont\u00f3n y estoy muy emocionada con lo que viene\u00bb"},"content":{"rendered":"<p><span style=\"font-size: 11pt;\"><strong>(INTERNACIONAL) &#8211; Primeras impresiones de Cannes Lions 2019 de una de las latinas que est\u00e1 asistiendo a las clases de la Roger Hatchuel Academy.<\/strong><\/span><\/p>\n<p><a href=\"http:\/\/www.primerbrief.com\/wp-content\/uploads\/2019\/06\/LauraGarcia720x500.jpg\" onclick=\"_gaq.push(['_trackEvent', 'outbound-article-int', 'http:\/\/www.primerbrief.com\/wp-content\/uploads\/2019\/06\/LauraGarcia720x500.jpg', '']);\" ><img loading=\"lazy\" decoding=\"async\" src=\"http:\/\/www.primerbrief.com\/wp-content\/uploads\/2019\/06\/LauraGarcia720x500.jpg\" alt=\"\" width=\"720\" height=\"500\" target=\"_blank\" class=\"alignleft size-full wp-image-37154\" \/><\/a><br \/>\n<em>Laura Garc\u00eda, la espa\u00f1ola que est\u00e1 asistiendo a la Roger Hatchuel Academy este a\u00f1o en Cannes Lions.<\/em><\/p>\n<p>&nbsp;<br \/>\n<img loading=\"lazy\" decoding=\"async\" class=\"alignleft size-full wp-image-25792\" style=\"margin: 0px 10px 0px 0px;\" src=\"http:\/\/www.primerbrief.com\/wp-content\/uploads\/2011\/06\/staff-juliandondo-100x100px.jpg\" width=\"100\" height=\"100\" \/><strong>TEXTO POR <a href=\"http:\/\/www.primerbrief.com\/?tag=julian-dondo-argentina\" onclick=\"_gaq.push(['_trackEvent', 'outbound-article-int', 'http:\/\/www.primerbrief.com\/?tag=julian-dondo-argentina', 'JULI\u00c1N DONDO']);\"  target=\"_blank\" rel=\"noopener noreferrer\">JULI\u00c1N DONDO<\/a><\/strong><br \/>\n<em>Creativo y editor<\/em><\/p>\n<div align=\"left\">&#160;<\/div>\n<p>&nbsp;<br \/>\nUna de los seis latinos que est\u00e1n asistiendo a las clases de la Roger Hatchuel Academy esta edici\u00f3n de Cannes Lions es Laura Garc\u00eda; cuenta que su primera jornada fue cansadora por todas las sesiones que tuvieron durante el d\u00eda. \u00abTodas intensas e interesantes\u00bb, aclara, pero por sobre todo dice que est\u00e1 muy contenta y disfrutando mucho. Cuenta tambi\u00e9n que conoci\u00f3 al resto de sus compa\u00f1eros, que era una de las cosas que m\u00e1s le interesaba, y que espera poder seguir escuchando cosas interesantes de las charlas durante lo que resta de la semana.<\/p>\n<p>Una vez finalizado el d\u00eda, los dos encargados de las clases hicieron que los alumnos se sentaran formando un c\u00edrculo y que cada uno contara, para el resto de la clase, como hab\u00eda sido su d\u00eda y si hab\u00eda habido alguna sesi\u00f3n que les hubiera llamado la atenci\u00f3n por encima del resto y por qu\u00e9. La \u00faltima charla la dio el brasile\u00f1o Fernando Machado, que actualmente es el CMO de Burger King y es considerado el CMO m\u00e1s innovador del mundo.<br \/>\n&nbsp;<br \/>\n&nbsp;<\/p>\n","protected":false},"excerpt":{"rendered":"<p>(INTERNACIONAL) &#8211; Primeras impresiones de Cannes Lions 2019 de una de las latinas que est\u00e1 asistiendo a las clases de la Roger Hatchuel Academy. Laura Garc\u00eda, la espa\u00f1ola que est\u00e1 asistiendo a la Roger Hatchuel Academy este a\u00f1o en Cannes Lions. &nbsp; TEXTO POR JULI\u00c1N DONDO Creativo y editor &#160; &nbsp; Una de los seis latinos que est\u00e1n asistiendo a [&hellip;]<\/p>\n","protected":false},"author":18,"featured_media":37199,"comment_status":"open","ping_status":"open","sticky":false,"template":"","format":"standard","meta":{"footnotes":""},"categories":[4921],"tags":[1401,5000,5009,5021],"class_list":["post-37198","post","type-post","status-publish","format-standard","has-post-thumbnail","hentry","category-pbencanneslions","tag-cannes-lions","tag-cannes-lions-2019","tag-julian-dondo-argentina","tag-laura-garcia"],"_links":{"self":[{"href":"https:\/\/www.primerbrief.com\/index.php?rest_route=\/wp\/v2\/posts\/37198","targetHints":{"allow":["GET"]}}],"collection":[{"href":"https:\/\/www.primerbrief.com\/index.php?rest_route=\/wp\/v2\/posts"}],"about":[{"href":"https:\/\/www.primerbrief.com\/index.php?rest_route=\/wp\/v2\/types\/post"}],"author":[{"embeddable":true,"href":"https:\/\/www.primerbrief.com\/index.php?rest_route=\/wp\/v2\/users\/18"}],"replies":[{"embeddable":true,"href":"https:\/\/www.primerbrief.com\/index.php?rest_route=%2Fwp%2Fv2%2Fcomments&post=37198"}],"version-history":[{"count":3,"href":"https:\/\/www.primerbrief.com\/index.php?rest_route=\/wp\/v2\/posts\/37198\/revisions"}],"predecessor-version":[{"id":37202,"href":"https:\/\/www.primerbrief.com\/index.php?rest_route=\/wp\/v2\/posts\/37198\/revisions\/37202"}],"wp:featuredmedia":[{"embeddable":true,"href":"https:\/\/www.primerbrief.com\/index.php?rest_route=\/wp\/v2\/media\/37199"}],"wp:attachment":[{"href":"https:\/\/www.primerbrief.com\/index.php?rest_route=%2Fwp%2Fv2%2Fmedia&parent=37198"}],"wp:term":[{"taxonomy":"category","embeddable":true,"href":"https:\/\/www.primerbrief.com\/index.php?rest_route=%2Fwp%2Fv2%2Fcategories&post=37198"},{"taxonomy":"post_tag","embeddable":true,"href":"https:\/\/www.primerbrief.com\/index.php?rest_route=%2Fwp%2Fv2%2Ftags&post=37198"}],"curies":[{"name":"wp","href":"https:\/\/api.w.org\/{rel}","templated":true}]}}