{"id":37634,"date":"2020-06-08T03:59:03","date_gmt":"2020-06-08T06:59:03","guid":{"rendered":"http:\/\/www.primerbrief.com\/?p=37634"},"modified":"2020-06-10T14:33:46","modified_gmt":"2020-06-10T17:33:46","slug":"luciana-castro-presento-sus-dos-ebooks-sobre-creatividad","status":"publish","type":"post","link":"https:\/\/www.primerbrief.com\/?p=37634","title":{"rendered":"Luciana Castro present\u00f3 sus dos ebooks sobre creatividad"},"content":{"rendered":"<p><span style=\"font-size: 11pt\"><strong>(EEUU) \u2014 La redactora (con quien PRIMER BRIEF habl\u00f3 <a href=\"http:\/\/www.primerbrief.com\/?p=25431\" onclick=\"_gaq.push(['_trackEvent', 'outbound-article-int', 'http:\/\/www.primerbrief.com\/?p=25431', 'en 2014']);\"  rel=\"noopener\" target=\"_blank\">en 2014<\/a> y <a href=\"http:\/\/www.primerbrief.com\/?p=33434#.Xt29BJ4zY_U\" onclick=\"_gaq.push(['_trackEvent', 'outbound-article-int', 'http:\/\/www.primerbrief.com\/?p=33434#.Xt29BJ4zY_U', 'luego en 2016']);\"  rel=\"noopener\" target=\"_blank\">luego en 2016<\/a>)  combin\u00f3 su labor <em>freelance<\/em> con la inquietud de compartir sus conocimientos y experiencias para que m\u00e1s personas se animaran a pensar y hacer. \u00bfEl resultado? Dos materiales bibliogr\u00e1ficos sobre redacci\u00f3n creativa y creatividad en redes, temas muy importantes a saber en los tiempos que est\u00e1 viviendo el mundo. Como dicen que no hay dos sin tres, otra nota con ella era mandatoria. \u00a1Segu\u00ed leyendo para saber c\u00f3mo le dio forma a este nuevo proyecto!<\/strong><\/span><\/p>\n<p><img loading=\"lazy\" decoding=\"async\" src=\"http:\/\/www.primerbrief.com\/wp-content\/uploads\/2020\/06\/EEUU-Lu-Castro-Ebook-720.png\" alt=\"\" width=\"720\" height=\"405\" class=\"alignnone size-full wp-image-37636\" srcset=\"https:\/\/www.primerbrief.com\/wp-content\/uploads\/2020\/06\/EEUU-Lu-Castro-Ebook-720.png 720w, https:\/\/www.primerbrief.com\/wp-content\/uploads\/2020\/06\/EEUU-Lu-Castro-Ebook-720-300x169.png 300w, https:\/\/www.primerbrief.com\/wp-content\/uploads\/2020\/06\/EEUU-Lu-Castro-Ebook-720-427x240.png 427w\" sizes=\"auto, (max-width: 720px) 100vw, 720px\" \/><br \/>\n<em>Luciana dio forma final a sus libros durante la cuarentena.<\/em><\/p>\n<p>Mientras el mundo espera que el regreso a la calle sea totalmente seguro, los profesionales de la creatividad encontraron en sus casas un espacio de incubaci\u00f3n casi id\u00f3neo para sus ideas. Por suerte estas \u00faltimas no est\u00e1n limitadas por cuatro paredes o los metros cuadrados de una vivienda e incluso en el medio de una pandemia tienen la posibilidad de viajar y cruzar fronteras. Mucho m\u00e1s si se trata de hacer que nos comuniquemos mejor.<\/p>\n<p>Imposible no pensar en eso con el nuevo trabajo de Luciana Castro, a quien PRIMER BRIEF conoci\u00f3 por primera vez en Diente 2013. Aquella estudiante pas\u00f3 a ser Cyber Young Lion de Argentina en 2016, continu\u00f3 su trayecto profesional en M\u00e9xico y hoy en d\u00eda se encuentra trabajando de manera independiente en Miami. La situaci\u00f3n actual del mundo no fue un freno si no todo lo contrario: fue el momento de pisar el pedal con algo que ven\u00eda pensando y queriendo hacer. Lo que sigui\u00f3 es el motivo de la entrevista de hoy, \u00bfpero qui\u00e9n te dice que pronto no haya que tener otra m\u00e1s?<\/p>\n<p><strong>\u2014\u00bfC\u00f3mo surgi\u00f3 la idea de escribir los libros?<\/strong><br \/>\n\u2014La idea en s\u00ed empez\u00f3 siendo la de hacer cursos y fue mutando en el camino. No surgi\u00f3 como un \u201cvoy a hacer libros\u201d en s\u00ed. \u00a1Todav\u00eda me parece muy fuerte pensarlos as\u00ed! El a\u00f1o pasado cuando decid\u00ed finalmente que quer\u00eda ser freelance dije \u201cBueno, a ver qu\u00e9 me invento para trabajar\u201d. En eso hice una lista y puse \u201cDar cursos\u201d. Este a\u00f1o empec\u00e9 a darles forma, empec\u00e9 a dar personalizados de Comunicaci\u00f3n en Redes para Simples Mortales y de Redacci\u00f3n Creativa, porque mi intenci\u00f3n es llevar todo lo que aprend\u00ed en agencia estos a\u00f1os a personas que laburan en sus proyectos y pueden servirles estas herramientas; y porque creo que la creatividad es de todes y se puede usar a favor de lo que sea. En el medio del proyecto cay\u00f3 la pandemia y lo que ten\u00eda en mente quedaba muy grande para ofrecer en este momento, as\u00ed que pens\u00e9 en hacer algo m\u00e1s resumido que los cursos, pero que puedan servir igual para cualquier mortal que quisiera aprender o entender la creatividad, la redacci\u00f3n y las redes. As\u00ed que despu\u00e9s de unos d\u00edas de encierro, terminaron saliendo en forma de <em>e-books<\/em>.  <\/p>\n<p><strong>\u2014\u00bfY durante ese proceso hablaste de la idea con conocidos o te largaste por tu cuenta?<\/strong><br \/>\n\u2014Consult\u00e9 bastante con amigues, colegas, con internet y con la almohada. Despu\u00e9s de varias vueltas me mand\u00e9 a escribirlo sola y fueron unas cuantas semanas de horas silla muy lindas. Nerviosas pero lindas.<\/p>\n<p><strong>\u2014\u00bfDecidiste de entrada c\u00f3mo iban a ser o, como casi todo en creatividad, fue prueba y error?<\/strong><br \/>\n\u2014Opci\u00f3n dos. Por supuesto que fui aprendiendo todo en el camino, fue prueba, error, estr\u00e9s, alegr\u00eda, caf\u00e9, insomnio. Todo tuvo los mismos condimentos que en agencia, pero esta vez para cocinar algo m\u00edo. Eso fue muy lindo tambi\u00e9n. No ten\u00eda idea c\u00f3mo se hac\u00eda un <em>e-book<\/em>, menos uno que a la vez funcionara un poco de curso. As\u00ed que fui probando y ajustando todo el tiempo.<\/p>\n<p><strong>\u2014Una vez que estaba definido el contenido, \u00bfc\u00f3mo fue apareciendo el dise\u00f1o editorial para acompa\u00f1arlo? <\/strong><br \/>\n\u2014Por suerte trabajo y convivo con un dise\u00f1ador-dupla-socio-marido y \u00e9l fue bajando todo el contenido a medida casi que lo iba escribiendo.<\/p>\n<p><strong>-Cuando ya todo estaba escrito, chequeado, doble chequeado, dise\u00f1ado y probado, \u00bfc\u00f3mo fue el momento de dar click y liberar los libros para siempre en internet?<\/strong><br \/>\n-\u00a1Ansiedad, emoci\u00f3n y sue\u00f1o! Pero sobre todo felicidad porque encima los lanc\u00e9 el d\u00eda de mi cumplea\u00f1os, as\u00ed que fue mi auto regalo. Termin\u00e9 de mandar todos, me sent\u00e9 a festejar y a tomar vino. <\/p>\n<p><strong>\u2014\u00bfQu\u00e9 respuesta fueron teniendo hasta ahora de los lectores?<\/strong><br \/>\n\u2014Por suerte tuvo buena respuesta. Mucho mejor de lo que esperaba. El mayor miedo era estar escribiendo algo y que no guste, que no sirva, que no se entienda, que no produzca nada. De todas maneras, antes de lanzarlos teste\u00e9 el contenido con personas de diferentes palos para chequear que sea digerible, que sea de utilidad y que no tenga ninguna falta. Igualmente s\u00e9 que se pueden mejorar siempre, as\u00ed que ya estoy trabajando en ajustes y nueva informaci\u00f3n para hacer una reedici\u00f3n. La mejor parte es que como el material se comparte en un Drive. \u00a1los que ya me compraron pueden recibir la actualizaci\u00f3n sin problema!<\/p>\n<p><strong>-La pregunta m\u00e1s importante: \u00bfc\u00f3mo podemos comprar los libros?<\/strong><br \/>\n-Me pueden escribir a <a href=\"mailto:holaluchines@gmail.com\" onclick=\"_gaq.push(['_trackEvent','mailto','holaluchines@gmail.com']);\" >holaluchines@gmail.com<\/a> o mandarme mensaje en <a href=\"https:\/\/www.instagram.com\/luchiines\/\" onclick=\"_gaq.push(['_trackEvent', 'outbound-article', 'https:\/\/www.instagram.com\/luchiines\/', '@luchiines']);\"  rel=\"noopener\" target=\"_blank\">@luchiines<\/a>, \u00a1y seguirme si quieren!<\/p>\n<p>&nbsp;<br \/>\n&nbsp;<\/p>\n","protected":false},"excerpt":{"rendered":"<p>(EEUU) \u2014 La redactora (con quien PRIMER BRIEF habl\u00f3 en 2014 y luego en 2016) combin\u00f3 su labor freelance con la inquietud de compartir sus conocimientos y experiencias para que m\u00e1s personas se animaran a pensar y hacer. \u00bfEl resultado? Dos materiales bibliogr\u00e1ficos sobre redacci\u00f3n creativa y creatividad en redes, temas muy importantes a saber en los tiempos que est\u00e1 [&hellip;]<\/p>\n","protected":false},"author":16,"featured_media":37637,"comment_status":"open","ping_status":"open","sticky":false,"template":"","format":"standard","meta":{"footnotes":""},"categories":[1048],"tags":[5055,3416],"class_list":["post-37634","post","type-post","status-publish","format-standard","has-post-thumbnail","hentry","category-ad-tools","tag-eeuu","tag-luciana-castro-argentina"],"_links":{"self":[{"href":"https:\/\/www.primerbrief.com\/index.php?rest_route=\/wp\/v2\/posts\/37634","targetHints":{"allow":["GET"]}}],"collection":[{"href":"https:\/\/www.primerbrief.com\/index.php?rest_route=\/wp\/v2\/posts"}],"about":[{"href":"https:\/\/www.primerbrief.com\/index.php?rest_route=\/wp\/v2\/types\/post"}],"author":[{"embeddable":true,"href":"https:\/\/www.primerbrief.com\/index.php?rest_route=\/wp\/v2\/users\/16"}],"replies":[{"embeddable":true,"href":"https:\/\/www.primerbrief.com\/index.php?rest_route=%2Fwp%2Fv2%2Fcomments&post=37634"}],"version-history":[{"count":7,"href":"https:\/\/www.primerbrief.com\/index.php?rest_route=\/wp\/v2\/posts\/37634\/revisions"}],"predecessor-version":[{"id":37647,"href":"https:\/\/www.primerbrief.com\/index.php?rest_route=\/wp\/v2\/posts\/37634\/revisions\/37647"}],"wp:featuredmedia":[{"embeddable":true,"href":"https:\/\/www.primerbrief.com\/index.php?rest_route=\/wp\/v2\/media\/37637"}],"wp:attachment":[{"href":"https:\/\/www.primerbrief.com\/index.php?rest_route=%2Fwp%2Fv2%2Fmedia&parent=37634"}],"wp:term":[{"taxonomy":"category","embeddable":true,"href":"https:\/\/www.primerbrief.com\/index.php?rest_route=%2Fwp%2Fv2%2Fcategories&post=37634"},{"taxonomy":"post_tag","embeddable":true,"href":"https:\/\/www.primerbrief.com\/index.php?rest_route=%2Fwp%2Fv2%2Ftags&post=37634"}],"curies":[{"name":"wp","href":"https:\/\/api.w.org\/{rel}","templated":true}]}}