{"id":37753,"date":"2020-09-23T03:59:22","date_gmt":"2020-09-23T06:59:22","guid":{"rendered":"http:\/\/www.primerbrief.com\/?p=37753"},"modified":"2020-09-28T16:10:28","modified_gmt":"2020-09-28T19:10:28","slug":"the-pub-school-la-primer-escuela-creativa-de-ecuador-abre-inscripciones-apostamos-por-el-talento-y-queremos-ser-parte-de-la-nueva-generacion-de-creativos","status":"publish","type":"post","link":"https:\/\/www.primerbrief.com\/?p=37753","title":{"rendered":"Abre The Pub School, la primer escuela creativa de Ecuador: \u00abApostamos por el talento y queremos ser parte de la nueva generaci\u00f3n de creativos\u00bb"},"content":{"rendered":"<p><span style=\"font-size: 11pt\"><strong> (ECUADOR) \u2014 El proyecto educativo liderado por los profesionales Andrea Salcedo y Lupas Celis, junto a un equipo incre\u00edble de docentes, ya se encuentra en marcha y convocando estudiantes deseosos de participar en su curso All In, del cual se llevar\u00e1n herramientas para encontrar ideas y explotarlas al m\u00e1ximo. \u00a1Segu\u00ed leyendo para conocer m\u00e1s sobre sus fundadores y todo lo que est\u00e1n preparando!<\/strong><\/span><\/p>\n<p><img loading=\"lazy\" decoding=\"async\" src=\"http:\/\/www.primerbrief.com\/wp-content\/uploads\/2020\/09\/Untitled-1.png\" alt=\"\" width=\"720\" height=\"405\" class=\"alignleft size-full wp-image-37755\" srcset=\"https:\/\/www.primerbrief.com\/wp-content\/uploads\/2020\/09\/Untitled-1.png 720w, https:\/\/www.primerbrief.com\/wp-content\/uploads\/2020\/09\/Untitled-1-300x169.png 300w, https:\/\/www.primerbrief.com\/wp-content\/uploads\/2020\/09\/Untitled-1-427x240.png 427w\" sizes=\"auto, (max-width: 720px) 100vw, 720px\" \/><br \/>\n<em><\/em><br \/>\n<em>En palabras de sus fundadores, The Pub School llega para \u00abguiar a los estudiantes a trav\u00e9s de un proceso en el que culminen el programa con un prop\u00f3sito, un proyecto o una iniciativa, donde la escuela sea ese puente que les brinde las herramientas para hacerlas realidad\u00bb.<\/em><\/p>\n<p>&nbsp;<br \/>\n\u00bfPodemos decir que en los \u00faltimos seis meses hemos usado los servicios de mensajer\u00eda online m\u00e1s que nunca en la historia? Es muy probable que s\u00ed, con una infinidad de temas de conversaciones a lo largo de las aplicaciones y p\u00e1ginas que se te ocurran. Y de ese abanico inmenso, en una conversaci\u00f3n de Facebook Messenger, dos profesionales del marketing en Ecuador eligieron comenzar de c\u00f3mo unir el talento creativo que se encuentra por todo el planeta con el talento joven ecuatoriano. As\u00ed comenz\u00f3 The Pub School.<\/p>\n<p>Esas personas son Andrea Salcedo, gerenta de marketing en Grupo Induauto para MG Motors y Audi en Ecuador, y Lupas Celis, director general creativo en Garwich BBDO Ecuador, quienes decidieron tomar lo mejor de su experiencia en escuelas creativas de otros pa\u00edses para crear una en Ecuador, pa\u00eds que no contaba con una a pesar de ser una plaza cada vez m\u00e1s destacada en la creatividad para marcas. Junto a profesores que trabajan en agencias como Alma DDB Miami, David Madrid y Sancho BBDO, su objetivo es demostrar que c\u00f3mo encontrar grandes ideas y hacerlas realidad.<\/p>\n<p><strong>PRIMER BRIEF: Muchas personas no se animar\u00edan a abrir una escuela ahora, otras posiblemente s\u00ed, y ustedes efectivamente lo est\u00e1n haciendo. \u00bfPor qu\u00e9 creen que este es el momento para crear The Pub School? <\/strong><br \/>\n<strong>Lupas Celis: <\/strong>La verdad, con Andrea nos lanzamos con un mont\u00f3n de dudas sobre el momento. Nosotros no nos conoc\u00edamos, todo se estaba llevando por Zoom, no exist\u00eda una escuela en el pa\u00eds como para tener una base\u2026Se puede decir que eran m\u00e1s los contras que los pros, pero sentimos que The Pub School estaba en la mente de muchas personas, seguro con diferente nombre o filosof\u00eda; algunos queriendo abrirla y otros queriendo entrar, y justamente eso ha hecho que comunidades, agencias, universidades, directores y estudiantes se est\u00e9n uniendo a la causa y la apoyen. Seguramente la industria estaba esperando este tipo de espacio y por el momento estamos muy ansiosos, nerviosos, contentos y agradecidos con todas las personas que nos est\u00e1n apoyando para que el proyecto siga creciendo<br \/>\n<strong>Andrea Salcedo:<\/strong> Creo que depende de c\u00f3mo lo veas. La creatividad existe justamente para salir a buscar soluciones en momentos de crisis. En este caso apostamos por el talento y queremos ser parte de la nueva generaci\u00f3n de creativos que vienen a buscar soluciones a problemas reales, dejando su marquita en el mundo: la nuestra es The Pub School. Como dice Lupas, sent\u00edamos que hab\u00eda un vac\u00edo, y si nosotros podemos llenarlo, \u00a1pues ah\u00ed vamos! <\/p>\n<p><strong>PB: Lupas, no es tu primera experiencia con lo educativo, ya que fuiste docente anteriormente docentes. \u00bfQu\u00e9 es lo que m\u00e1s disfrut\u00e1s de ese lugar?<\/strong><br \/>\n<strong>LC: <\/strong>Acompa\u00f1ar a las personas a ser parte de su historia es algo que me motiva. Cuando estaba en Brother Colombia hicimos muchos concursos para dar becas o medias becas, y muchas de estas iniciativas me llevaron a conocer estudiantes dignos de admirar por el esfuerzo que ten\u00edan o por el sacrificio extra; Despu\u00e9s de verlos ganar en Cannes o salir del pa\u00eds a agencias como David o Lola es muy gratificante. <\/p>\n<p><strong>PB: Su primer programa educativo, llamado All In, combinar\u00e1 no solo conceptualizaci\u00f3n y creatividad sino tambi\u00e9n Planeaci\u00f3n e Innovaci\u00f3n. \u00bfPor qu\u00e9 hoy en d\u00eda un creativo deber\u00eda manejar todas esas habilidades?<\/strong><br \/>\n<strong>AS:<\/strong> Te lo digo desde el lado del Marketing, yo me considero creativa si me lo preguntas, pero mi talento est\u00e1 m\u00e1s en la estrategia y la evaluaci\u00f3n del mercado. Un verdadero creativo debe tenerlo todo, saber observar, evaluar, planificar, proponer y ejecutar. Esperamos que este programa no solo complete conocimientos, sino que motive, que te inyecte las ganas de salir a hacer cosas grandes.<br \/>\n<strong>LC:<\/strong> Hace poco hablaba con un amigo chileno, quien fue el a\u00f1o pasado el mejor <em>copy <\/em>del pa\u00eds en un ranking local, y me comentaba que ahora est\u00e1 en el lado de cliente para tener el conocimiento de todo. \u00c9l hace gr\u00e1fica tambi\u00e9n y c\u00f3mo se dice en Colombia es muy bueno conocer todo para que no le vean la cara o \u201cmeter los dedos a la boca\u201d.<br \/>\nPor mi lado siento que es bueno especializarse en una sola cosa, pero tambi\u00e9n saber de todo un poco. Adem\u00e1s tenemos que recordar que al final uno es publicista para las marcas, pero creativo para la vida.<\/p>\n<p><strong>PB: \u00bfQu\u00e9 les gustar\u00eda generar desde la escuela en la creatividad de Ecuador y, por qu\u00e9 no, del mundo?<\/strong><br \/>\n<strong>AS:<\/strong> \u00a1Movimiento! \u00bfDe qu\u00e9 sirve que te llene de ideas, herramientas y contactos si no te mueves a crear cosas incre\u00edbles que van a aportar a nuestra sociedad y con objetivos altos, el mundo?<br \/>\n<strong>LC:<\/strong> Historias. El pensamiento de la escuelita es ense\u00f1arle a los estudiantes a creer en ese lugar en donde quieren estar, en la tarima de un festival, como due\u00f1o de una escuela creativa, en otro pa\u00eds, directores creativos, lo que quieran lograr: nosotros queremos ser parte de ese proceso.<\/p>\n<p>Pod\u00e9s encontrar m\u00e1s informaci\u00f3n sobre The Pub School en <a href=\"https:\/\/www.thepubschool.com\/\" onclick=\"_gaq.push(['_trackEvent', 'outbound-article', 'https:\/\/www.thepubschool.com\/', 'su p\u00e1gina web']);\"  rel=\"noopener\" target=\"_blank\">su p\u00e1gina web<\/a>, y perfiles de <a href=\"https:\/\/www.instagram.com\/thepubschool\/\" onclick=\"_gaq.push(['_trackEvent', 'outbound-article', 'https:\/\/www.instagram.com\/thepubschool\/', 'Instagram']);\"  rel=\"noopener\" target=\"_blank\">Instagram<\/a> y <a href=\"https:\/\/www.facebook.com\/thepubschool\/\" onclick=\"_gaq.push(['_trackEvent', 'outbound-article', 'https:\/\/www.facebook.com\/thepubschool\/', 'Facebook']);\" >Facebook<\/a>. <\/p>\n<p>&nbsp;<a href=\"https:\/\/www.facebook.com\/thepubschool\" onclick=\"_gaq.push(['_trackEvent', 'outbound-article', 'https:\/\/www.facebook.com\/thepubschool', '&nbsp;']);\"  rel=\"noopener\" target=\"_blank\">&nbsp;<\/a><\/p>\n","protected":false},"excerpt":{"rendered":"<p>(ECUADOR) \u2014 El proyecto educativo liderado por los profesionales Andrea Salcedo y Lupas Celis, junto a un equipo incre\u00edble de docentes, ya se encuentra en marcha y convocando estudiantes deseosos de participar en su curso All In, del cual se llevar\u00e1n herramientas para encontrar ideas y explotarlas al m\u00e1ximo. \u00a1Segu\u00ed leyendo para conocer m\u00e1s sobre sus fundadores y todo lo [&hellip;]<\/p>\n","protected":false},"author":16,"featured_media":37754,"comment_status":"open","ping_status":"open","sticky":false,"template":"","format":"standard","meta":{"footnotes":""},"categories":[5],"tags":[5073,529,5072,5071],"class_list":["post-37753","post","type-post","status-publish","format-standard","has-post-thumbnail","hentry","category-lugares-de-estudio","tag-andrea-salcedo-ecuador","tag-ecuador","tag-lupas-celis-ecuador","tag-the-pub-school"],"_links":{"self":[{"href":"https:\/\/www.primerbrief.com\/index.php?rest_route=\/wp\/v2\/posts\/37753","targetHints":{"allow":["GET"]}}],"collection":[{"href":"https:\/\/www.primerbrief.com\/index.php?rest_route=\/wp\/v2\/posts"}],"about":[{"href":"https:\/\/www.primerbrief.com\/index.php?rest_route=\/wp\/v2\/types\/post"}],"author":[{"embeddable":true,"href":"https:\/\/www.primerbrief.com\/index.php?rest_route=\/wp\/v2\/users\/16"}],"replies":[{"embeddable":true,"href":"https:\/\/www.primerbrief.com\/index.php?rest_route=%2Fwp%2Fv2%2Fcomments&post=37753"}],"version-history":[{"count":7,"href":"https:\/\/www.primerbrief.com\/index.php?rest_route=\/wp\/v2\/posts\/37753\/revisions"}],"predecessor-version":[{"id":37764,"href":"https:\/\/www.primerbrief.com\/index.php?rest_route=\/wp\/v2\/posts\/37753\/revisions\/37764"}],"wp:featuredmedia":[{"embeddable":true,"href":"https:\/\/www.primerbrief.com\/index.php?rest_route=\/wp\/v2\/media\/37754"}],"wp:attachment":[{"href":"https:\/\/www.primerbrief.com\/index.php?rest_route=%2Fwp%2Fv2%2Fmedia&parent=37753"}],"wp:term":[{"taxonomy":"category","embeddable":true,"href":"https:\/\/www.primerbrief.com\/index.php?rest_route=%2Fwp%2Fv2%2Fcategories&post=37753"},{"taxonomy":"post_tag","embeddable":true,"href":"https:\/\/www.primerbrief.com\/index.php?rest_route=%2Fwp%2Fv2%2Ftags&post=37753"}],"curies":[{"name":"wp","href":"https:\/\/api.w.org\/{rel}","templated":true}]}}