{"id":37915,"date":"2020-11-30T03:59:10","date_gmt":"2020-11-30T06:59:10","guid":{"rendered":"http:\/\/www.primerbrief.com\/?p=37915"},"modified":"2020-11-30T01:41:26","modified_gmt":"2020-11-30T04:41:26","slug":"los-estudiantes-detras-de-la-identidad-visual-de-diente-2020-gracias-a-este-proyecto-somos-mejores-en-lo-que-nos-encanta-hacer","status":"publish","type":"post","link":"https:\/\/www.primerbrief.com\/?p=37915","title":{"rendered":"Los estudiantes detr\u00e1s de la identidad visual de Diente 2020: \u201cGracias a este proyecto somos mejores en lo que nos encanta hacer\u201d"},"content":{"rendered":"<p><span style=\"font-size: 11pt\"><strong>(ARGENTINA) \u2013 Mart\u00edn Diaz y Tomas Mayora, estudiantes en la escuela de creativos Brother Buenos Aires, resultaron ganadores en el concurso organizado por el C\u00edrculo de Creativos Argentinos, donde deb\u00edan proponer su visi\u00f3n para el <em>key visual<\/em> y las piezas acompa\u00f1antes para la nueva edici\u00f3n del premio a la creatividad argentina. Lo que sigui\u00f3 fue la producci\u00f3n a nivel profesional de sus ideas, que ya pueden verse en redes y ser\u00e1n protagonistas en el <em>streaming <\/em> del evento este martes 1\u00b0 de diciembre. \u00a1Segu\u00ed leyendo para leer (y ver) qu\u00e9 estuvieron armando!<\/strong><\/span><\/p>\n<p><img loading=\"lazy\" decoding=\"async\" src=\"http:\/\/www.primerbrief.com\/wp-content\/uploads\/2020\/11\/ARG-Mart\u00edn-Diaz-Tomas-Mayora-Diente-1.png\" alt=\"\" width=\"720\" height=\"405\" class=\"alignleft size-full wp-image-37917\" srcset=\"https:\/\/www.primerbrief.com\/wp-content\/uploads\/2020\/11\/ARG-Mart\u00edn-Diaz-Tomas-Mayora-Diente-1.png 720w, https:\/\/www.primerbrief.com\/wp-content\/uploads\/2020\/11\/ARG-Mart\u00edn-Diaz-Tomas-Mayora-Diente-1-300x169.png 300w, https:\/\/www.primerbrief.com\/wp-content\/uploads\/2020\/11\/ARG-Mart\u00edn-Diaz-Tomas-Mayora-Diente-1-427x240.png 427w\" sizes=\"auto, (max-width: 720px) 100vw, 720px\" \/><br \/>\n<em>Tom\u00e1s y Mart\u00edn, los ganadores del concurso del CCA para crear las visuales de Diente 2020. (Foto:\/TM\/MD)<\/em><\/p>\n<p>El fin de a\u00f1o trae inevitablemente evaluaciones de los \u00faltimos trecientos y pico d\u00edas. Para algunos ser\u00e1 f\u00e1cil, para otros m\u00e1s dif\u00edcil, pero para todos es imposible no hacerlo. Y si Diente se lleva a cabo a fin de a\u00f1o, \u00bfc\u00f3mo no va a estar marcado por eso? Desde la celebraci\u00f3n a las mejores ideas del pa\u00eds, las conclusiones de sus jurados, e incluso su intercambiable identidad visual.<\/p>\n<p>Para representar en ella lo que fue este 2020, el C\u00edrculo de Creativos Argentinos convoc\u00f3 nuevamente a sus socios estudiantes a conceptualizarla y dar los primeros pasos en su desarrollo. El jurado encargado para evaluar las propuestas estuvo conformado por Mariano Jeger, vicepresidente y executive creative director de R\/GA Latam; Rosario Mu\u00f1oz, <em>head of design<\/em> en Gut Buenos Aires; Diego Grandi, <em>head of art<\/em> en WeBelievers; y Mercedes Tiagonce, directora creativa <em>freelance<\/em>. Finalmente, el trabajo de Mart\u00edn Diaz y Tomas Mayora, estudiantes de Brother Buenos Aires, fue elegido para ser desarrollado hasta el final junto a profesionales del campo visual y creativo.<\/p>\n<p><strong>PRIMER BRIEF: \u00bfCu\u00e1ndo lleg\u00f3 la invitaci\u00f3n para encarar este trabajo y por qu\u00e9 decidieron hacerlo?<\/strong><br \/>\n<strong>Mart\u00edn D\u00edaz:<\/strong> La decisi\u00f3n se tom\u00f3 en parte por las ganas de hacer algo distinto, nos emocionaba mucho el proyecto y tambi\u00e9n valoramos mucho haber tenido la oportunidad de participar. La propuesta estaba muy ligada a lo que nos obsesiona , sab\u00edamos que este a\u00f1o ten\u00edamos que presentar algo con herramientas revolucionarias, involucrando filtros y dise\u00f1os en 3D. Algo que pueda ser m\u00e1s tangible en la nueva modalidad de la producci\u00f3n de un evento que se hace v\u00eda Streaming.<br \/>\n<strong>Tom\u00e1s Mayora:<\/strong> En el momento no pensamos tanto en posibilidad de ganar, pero invertimos muchas horas en el proyecto tanto en el dise\u00f1o como en la idea. Al final nos quedamos muy contentos con el resultado.<\/p>\n<p><img loading=\"lazy\" decoding=\"async\" src=\"http:\/\/www.primerbrief.com\/wp-content\/uploads\/2020\/11\/ARG-Mart\u00edn-Diaz-Tomas-Mayora-Diente-2.png\" alt=\"\" width=\"720\" height=\"720\" class=\"alignleft size-full wp-image-37919\" srcset=\"https:\/\/www.primerbrief.com\/wp-content\/uploads\/2020\/11\/ARG-Mart\u00edn-Diaz-Tomas-Mayora-Diente-2.png 720w, https:\/\/www.primerbrief.com\/wp-content\/uploads\/2020\/11\/ARG-Mart\u00edn-Diaz-Tomas-Mayora-Diente-2-150x150.png 150w, https:\/\/www.primerbrief.com\/wp-content\/uploads\/2020\/11\/ARG-Mart\u00edn-Diaz-Tomas-Mayora-Diente-2-300x300.png 300w, https:\/\/www.primerbrief.com\/wp-content\/uploads\/2020\/11\/ARG-Mart\u00edn-Diaz-Tomas-Mayora-Diente-2-120x120.png 120w, https:\/\/www.primerbrief.com\/wp-content\/uploads\/2020\/11\/ARG-Mart\u00edn-Diaz-Tomas-Mayora-Diente-2-500x500.png 500w, https:\/\/www.primerbrief.com\/wp-content\/uploads\/2020\/11\/ARG-Mart\u00edn-Diaz-Tomas-Mayora-Diente-2-320x320.png 320w, https:\/\/www.primerbrief.com\/wp-content\/uploads\/2020\/11\/ARG-Mart\u00edn-Diaz-Tomas-Mayora-Diente-2-240x240.png 240w\" sizes=\"auto, (max-width: 720px) 100vw, 720px\" \/><br \/>\n<em>El moodboard hecho por Tom\u00e1s y Mart\u00edn para contar c\u00f3mo imaginaban sus ideas para el concurso.<\/em> <\/p>\n<p><strong>PB: \u00bfY c\u00f3mo fue su proceso para desarrollarlo desde el primer hasta el \u00faltimo momento?<\/strong><br \/>\n<strong>TM:<\/strong> El proceso creativo tuvo sus idas y vueltas, como siempre nuestra mente ambiciosa quer\u00eda llegar a lugares inimaginables, y por esto nos referimos en grandes artistas como Felipe Pantone: atrapamos su est\u00e9tica de glitches, el vidrio y el reflejo. Por otro lado tambi\u00e9n buscamos piezas limpias que se puedan romper&#8230;Eso nos fue posible gracias a la ayuda que nos brind\u00f3 Jos\u00e9 Rosso, gerente general del CCCA, con la gran incorporaci\u00f3n de Marcelo Quinzio, <em>design director<\/em> en R\/GA Buenos Aires. \u00c9l nos gui\u00f3 al camino futurista que nos dirigimos, aportando una visi\u00f3n m\u00e1s exacta y nuevas referencias.<br \/>\n<strong>MD:<\/strong> Una vez que se tomo la decisi\u00f3n final, nos concentramos en las fechas y plazos pautados, desde nuestras casas la organizaci\u00f3n fue clave para cumplir con estos objetivos.<\/p>\n<p><strong>PB: \u00bfC\u00f3mo se siente ver lo que hicieron plasmado en redes y pr\u00f3ximamente en el mismo Diente?<\/strong><br \/>\n<strong>TM:<\/strong> La verdad algo muy reconfortante y motivador como creativos, algo que arrancamos laburando entre nosotros dos por videollamada termin\u00f3 siendo parte de un evento incre\u00edble.<br \/>\n<strong>MD:<\/strong> Aprendimos un mont\u00f3n y hoy, gracias a este proyecto, somos mejores en lo que nos encanta hacer.<\/p>\n<p><img loading=\"lazy\" decoding=\"async\" src=\"http:\/\/www.primerbrief.com\/wp-content\/uploads\/2020\/11\/ARG-Mart\u00edn-Diaz-Tomas-Mayora-Diente-3.png\" alt=\"\" width=\"720\" height=\"405\" class=\"alignleft size-full wp-image-37918\" srcset=\"https:\/\/www.primerbrief.com\/wp-content\/uploads\/2020\/11\/ARG-Mart\u00edn-Diaz-Tomas-Mayora-Diente-3.png 720w, https:\/\/www.primerbrief.com\/wp-content\/uploads\/2020\/11\/ARG-Mart\u00edn-Diaz-Tomas-Mayora-Diente-3-300x169.png 300w, https:\/\/www.primerbrief.com\/wp-content\/uploads\/2020\/11\/ARG-Mart\u00edn-Diaz-Tomas-Mayora-Diente-3-427x240.png 427w\" sizes=\"auto, (max-width: 720px) 100vw, 720px\" \/><br \/>\n<em>El logo final de Diente 2020 bajo el concepto visual propuesto por los estudiantes.<\/p>\n","protected":false},"excerpt":{"rendered":"<p>(ARGENTINA) \u2013 Mart\u00edn Diaz y Tomas Mayora, estudiantes en la escuela de creativos Brother Buenos Aires, resultaron ganadores en el concurso organizado por el C\u00edrculo de Creativos Argentinos, donde deb\u00edan proponer su visi\u00f3n para el key visual y las piezas acompa\u00f1antes para la nueva edici\u00f3n del premio a la creatividad argentina. Lo que sigui\u00f3 fue la producci\u00f3n a nivel profesional [&hellip;]<\/p>\n","protected":false},"author":16,"featured_media":37916,"comment_status":"open","ping_status":"open","sticky":false,"template":"","format":"standard","meta":{"footnotes":""},"categories":[140],"tags":[],"class_list":["post-37915","post","type-post","status-publish","format-standard","has-post-thumbnail","hentry","category-diseno"],"_links":{"self":[{"href":"https:\/\/www.primerbrief.com\/index.php?rest_route=\/wp\/v2\/posts\/37915","targetHints":{"allow":["GET"]}}],"collection":[{"href":"https:\/\/www.primerbrief.com\/index.php?rest_route=\/wp\/v2\/posts"}],"about":[{"href":"https:\/\/www.primerbrief.com\/index.php?rest_route=\/wp\/v2\/types\/post"}],"author":[{"embeddable":true,"href":"https:\/\/www.primerbrief.com\/index.php?rest_route=\/wp\/v2\/users\/16"}],"replies":[{"embeddable":true,"href":"https:\/\/www.primerbrief.com\/index.php?rest_route=%2Fwp%2Fv2%2Fcomments&post=37915"}],"version-history":[{"count":6,"href":"https:\/\/www.primerbrief.com\/index.php?rest_route=\/wp\/v2\/posts\/37915\/revisions"}],"predecessor-version":[{"id":37925,"href":"https:\/\/www.primerbrief.com\/index.php?rest_route=\/wp\/v2\/posts\/37915\/revisions\/37925"}],"wp:featuredmedia":[{"embeddable":true,"href":"https:\/\/www.primerbrief.com\/index.php?rest_route=\/wp\/v2\/media\/37916"}],"wp:attachment":[{"href":"https:\/\/www.primerbrief.com\/index.php?rest_route=%2Fwp%2Fv2%2Fmedia&parent=37915"}],"wp:term":[{"taxonomy":"category","embeddable":true,"href":"https:\/\/www.primerbrief.com\/index.php?rest_route=%2Fwp%2Fv2%2Fcategories&post=37915"},{"taxonomy":"post_tag","embeddable":true,"href":"https:\/\/www.primerbrief.com\/index.php?rest_route=%2Fwp%2Fv2%2Ftags&post=37915"}],"curies":[{"name":"wp","href":"https:\/\/api.w.org\/{rel}","templated":true}]}}