{"id":3996,"date":"2011-10-11T18:54:01","date_gmt":"2011-10-11T21:54:01","guid":{"rendered":"http:\/\/www.primerbrief.com\/?p=3996"},"modified":"2011-10-11T18:54:01","modified_gmt":"2011-10-11T21:54:01","slug":"fuera-de-lo-que-conocia","status":"publish","type":"post","link":"https:\/\/www.primerbrief.com\/?p=3996","title":{"rendered":"\u00abFuera de lo que conoc\u00eda\u00bb"},"content":{"rendered":"<p><span style=\"font-size: 11pt\"><strong>(PANAM\u00c1) &#8211; Jazmina Guevara P\u00e9rez estudi\u00f3 publicidad en su  Panam\u00e1 natal, pero so\u00f1aba con viajar a la Argentina a formarse con los responsables de lo que para ella era la mejor creatividad de la regi\u00f3n. En esta nota cuenta c\u00f3mo fue finalmente su llegada en 2009 y hace un repaso de los tres a\u00f1os que lleva estudiando en la Escuela Superior de Creativos Publicitarios.<\/strong><\/span><\/p>\n<p><a href=\"http:\/\/www.primerbrief.com\/wp-content\/uploads\/2011\/10\/PAN-JazminaGuevaraEnFueraDelTarro-GR.jpg\" onclick=\"_gaq.push(['_trackEvent', 'outbound-article-int', 'http:\/\/www.primerbrief.com\/wp-content\/uploads\/2011\/10\/PAN-JazminaGuevaraEnFueraDelTarro-GR.jpg', '']);\" ><img loading=\"lazy\" decoding=\"async\" src=\"http:\/\/www.primerbrief.com\/wp-content\/uploads\/2011\/10\/PAN-JazminaGuevaraEnFueraDelTarro-580px.jpg\" alt=\"\" title=\"PAN-JazminaGuevaraEnFueraDelTarro-580px\" width=\"580\" height=\"481\" class=\"alignleft size-full wp-image-3998\" srcset=\"https:\/\/www.primerbrief.com\/wp-content\/uploads\/2011\/10\/PAN-JazminaGuevaraEnFueraDelTarro-580px.jpg 580w, https:\/\/www.primerbrief.com\/wp-content\/uploads\/2011\/10\/PAN-JazminaGuevaraEnFueraDelTarro-580px-300x248.jpg 300w, https:\/\/www.primerbrief.com\/wp-content\/uploads\/2011\/10\/PAN-JazminaGuevaraEnFueraDelTarro-580px-120x100.jpg 120w\" sizes=\"auto, (max-width: 580px) 100vw, 580px\" \/><\/a><br \/>\n<em>\u00ab\u00a1Buenos Aires es genial, la Escuelita es genial, los profesores son geniales, mis compa\u00f1eros son geniales!\u00bb. (Foto: Gentileza JG)<\/em><\/p>\n<p><strong>Por Jazmina Guevara<\/strong><\/p>\n<p>\u00abEstuve con muchas ganas de salir de mi pa\u00eds, porque quer\u00eda libertad, porque quer\u00eda independencia, pero principalmente porque deseaba estudiar en la Escuelita de Creativos\u00bb.<\/p>\n<p>\u00abHice y deshice todo lo que tuve que hacer y deshacer para que me dieran el cr\u00e9dito y poder estudiar en la Argentina. Reci\u00e9n me hab\u00eda recibido de Publicidad en la Universidad de Panam\u00e1, pero estaba trabajando en un \u00e1rea de que no me llamaba para nada la atenci\u00f3n: Medios. Adem\u00e1s, hab\u00eda aprendido mucho en mi facultad, pero no me sent\u00eda capacitada para crear la clase de comerciales que ve\u00eda que hac\u00edan nuestros vecinos sudamericanos\u00bb.<\/p>\n<p>\u00abFinalmente se dio, con el apoyo de mis amigos y mi familia, sal\u00eda de Panam\u00e1 por primera vez para enfrentarme a este nuevo reto. Lo extra\u00f1o fue que el d\u00eda de mi partida, no fue muy feliz. No puedo decir que fue el peor d\u00eda porque los d\u00edas que le siguieron fueron una pel\u00edcula de terror\u00bb.<\/p>\n<p>\u00abLlegu\u00e9 a Ezeiza s\u00f3lo con ganas de regresarme, pero el servicio de taxi (que anteriormente hab\u00eda contratado) s\u00f3lo me llevar\u00eda a la residencia que hab\u00eda contactado desde Panam\u00e1\u00bb.<\/p>\n<p>\u00abUna vez en la residencia procur\u00e9 regalar una sonrisa a quien se me pusiera enfrente, pero cuando quedaba sola en mi habitaci\u00f3n la depresi\u00f3n y desesperaci\u00f3n por no poder hacer nada se apoderaban de m\u00ed. Llor\u00e9 y me quej\u00e9 por tel\u00e9fono con mi familia como nunca antes lo hab\u00eda hecho. Quer\u00eda regresarme\u00bb.<\/p>\n<p>\u00abSobreviv\u00ed esas dos semanas antes de que empezara la Escuelita y, luego de que comenz\u00f3, todo cambi\u00f3 completamente\u00bb.<\/p>\n<p>\u00abPrimer a\u00f1o no tuvo mucho enfoque hacia la publicidad, ten\u00eda mucho de dise\u00f1o y escritura libre. Durante ese a\u00f1o descubr\u00ed que puedo plasmar mis sentimientos en un texto que a mucha gente le agrada, algo que anteriormente ni siquiera sospechaba; gracias Marina Kogan (QEPD)\u00bb.<\/p>\n<p>\u00abPero lo m\u00edo definitivamente es el dise\u00f1o: cada lunes y jueves que ten\u00eda clases con Gorricho o con el maravilloso Gargano las esperaba con muchas ansias. Fue demasiado lo que aprend\u00ed con ellos, aunque al principio no entend\u00eda lo que estaba aprendiendo (principalmente con Gargano), pero definitivamente fue DEMASIADO\u00bb.<\/p>\n<p>\u00abMi cabeza se abri\u00f3 completamente, estaba acostumbrada a buscar todo lo que necesitaba en libros, aprender un par de t\u00e9rminos para aprobar un examen y listo. Esto era completamente diferente, desde las esculturas con jab\u00f3n de Fidanza hasta las nuevas tendencias en la publicidad que nos daba Pancho. Fue un a\u00f1o incre\u00edble y cuando termin\u00f3 solamente quer\u00eda m\u00e1s\u00bb.<\/p>\n<p>\u00abEn segundo a\u00f1o ingresamos por completo en el mundo publicitario: &#8216;el concepto&#8217;, tema primordial de los creativos publicitarios, que fue mi dolor de cabeza por un buen rato, gracias a Marotta y a Rolo lo pude superar\u00bb.<\/p>\n<p>\u00abPero dejando de un lado al concepto, tuvimos otros temas que fueron complementos perfectos. Entre ellos, Codicimo (estoy a punto de hacer su fan club); el tipo sabe tanto y sabe c\u00f3mo hacernos llegar ese conocimiento. Adem\u00e1s me hizo creerme dise\u00f1adora gr\u00e1fica por las cosas que lograba hacer con \u00e9l. Pata,<\/p>\n<p>Micky, Ale Busceme son demasiado grossos, cada uno en lo suyo, y me hicieron ver que la publicidad no es s\u00f3lo hacer una gr\u00e1fica y escribir un gui\u00f3n, es mucho m\u00e1s\u00bb.<\/p>\n<p>\u00abNunca voy a dejar de estar agradecida con toda esta gente fascinante que conoc\u00ed ac\u00e1, que todo fuera tan maravilloso en la Escuelita s\u00f3lo hizo que mi estad\u00eda en Buenos Aires fuera igual de maravillosa\u00bb.<\/p>\n<p>\u00abSigo en la lucha este tercer a\u00f1o, procurando sacar todo el provecho que pueda, porque s\u00e9 que esta experiencia no volver\u00e1 a ocurrir jam\u00e1s: \u00a1Ha sido genial! \u00a1Buenos Aires es genial, la Escuelita es genial, los profesores son geniales, mis compa\u00f1eros son geniales!\u00bb.<\/p>\n<p>\u00abQu\u00e9 bueno que no permit\u00ed que el miedo me hiciera arrepentirme de mi decisi\u00f3n de venir ac\u00e1: hasta ahora ha sido lo m\u00e1s enriquecedor que he hecho en mi vida\u00bb.<\/p>\n","protected":false},"excerpt":{"rendered":"<p>(PANAM\u00c1) &#8211; Jazmina Guevara P\u00e9rez estudi\u00f3 publicidad en su Panam\u00e1 natal, pero so\u00f1aba con viajar a la Argentina a formarse con los responsables de lo que para ella era la mejor creatividad de la regi\u00f3n. En esta nota cuenta c\u00f3mo fue finalmente su llegada en 2009 y hace un repaso de los tres a\u00f1os que lleva estudiando en la Escuela [&hellip;]<\/p>\n","protected":false},"author":3,"featured_media":3997,"comment_status":"open","ping_status":"open","sticky":false,"template":"","format":"standard","meta":{"footnotes":""},"categories":[162],"tags":[26,23,536,535],"class_list":["post-3996","post","type-post","status-publish","format-standard","has-post-thumbnail","hentry","category-fuera-del-tarro","tag-argentina","tag-escuela-superior-de-creativos-publicitarios-argentina","tag-jazmina-guevara-panama","tag-panama"],"_links":{"self":[{"href":"https:\/\/www.primerbrief.com\/index.php?rest_route=\/wp\/v2\/posts\/3996","targetHints":{"allow":["GET"]}}],"collection":[{"href":"https:\/\/www.primerbrief.com\/index.php?rest_route=\/wp\/v2\/posts"}],"about":[{"href":"https:\/\/www.primerbrief.com\/index.php?rest_route=\/wp\/v2\/types\/post"}],"author":[{"embeddable":true,"href":"https:\/\/www.primerbrief.com\/index.php?rest_route=\/wp\/v2\/users\/3"}],"replies":[{"embeddable":true,"href":"https:\/\/www.primerbrief.com\/index.php?rest_route=%2Fwp%2Fv2%2Fcomments&post=3996"}],"version-history":[{"count":1,"href":"https:\/\/www.primerbrief.com\/index.php?rest_route=\/wp\/v2\/posts\/3996\/revisions"}],"predecessor-version":[{"id":4000,"href":"https:\/\/www.primerbrief.com\/index.php?rest_route=\/wp\/v2\/posts\/3996\/revisions\/4000"}],"wp:featuredmedia":[{"embeddable":true,"href":"https:\/\/www.primerbrief.com\/index.php?rest_route=\/wp\/v2\/media\/3997"}],"wp:attachment":[{"href":"https:\/\/www.primerbrief.com\/index.php?rest_route=%2Fwp%2Fv2%2Fmedia&parent=3996"}],"wp:term":[{"taxonomy":"category","embeddable":true,"href":"https:\/\/www.primerbrief.com\/index.php?rest_route=%2Fwp%2Fv2%2Fcategories&post=3996"},{"taxonomy":"post_tag","embeddable":true,"href":"https:\/\/www.primerbrief.com\/index.php?rest_route=%2Fwp%2Fv2%2Ftags&post=3996"}],"curies":[{"name":"wp","href":"https:\/\/api.w.org\/{rel}","templated":true}]}}