{"id":4465,"date":"2011-10-21T03:58:51","date_gmt":"2011-10-21T06:58:51","guid":{"rendered":"http:\/\/www.primerbrief.com\/?p=4465"},"modified":"2011-10-21T16:59:33","modified_gmt":"2011-10-21T19:59:33","slug":"se-realizo-la-nueva-jornada-creativa-de-escuelita","status":"publish","type":"post","link":"https:\/\/www.primerbrief.com\/?p=4465","title":{"rendered":"Se realiz\u00f3 la nueva Jornada Creativa de Escuelita"},"content":{"rendered":"<p><span style=\"font-size: 11pt\"><strong>(ARGENTINA) &#8211; Este s\u00e1bado se realiz\u00f3 \u2014como todos los a\u00f1os\u2014 la Jornada Creativa en el recreo que Suteba posee en el Tigre, organizada por la Escuela Superior de Creativos Publicitarios para todos sus alumnos de primer a\u00f1o. Se trata de una competencia en la que participan duplas creativas de alumnos y la ganadora se hace acreedora de un viaje a la siguiente edici\u00f3n del Festival Publicitario del Interior, el FePI. En este caso, la del a\u00f1o que viene, 2012. <\/strong><\/span><\/p>\n<p><a href=\"http:\/\/www.primerbrief.com\/wp-content\/uploads\/2011\/10\/ARG-JornadaCreativaEscuelitaEnSuteba-GR.gif\" onclick=\"_gaq.push(['_trackEvent', 'outbound-article-int', 'http:\/\/www.primerbrief.com\/wp-content\/uploads\/2011\/10\/ARG-JornadaCreativaEscuelitaEnSuteba-GR.gif', '']);\" ><img loading=\"lazy\" decoding=\"async\" src=\"http:\/\/www.primerbrief.com\/wp-content\/uploads\/2011\/10\/ARG-JornadaCreativaEscuelitaEnSuteba-580px.gif\" alt=\"\" title=\"ARG-JornadaCreativaEscuelitaEnSuteba-580px\" width=\"580\" height=\"388\" class=\"alignleft size-full wp-image-4529\" srcset=\"https:\/\/www.primerbrief.com\/wp-content\/uploads\/2011\/10\/ARG-JornadaCreativaEscuelitaEnSuteba-580px.gif 580w, https:\/\/www.primerbrief.com\/wp-content\/uploads\/2011\/10\/ARG-JornadaCreativaEscuelitaEnSuteba-580px-300x200.gif 300w\" sizes=\"auto, (max-width: 580px) 100vw, 580px\" \/><\/a><br \/>\n<em>En la primera foto, Diego Montero y Dami\u00e1n P\u00e9rez Levitzky, la dupla ganadora, junto a Fabio Vidal, director de la Escuelita; en la segunda, Fernando Tchechenistky, director creativo de DDB Argentina y profe de la Escuelita, exhibiendo el aviso ganador.<\/em><\/p>\n<p>La Jornada Creativa que organiza la <a href=\"http:\/\/www.escueladecreativos.com.ar\" onclick=\"_gaq.push(['_trackEvent', 'outbound-article', 'http:\/\/www.escueladecreativos.com.ar', 'Escuelita']);\" target=\"_blank\">Escuelita<\/a> suele ser una excusa para que todos los alumnos vayan, se diviertan y se relajen para poder desarrollar toda su creatividad al aire libre; y de paso ganar premios.<\/p>\n<p>A medida que las duplas van llegando, reciben su brief y es la hora de trabajar: tienen desde las 9 de la ma\u00f1ana hasta las 3 de la tarde para elaborar ideas y demostrar todo su talento y posteriormente ser evaluadas por el grupo de profesores que comparten la tarde con ellos.<\/p>\n<p><div id='gallery-1' class='gallery galleryid-4465 gallery-columns-4 gallery-size-theme-gallerysize'><dl class='gallery-item'>\n\t\t\t<dt class='gallery-icon portrait'>\n\t\t\t\t<a href=\"https:\/\/www.primerbrief.com\/wp-content\/uploads\/2011\/10\/ARG-JornadaTigre-1p.jpg\" onclick=\"_gaq.push(['_trackEvent', 'outbound-article-int', 'https:\/\/www.primerbrief.com\/wp-content\/uploads\/2011\/10\/ARG-JornadaTigre-1p.jpg', '']);\" ><img loading=\"lazy\" decoding=\"async\" width=\"120\" height=\"100\" src=\"https:\/\/www.primerbrief.com\/wp-content\/uploads\/2011\/10\/ARG-JornadaTigre-1p-120x100.jpg\" class=\"attachment-theme-gallerysize size-theme-gallerysize\" alt=\"\" \/><\/a>\n\t\t\t<\/dt><\/dl><dl class='gallery-item'>\n\t\t\t<dt class='gallery-icon landscape'>\n\t\t\t\t<a href=\"https:\/\/www.primerbrief.com\/wp-content\/uploads\/2011\/10\/ARG-JornadaTigre-Mm1.jpg\" onclick=\"_gaq.push(['_trackEvent', 'outbound-article-int', 'https:\/\/www.primerbrief.com\/wp-content\/uploads\/2011\/10\/ARG-JornadaTigre-Mm1.jpg', '']);\" ><img loading=\"lazy\" decoding=\"async\" width=\"120\" height=\"100\" src=\"https:\/\/www.primerbrief.com\/wp-content\/uploads\/2011\/10\/ARG-JornadaTigre-Mm1-120x100.jpg\" class=\"attachment-theme-gallerysize size-theme-gallerysize\" alt=\"\" \/><\/a>\n\t\t\t<\/dt><\/dl><dl class='gallery-item'>\n\t\t\t<dt class='gallery-icon landscape'>\n\t\t\t\t<a href=\"https:\/\/www.primerbrief.com\/wp-content\/uploads\/2011\/10\/ARG-JornadaTigre-Mm2.jpg\" onclick=\"_gaq.push(['_trackEvent', 'outbound-article-int', 'https:\/\/www.primerbrief.com\/wp-content\/uploads\/2011\/10\/ARG-JornadaTigre-Mm2.jpg', '']);\" ><img loading=\"lazy\" decoding=\"async\" width=\"120\" height=\"100\" src=\"https:\/\/www.primerbrief.com\/wp-content\/uploads\/2011\/10\/ARG-JornadaTigre-Mm2-120x100.jpg\" class=\"attachment-theme-gallerysize size-theme-gallerysize\" alt=\"\" \/><\/a>\n\t\t\t<\/dt><\/dl><dl class='gallery-item'>\n\t\t\t<dt class='gallery-icon landscape'>\n\t\t\t\t<a href=\"https:\/\/www.primerbrief.com\/wp-content\/uploads\/2011\/10\/ARG-JornadaTigre-Mm3.jpg\" onclick=\"_gaq.push(['_trackEvent', 'outbound-article-int', 'https:\/\/www.primerbrief.com\/wp-content\/uploads\/2011\/10\/ARG-JornadaTigre-Mm3.jpg', '']);\" ><img loading=\"lazy\" decoding=\"async\" width=\"120\" height=\"100\" src=\"https:\/\/www.primerbrief.com\/wp-content\/uploads\/2011\/10\/ARG-JornadaTigre-Mm3-120x100.jpg\" class=\"attachment-theme-gallerysize size-theme-gallerysize\" alt=\"\" \/><\/a>\n\t\t\t<\/dt><\/dl><br style=\"clear: both\" \/>\n\t\t<\/div>\n<br \/>\n<em>La gr\u00e1fica ganadora y distintos momentos de la jornada creativa.<\/em><br \/>\n&nbsp;<\/p>\n<p>El brief de este a\u00f1o busc\u00f3 desarrollar una campa\u00f1a gr\u00e1fica para <a href=\"http:\/\/www.despegar.com.ar\" onclick=\"_gaq.push(['_trackEvent', 'outbound-article', 'http:\/\/www.despegar.com.ar', 'Despegar.com']);\" target=\"_blank\">Despegar.com<\/a>, una agencia de viajes online. Las duplas tuvieron que crear una gr\u00e1fica tipo <em>rough<\/em> (en papel blanco y l\u00e1piz negro) y esperar a que los profesores dictaminaran cu\u00e1l era la m\u00e1s original y, por ende, representante de la ESCP en el pr\u00f3ximo <a href=\"http:\/\/www.fepi.com.ar\/index.php?option=com_content&#038;view=article&#038;id=47&#038;Itemid=27\" onclick=\"_gaq.push(['_trackEvent', 'outbound-article', 'http:\/\/www.fepi.com.ar\/index.php?option=com_content&#038;view=article&#038;id=47&#038;Itemid=27', ' FePI 2012']);\" target=\"_blank\"> FePI 2012<\/a>.<\/p>\n<p>Este a\u00f1o la dupla ganadora fue conformada por Diego Montero y Dami\u00e1n P\u00e9rez Levitzky, con su trabajo \u00abYouPorn. Hac\u00e9s de todo por internet, plane\u00e1 tambi\u00e9n tus viajes. Despegar.com\u00bb. La particularidad de este a\u00f1o es que el segundo lugar qued\u00f3 vacante, mientras que el tercero fue para Mail\u00e9n Zungri y Ornella Falcone. Por otra parte, la <em>short list<\/em> estuvo integrada por las duplas de Juan Pablo Talav\u00e1n y Jerem\u00edas Barthe, Lautaro Vega y Joaqu\u00edn van der Ghote y Rodrigo Venegas y Daniela Norambuena.<\/p>\n<p><div id='gallery-2' class='gallery galleryid-4465 gallery-columns-4 gallery-size-theme-gallerysize'><dl class='gallery-item'>\n\t\t\t<dt class='gallery-icon portrait'>\n\t\t\t\t<a href=\"https:\/\/www.primerbrief.com\/wp-content\/uploads\/2011\/10\/ARG-JornadaTigre-3p.jpg\" onclick=\"_gaq.push(['_trackEvent', 'outbound-article-int', 'https:\/\/www.primerbrief.com\/wp-content\/uploads\/2011\/10\/ARG-JornadaTigre-3p.jpg', '']);\" ><img loading=\"lazy\" decoding=\"async\" width=\"120\" height=\"100\" src=\"https:\/\/www.primerbrief.com\/wp-content\/uploads\/2011\/10\/ARG-JornadaTigre-3p-120x100.jpg\" class=\"attachment-theme-gallerysize size-theme-gallerysize\" alt=\"\" \/><\/a>\n\t\t\t<\/dt><\/dl><dl class='gallery-item'>\n\t\t\t<dt class='gallery-icon portrait'>\n\t\t\t\t<a href=\"https:\/\/www.primerbrief.com\/wp-content\/uploads\/2011\/10\/ARG-JornadaTigre-1m.jpg\" onclick=\"_gaq.push(['_trackEvent', 'outbound-article-int', 'https:\/\/www.primerbrief.com\/wp-content\/uploads\/2011\/10\/ARG-JornadaTigre-1m.jpg', '']);\" ><img loading=\"lazy\" decoding=\"async\" width=\"120\" height=\"100\" src=\"https:\/\/www.primerbrief.com\/wp-content\/uploads\/2011\/10\/ARG-JornadaTigre-1m-120x100.jpg\" class=\"attachment-theme-gallerysize size-theme-gallerysize\" alt=\"\" \/><\/a>\n\t\t\t<\/dt><\/dl><dl class='gallery-item'>\n\t\t\t<dt class='gallery-icon portrait'>\n\t\t\t\t<a href=\"https:\/\/www.primerbrief.com\/wp-content\/uploads\/2011\/10\/ARG-JornadaTigre-2m.jpg\" onclick=\"_gaq.push(['_trackEvent', 'outbound-article-int', 'https:\/\/www.primerbrief.com\/wp-content\/uploads\/2011\/10\/ARG-JornadaTigre-2m.jpg', '']);\" ><img loading=\"lazy\" decoding=\"async\" width=\"120\" height=\"100\" src=\"https:\/\/www.primerbrief.com\/wp-content\/uploads\/2011\/10\/ARG-JornadaTigre-2m-120x100.jpg\" class=\"attachment-theme-gallerysize size-theme-gallerysize\" alt=\"\" \/><\/a>\n\t\t\t<\/dt><\/dl><dl class='gallery-item'>\n\t\t\t<dt class='gallery-icon portrait'>\n\t\t\t\t<a href=\"https:\/\/www.primerbrief.com\/wp-content\/uploads\/2011\/10\/ARG-JornadaTigre-3m.jpg\" onclick=\"_gaq.push(['_trackEvent', 'outbound-article-int', 'https:\/\/www.primerbrief.com\/wp-content\/uploads\/2011\/10\/ARG-JornadaTigre-3m.jpg', '']);\" ><img loading=\"lazy\" decoding=\"async\" width=\"120\" height=\"100\" src=\"https:\/\/www.primerbrief.com\/wp-content\/uploads\/2011\/10\/ARG-JornadaTigre-3m-120x100.jpg\" class=\"attachment-theme-gallerysize size-theme-gallerysize\" alt=\"\" \/><\/a>\n\t\t\t<\/dt><\/dl><br style=\"clear: both\" \/>\n\t\t<\/div>\n<br \/>\n<em>En orden, la gr\u00e1fica entregada por Mail\u00e9n Zungri y Ornella Falcone (3er premio) y luego, las finalistas, obra de las duplas integradas por Juan Pablo Talav\u00e1n y Jerem\u00edas Barthe (1\u00b0 menci\u00f3n), Lautaro Vega y Joaqu\u00edn van der Ghote (2\u00b0 menci\u00f3n) y Rodrigo Venegas y Daniela Norambuena (3\u00b0 menci\u00f3n).<\/em><br \/>\n&nbsp;<\/p>\n<div style=\" background-color:#F4F4F4; width:560px; float:left; padding:10px; margin-top:20px; margin-bottom:20px; border-top:solid 10px #CCCCCC; border-bottom:solid 10px #CCCCCC; line-height:16px; font-size:12px\">\n<img decoding=\"async\" style=\"width:560px; border-top:solid 0px; border-right:solid 0px; border-bottom:solid 0px; border-left:solid 0px; margin-bottom:10px; float:left\" src=\"http:\/\/www.primerbrief.com\/wp-content\/uploads\/2011\/07\/PB-RecuadroMasInfo.jpg\" \/><br \/>\nSi quer\u00e9s conocer la experiencia en el FePI de la dupla de estudiantes de la jornada pasada no pod\u00e9s dejar de leer esta  <a target=\"_blank\" href=\" http:\/\/www.primerbrief.com\/?p=3218\n\">nota<\/a>.\n<\/div>\n<div align=\"left\">&#160;<\/div>\n","protected":false},"excerpt":{"rendered":"<p>(ARGENTINA) &#8211; Este s\u00e1bado se realiz\u00f3 \u2014como todos los a\u00f1os\u2014 la Jornada Creativa en el recreo que Suteba posee en el Tigre, organizada por la Escuela Superior de Creativos Publicitarios para todos sus alumnos de primer a\u00f1o. Se trata de una competencia en la que participan duplas creativas de alumnos y la ganadora se hace acreedora de un viaje a [&hellip;]<\/p>\n","protected":false},"author":3,"featured_media":4493,"comment_status":"open","ping_status":"open","sticky":false,"template":"","format":"standard","meta":{"footnotes":""},"categories":[5],"tags":[614,26,595,594,23,615,619,239,599,613,596,600,597,598],"class_list":["post-4465","post","type-post","status-publish","format-standard","has-post-thumbnail","hentry","category-lugares-de-estudio","tag-adriana-amante-argentina","tag-argentina","tag-damian-perez-levitzky-argentina","tag-diego-montero-colombia","tag-escuela-superior-de-creativos-publicitarios-argentina","tag-fabio-vidal-argentina","tag-fernando-tchechenistky-argentina","tag-festival-de-publicidad-del-interior-fepi","tag-jeremias-barthe-argentina","tag-joaquin-van-der-ghote-argentina","tag-juan-pablo-talavan-argentina","tag-lautaro-vega-argentina","tag-mailen-zangri-argentina","tag-ornella-falcone-argentina"],"_links":{"self":[{"href":"https:\/\/www.primerbrief.com\/index.php?rest_route=\/wp\/v2\/posts\/4465","targetHints":{"allow":["GET"]}}],"collection":[{"href":"https:\/\/www.primerbrief.com\/index.php?rest_route=\/wp\/v2\/posts"}],"about":[{"href":"https:\/\/www.primerbrief.com\/index.php?rest_route=\/wp\/v2\/types\/post"}],"author":[{"embeddable":true,"href":"https:\/\/www.primerbrief.com\/index.php?rest_route=\/wp\/v2\/users\/3"}],"replies":[{"embeddable":true,"href":"https:\/\/www.primerbrief.com\/index.php?rest_route=%2Fwp%2Fv2%2Fcomments&post=4465"}],"version-history":[{"count":13,"href":"https:\/\/www.primerbrief.com\/index.php?rest_route=\/wp\/v2\/posts\/4465\/revisions"}],"predecessor-version":[{"id":4544,"href":"https:\/\/www.primerbrief.com\/index.php?rest_route=\/wp\/v2\/posts\/4465\/revisions\/4544"}],"wp:featuredmedia":[{"embeddable":true,"href":"https:\/\/www.primerbrief.com\/index.php?rest_route=\/wp\/v2\/media\/4493"}],"wp:attachment":[{"href":"https:\/\/www.primerbrief.com\/index.php?rest_route=%2Fwp%2Fv2%2Fmedia&parent=4465"}],"wp:term":[{"taxonomy":"category","embeddable":true,"href":"https:\/\/www.primerbrief.com\/index.php?rest_route=%2Fwp%2Fv2%2Fcategories&post=4465"},{"taxonomy":"post_tag","embeddable":true,"href":"https:\/\/www.primerbrief.com\/index.php?rest_route=%2Fwp%2Fv2%2Ftags&post=4465"}],"curies":[{"name":"wp","href":"https:\/\/api.w.org\/{rel}","templated":true}]}}