{"id":4470,"date":"2011-10-20T03:59:00","date_gmt":"2011-10-20T06:59:00","guid":{"rendered":"http:\/\/www.primerbrief.com\/?p=4470"},"modified":"2012-02-03T09:58:17","modified_gmt":"2012-02-03T12:58:17","slug":"german-baher-si-yo-fuera-un-perro-%c2%bfcomo-seria","status":"publish","type":"post","link":"https:\/\/www.primerbrief.com\/?p=4470","title":{"rendered":"Germ\u00e1n Baher: \u00abSi yo fuera un perro, \u00bfc\u00f3mo ser\u00eda?\u00bb"},"content":{"rendered":"<p><span style=\"font-size: 11pt\"><strong>(CHILE) &#8211; Germ\u00e1n Baher naci\u00f3 en 1972 en Huasco Bajo (Atacama, Chile) y hoy vive en Santa Cruz de la Sierra (Bolivia), donde es director creativo de La Agencia. Puesto a hacer memoria, de pronto se divirti\u00f3 recordando la forma en que arranc\u00f3 oficialmente su carrera: una historia que, si bien no est\u00e1 redactada con el formato de \u00abconsejos para que un estudiante actual sepa c\u00f3mo armar su carpeta de presentaci\u00f3n\u00bb, perfectamente puede inspirar a m\u00e1s de uno. Ese es el esp\u00edritu con que PB publica este texto de Baher.<\/strong><\/span><\/p>\n<p><a href=\"http:\/\/www.primerbrief.com\/wp-content\/uploads\/2011\/10\/CHI-GermanBaherAutopromocion1994-GR.jpg\" onclick=\"_gaq.push(['_trackEvent', 'outbound-article-int', 'http:\/\/www.primerbrief.com\/wp-content\/uploads\/2011\/10\/CHI-GermanBaherAutopromocion1994-GR.jpg', '']);\" ><img loading=\"lazy\" decoding=\"async\" src=\"http:\/\/www.primerbrief.com\/wp-content\/uploads\/2011\/10\/CHI-GermanBaherAutopromocion1994-580px.jpg\" alt=\"\" title=\"CHI-GermanBaherAutopromocion1994-580px\" width=\"580\" height=\"435\" class=\"alignleft size-full wp-image-4477\" srcset=\"https:\/\/www.primerbrief.com\/wp-content\/uploads\/2011\/10\/CHI-GermanBaherAutopromocion1994-580px.jpg 580w, https:\/\/www.primerbrief.com\/wp-content\/uploads\/2011\/10\/CHI-GermanBaherAutopromocion1994-580px-300x225.jpg 300w\" sizes=\"auto, (max-width: 580px) 100vw, 580px\" \/><\/a><br \/>\n<em>Santiago de Chile, 1994: un joven Germ\u00e1n Baher se ofrece de modo poco convencional.<\/em><\/p>\n<p>&nbsp;<br \/>\n<a href=\"http:\/\/www.primerbrief.com\/wp-content\/uploads\/2011\/10\/CHI-GermanBaherChico-GR.jpg\" onclick=\"_gaq.push(['_trackEvent', 'outbound-article-int', 'http:\/\/www.primerbrief.com\/wp-content\/uploads\/2011\/10\/CHI-GermanBaherChico-GR.jpg', '']);\" ><img loading=\"lazy\" decoding=\"async\" src=\"http:\/\/www.primerbrief.com\/wp-content\/uploads\/2011\/10\/CHI-GermanBaherChico-60x60px.jpg\" width=\"60\" height=\"60\" class=\"alignleft size-full wp-image-4475\" style=\"margin: 0px 10px 0px 0px\" \/><\/a><strong>POR <a href=\"http:\/\/www.primerbrief.com\/?tag=german-baher-chile\" onclick=\"_gaq.push(['_trackEvent', 'outbound-article-int', 'http:\/\/www.primerbrief.com\/?tag=german-baher-chile', 'GERM\u00c1N BAHER']);\" target=\"_blank\">GERM\u00c1N BAHER<\/a><\/strong><br \/>\nEspecial para PB<br \/>\n<strong><em>(Fotos: Gentileza GB)<\/em><\/strong><\/p>\n<p style=\"clear:left;\">\n<p>&nbsp;<br \/>\n\u00abSiempre me gust\u00f3 dibujar. Con esta simple introducci\u00f3n cuento que sal\u00ed del Duoc UC de la Universidad Cat\u00f3lica de Santiago de Chile. Al principio comenc\u00e9 a estudiar Publicidad Profesional: en esa \u00e9poca hab\u00eda muy pocas universidades e institutos que impartieran la carrera\u00bb.<\/p>\n<p>\u00abDespu\u00e9s de dos a\u00f1os cambi\u00e9 a Publicidad T\u00e9cnica. La raz\u00f3n: las mallas curriculares no eran de mi agrado. Lo bueno del cambio era que igual ve\u00eda a mis profesores en otras materias. Fue as\u00ed que, inspirado por un profesor, me formul\u00e9 el interrogante que les hac\u00eda a todos sus alumnos. <em>&#8216;V\u00e9ndete a ti mismo y vender\u00e1s cualquier cosa&#8217;<\/em>. As\u00ed que inici\u00e9 mi campa\u00f1a\u00bb.<\/p>\n<p>\u00abEra una \u00e9poca en que reci\u00e9n sal\u00edan las MacPower PC y el Photoshop. Realic\u00e9 mi propia base de datos mirando la revista <em>Publimark<\/em>, que en ese entonces mostraba por dentro las agencias y a los creativos. Me saqu\u00e9 algunas fotos y las recort\u00e9 en Photoshop. Ten\u00eda que encontrar la manera de hacer env\u00edos masivos sin que significara mucho gasto para m\u00ed. As\u00ed que recurr\u00ed al fax. Qu\u00e9 instrumento m\u00e1s simple y directo para hacer marketing directo\u00bb.<\/p>\n<p>\u00abMirando el peri\u00f3dico, se me ocurri\u00f3: <em>&#8216;Si yo fuera un perro, \u00bfc\u00f3mo ser\u00eda?&#8217;<\/em>. Redact\u00e9 un peque\u00f1o aviso, tipo econ\u00f3mico destacado, que dec\u00eda: <em>Creativo inscrito, vacunas al d\u00eda, con collar y pedigree, hijo de tigre, campe\u00f3n. De raza. interesados llamar al XXX<\/em>. Al lado de ese texto, como recorte de peri\u00f3dico, aparec\u00eda mi foto con cara de perro\u00bb.<\/p>\n<p>\u00abLuego prepar\u00e9 otro arte en el que aparec\u00eda con lentes oscuros y dec\u00eda as\u00ed (ver arriba): <em>Creativo se vende, equipado, alem\u00e1n del 72, pr\u00e1cticamente sin uso, \u00fanico due\u00f1o, asientos de cuero y vidrios oscuros, acepto ofertas y contra propuestas. S\u00f3lo interesados, etc<\/em>.<\/p>\n<p>\u00abLuego de mandar varios faxes, el tel\u00e9fono de mi casa no par\u00f3 de sonar y mi madre, que era mi secretaria, anotaba las reuniones. Fue as\u00ed c\u00f3mo llegue a Unitros y comenc\u00e9 como redactor creativo. Pero de ah\u00ed en adelante es otra historia\u00bb.<\/p>\n","protected":false},"excerpt":{"rendered":"<p>(CHILE) &#8211; Germ\u00e1n Baher naci\u00f3 en 1972 en Huasco Bajo (Atacama, Chile) y hoy vive en Santa Cruz de la Sierra (Bolivia), donde es director creativo de La Agencia. Puesto a hacer memoria, de pronto se divirti\u00f3 recordando la forma en que arranc\u00f3 oficialmente su carrera: una historia que, si bien no est\u00e1 redactada con el formato de \u00abconsejos para [&hellip;]<\/p>\n","protected":false},"author":3,"featured_media":4473,"comment_status":"open","ping_status":"open","sticky":false,"template":"","format":"standard","meta":{"footnotes":""},"categories":[1049],"tags":[590,129,593,591,592],"class_list":["post-4470","post","type-post","status-publish","format-standard","has-post-thumbnail","hentry","category-consejos-para-tu-carrera","tag-bolivia","tag-chile","tag-duocuc-chile","tag-german-baher-chile","tag-la-agencia-bolivia"],"_links":{"self":[{"href":"https:\/\/www.primerbrief.com\/index.php?rest_route=\/wp\/v2\/posts\/4470","targetHints":{"allow":["GET"]}}],"collection":[{"href":"https:\/\/www.primerbrief.com\/index.php?rest_route=\/wp\/v2\/posts"}],"about":[{"href":"https:\/\/www.primerbrief.com\/index.php?rest_route=\/wp\/v2\/types\/post"}],"author":[{"embeddable":true,"href":"https:\/\/www.primerbrief.com\/index.php?rest_route=\/wp\/v2\/users\/3"}],"replies":[{"embeddable":true,"href":"https:\/\/www.primerbrief.com\/index.php?rest_route=%2Fwp%2Fv2%2Fcomments&post=4470"}],"version-history":[{"count":4,"href":"https:\/\/www.primerbrief.com\/index.php?rest_route=\/wp\/v2\/posts\/4470\/revisions"}],"predecessor-version":[{"id":6389,"href":"https:\/\/www.primerbrief.com\/index.php?rest_route=\/wp\/v2\/posts\/4470\/revisions\/6389"}],"wp:featuredmedia":[{"embeddable":true,"href":"https:\/\/www.primerbrief.com\/index.php?rest_route=\/wp\/v2\/media\/4473"}],"wp:attachment":[{"href":"https:\/\/www.primerbrief.com\/index.php?rest_route=%2Fwp%2Fv2%2Fmedia&parent=4470"}],"wp:term":[{"taxonomy":"category","embeddable":true,"href":"https:\/\/www.primerbrief.com\/index.php?rest_route=%2Fwp%2Fv2%2Fcategories&post=4470"},{"taxonomy":"post_tag","embeddable":true,"href":"https:\/\/www.primerbrief.com\/index.php?rest_route=%2Fwp%2Fv2%2Ftags&post=4470"}],"curies":[{"name":"wp","href":"https:\/\/api.w.org\/{rel}","templated":true}]}}