{"id":4980,"date":"2011-11-15T04:00:43","date_gmt":"2011-11-15T07:00:43","guid":{"rendered":"http:\/\/www.primerbrief.com\/?p=4980"},"modified":"2011-11-15T19:03:02","modified_gmt":"2011-11-15T22:03:02","slug":"homenaje-a-steve-jobs-por-los-alumnos-de-la-escuelita","status":"publish","type":"post","link":"https:\/\/www.primerbrief.com\/?p=4980","title":{"rendered":"Una materia de la Escuelita record\u00f3 a Steve Jobs"},"content":{"rendered":"<p><span style=\"font-size: 11pt\"><strong>(ARGENTINA) &#8211; A pedido de los profesores Mart\u00edn Ins\u00faa y Mat\u00edas Asencio, de la materia Creatividad Publicitaria, alumnos de 1\u00b0 a\u00f1o de la Escuela Superior de Creativos Publicitarios realizaron gr\u00e1ficas que deb\u00edan promover la edici\u00f3n que la revista estadounidense <em>Time<\/em> public\u00f3 en homenaje a Steve Jobs (1955-2011) apenas despu\u00e9s de su muerte, ocurrida el 5 de octubre pasado. PRIMER BRIEF accedi\u00f3 a los tres trabajos m\u00e1s destacados y los publica aqu\u00ed comentados por los profes.<\/strong><\/span><\/p>\n<p>&nbsp;<br \/>\n<img loading=\"lazy\" decoding=\"async\" src=\"http:\/\/www.primerbrief.com\/wp-content\/uploads\/2011\/10\/staff-maxi1-60x60px-Version2.jpg\" width=\"60\" height=\"60\" class=\"alignleft size-full wp-image-4110\" style=\"margin: 0px 10px 0px 0px\" \/><strong>POR <a href=\"http:\/\/www.primerbrief.com\/?tag=maxi-arias-argentina\" onclick=\"_gaq.push(['_trackEvent', 'outbound-article-int', 'http:\/\/www.primerbrief.com\/?tag=maxi-arias-argentina', 'MAXI ARIAS']);\" target=\"_blank\">MAXI ARIAS<\/a><\/strong><br \/>\nDe la redacci\u00f3n de PB<br \/>\n<strong><em>(Fotos: Gentileza MI y MA)<\/em><\/strong><\/p>\n<p style=\"clear:left;\">\n<p>&nbsp;<br \/>\n<a href=\"http:\/\/www.primerbrief.com\/wp-content\/uploads\/2011\/11\/ARG-SteveJobsTime-LolaDiazCantoni-GR.jpg\" onclick=\"_gaq.push(['_trackEvent', 'outbound-article-int', 'http:\/\/www.primerbrief.com\/wp-content\/uploads\/2011\/11\/ARG-SteveJobsTime-LolaDiazCantoni-GR.jpg', '']);\" ><img loading=\"lazy\" decoding=\"async\" src=\"http:\/\/www.primerbrief.com\/wp-content\/uploads\/2011\/11\/ARG-LolaDiazCantoni-580px.jpg\" alt=\"\" title=\"ARG-LolaDiazCantoni-580px\" width=\"580\" height=\"409\" class=\"alignleft size-full wp-image-4985\" srcset=\"https:\/\/www.primerbrief.com\/wp-content\/uploads\/2011\/11\/ARG-LolaDiazCantoni-580px.jpg 580w, https:\/\/www.primerbrief.com\/wp-content\/uploads\/2011\/11\/ARG-LolaDiazCantoni-580px-300x211.jpg 300w\" sizes=\"auto, (max-width: 580px) 100vw, 580px\" \/><\/a><br \/>\n<em>\u00abTodos est\u00e1n hablando de \u00e9l. Nosotros tenemos qu\u00e9 decir\u00bb, de Lola D\u00edaz Cantoni.<\/em><\/p>\n<p>Opini\u00f3n de los profes, Mart\u00edn <em>Tincho<\/em> Ins\u00faa y Mat\u00edas <em>Rulo<\/em> Asencio: \u00abTuvo un paso m\u00e1s all\u00e1 que estuvo bueno, el dato m\u00e1s interesante es que el autor de una de las notas era del bi\u00f3grafo que trabajaba para Time, y la chica que hizo la gr\u00e1fica vio eso y lo baj\u00f3 al concepto. No es tan sentimental, pero tiene una pata muy interesante que es lo de la revista, porque de hecho todo el mundo habla de Jobs pero realmente Time ten\u00eda algo diferente que decir\u00bb.<\/p>\n<p>&nbsp;<br \/>\n<a href=\"http:\/\/www.primerbrief.com\/wp-content\/uploads\/2011\/11\/ARG-SteveJobsTime-KevinCabuliJuanPanetta-GR.jpg\" onclick=\"_gaq.push(['_trackEvent', 'outbound-article-int', 'http:\/\/www.primerbrief.com\/wp-content\/uploads\/2011\/11\/ARG-SteveJobsTime-KevinCabuliJuanPanetta-GR.jpg', '']);\" ><img loading=\"lazy\" decoding=\"async\" src=\"http:\/\/www.primerbrief.com\/wp-content\/uploads\/2011\/11\/ARG-KevinCabuliJuanPanetta-580px.jpg\" alt=\"\" title=\"ARG-KevinCabuliJuanPanetta-580px\" width=\"580\" height=\"409\" class=\"alignleft size-full wp-image-4983\" srcset=\"https:\/\/www.primerbrief.com\/wp-content\/uploads\/2011\/11\/ARG-KevinCabuliJuanPanetta-580px.jpg 580w, https:\/\/www.primerbrief.com\/wp-content\/uploads\/2011\/11\/ARG-KevinCabuliJuanPanetta-580px-300x211.jpg 300w\" sizes=\"auto, (max-width: 580px) 100vw, 580px\" \/><\/a><br \/>\n<em>\u00abY un d\u00eda el futuro se detuvo\u00bb, de Juan Panetta y Kevin Cabuli.<\/em><\/p>\n<p>Tincho y Rulo: \u00abHabla de que el tipo estaba un paso delante de todos y de los pasos que gener\u00f3 en la industria. Es m\u00e1s real y concreto desde el punto de vista del producto y el negocio\u00bb.<\/p>\n<p>&nbsp;<br \/>\n<a href=\"http:\/\/www.primerbrief.com\/wp-content\/uploads\/2011\/11\/ARG-SteveJobsTime-DelfinaCanoMarianaVisciglia-GR.jpg\" onclick=\"_gaq.push(['_trackEvent', 'outbound-article-int', 'http:\/\/www.primerbrief.com\/wp-content\/uploads\/2011\/11\/ARG-SteveJobsTime-DelfinaCanoMarianaVisciglia-GR.jpg', '']);\" ><img loading=\"lazy\" decoding=\"async\" src=\"http:\/\/www.primerbrief.com\/wp-content\/uploads\/2011\/11\/ARG-DelfinaCanoMarianaVisciglia-580px.jpg\" alt=\"\" title=\"ARG-DelfinaCanoMarianaVisciglia-580px\" width=\"580\" height=\"409\" class=\"alignleft size-full wp-image-4982\" srcset=\"https:\/\/www.primerbrief.com\/wp-content\/uploads\/2011\/11\/ARG-DelfinaCanoMarianaVisciglia-580px.jpg 580w, https:\/\/www.primerbrief.com\/wp-content\/uploads\/2011\/11\/ARG-DelfinaCanoMarianaVisciglia-580px-300x211.jpg 300w\" sizes=\"auto, (max-width: 580px) 100vw, 580px\" \/><\/a><br \/>\n<em>\u00abSu filosof\u00eda de vida se bas\u00f3 en simplificar la nuestra\u00bb, de Delfina Cano y Mariana Visciglia.<\/em><\/p>\n<p>Tincho y Rulo: \u00abHabla m\u00e1s que nada de la filosof\u00eda de Steve Jobs. No era tan ingenioso, pero era algo real que nos pareci\u00f3 muy interesante\u00bb.<\/p>\n<p>&nbsp;<br \/>\n<span style=\"font-size: 11pt\"><strong>CONCLUSI\u00d3N DE PROFES<\/strong><\/span><\/p>\n<p>Rulo: \u201cSiempre tratamos de dar briefs, aunque sea para alumnos de primer a\u00f1o. Algo que les podr\u00eda salir realmente laburando en cualquier agencia, que pueda pasar con informaci\u00f3n en un instante determinado. Un trabajo, adem\u00e1s, que deber\u00edas resolver en nada m\u00e1s que cinco o seis d\u00edas. Nos pareci\u00f3 muy positivo que los chicos, a pesar de estar reci\u00e9n cursando el primer a\u00f1o, no cayeron en el lugar com\u00fan de trabajar con la manzanita, que de hecho eso era lo que tratamos de evitar desde un principio. El tono que utilizaron es bueno, porque deb\u00eda ser coherente con la muerte de alguien importante\u201d.<\/p>\n<p>Tincho: \u201cSe simplificaba en que no hab\u00eda que buscar un concepto, pero ten\u00eda la complejidad del tono: son esos avisos que son buenos o son una cagada, hab\u00eda que buscar el t\u00e9rmino medio y los chicos lo lograron\u201d.<\/p>\n<p>Los dos juntos: \u201cLa complejidad estaba en que hab\u00eda algo bueno y malo, que iban a tener tanta informaci\u00f3n que deb\u00edan, de todo, seleccionar algo puntual\u201d.<\/p>\n<div style=\" background-color:#F4F4F4; width:560px; float:left; padding:10px; margin-top:20px; margin-bottom:20px; border-top:solid 10px #CCCCCC; border-bottom:solid 10px #CCCCCC; line-height:16px; font-size:12px\">\n<img decoding=\"async\" style=\"width:560px; border-top:solid 0px; border-right:solid 0px; border-bottom:solid 0px; border-left:solid 0px; margin-bottom:10px; float:left\" src=\"http:\/\/www.primerbrief.com\/wp-content\/uploads\/2011\/07\/PB-RecuadroMasInfo.jpg\" \/><br \/>\n<span style=\"font-size: 11pt\">Para leer un di\u00e1logo exclusiva con Tincho y Rulo hacer clic <a href=\"http:\/\/www.primerbrief.com\/?p=4960\" onclick=\"_gaq.push(['_trackEvent', 'outbound-article-int', 'http:\/\/www.primerbrief.com\/?p=4960', 'ac\u00e1']);\" >ac\u00e1<\/a>.\n<\/div>\n<div align=\"left\">&#160;<\/div>\n","protected":false},"excerpt":{"rendered":"<p>(ARGENTINA) &#8211; A pedido de los profesores Mart\u00edn Ins\u00faa y Mat\u00edas Asencio, de la materia Creatividad Publicitaria, alumnos de 1\u00b0 a\u00f1o de la Escuela Superior de Creativos Publicitarios realizaron gr\u00e1ficas que deb\u00edan promover la edici\u00f3n que la revista estadounidense Time public\u00f3 en homenaje a Steve Jobs (1955-2011) apenas despu\u00e9s de su muerte, ocurrida el 5 de octubre pasado. PRIMER BRIEF [&hellip;]<\/p>\n","protected":false},"author":3,"featured_media":5143,"comment_status":"open","ping_status":"open","sticky":false,"template":"","format":"standard","meta":{"footnotes":""},"categories":[16],"tags":[271,26,766,23,765,173,262,767,273,259,363,362,272],"class_list":["post-4980","post","type-post","status-publish","format-standard","has-post-thumbnail","hentry","category-estudiantes","tag-apple","tag-argentina","tag-delfina-cano-argentina","tag-escuela-superior-de-creativos-publicitarios-argentina","tag-juan-panetta-argentina","tag-kevin-cabuli-argentina","tag-lola-diaz-cantoni-argentina","tag-mac","tag-macintosh","tag-mariana-visciglia-argentina","tag-martin-insua","tag-matias-asencio","tag-steve-jobs"],"_links":{"self":[{"href":"https:\/\/www.primerbrief.com\/index.php?rest_route=\/wp\/v2\/posts\/4980","targetHints":{"allow":["GET"]}}],"collection":[{"href":"https:\/\/www.primerbrief.com\/index.php?rest_route=\/wp\/v2\/posts"}],"about":[{"href":"https:\/\/www.primerbrief.com\/index.php?rest_route=\/wp\/v2\/types\/post"}],"author":[{"embeddable":true,"href":"https:\/\/www.primerbrief.com\/index.php?rest_route=\/wp\/v2\/users\/3"}],"replies":[{"embeddable":true,"href":"https:\/\/www.primerbrief.com\/index.php?rest_route=%2Fwp%2Fv2%2Fcomments&post=4980"}],"version-history":[{"count":21,"href":"https:\/\/www.primerbrief.com\/index.php?rest_route=\/wp\/v2\/posts\/4980\/revisions"}],"predecessor-version":[{"id":5152,"href":"https:\/\/www.primerbrief.com\/index.php?rest_route=\/wp\/v2\/posts\/4980\/revisions\/5152"}],"wp:featuredmedia":[{"embeddable":true,"href":"https:\/\/www.primerbrief.com\/index.php?rest_route=\/wp\/v2\/media\/5143"}],"wp:attachment":[{"href":"https:\/\/www.primerbrief.com\/index.php?rest_route=%2Fwp%2Fv2%2Fmedia&parent=4980"}],"wp:term":[{"taxonomy":"category","embeddable":true,"href":"https:\/\/www.primerbrief.com\/index.php?rest_route=%2Fwp%2Fv2%2Fcategories&post=4980"},{"taxonomy":"post_tag","embeddable":true,"href":"https:\/\/www.primerbrief.com\/index.php?rest_route=%2Fwp%2Fv2%2Ftags&post=4980"}],"curies":[{"name":"wp","href":"https:\/\/api.w.org\/{rel}","templated":true}]}}