{"id":5543,"date":"2011-12-05T00:37:18","date_gmt":"2011-12-05T03:37:18","guid":{"rendered":"http:\/\/www.primerbrief.com\/?p=5543"},"modified":"2012-02-02T18:47:07","modified_gmt":"2012-02-02T21:47:07","slug":"leonard-cohen-agradecimiento-que-estremece","status":"publish","type":"post","link":"https:\/\/www.primerbrief.com\/?p=5543","title":{"rendered":"Leonard Cohen: agradecimiento que estremece"},"content":{"rendered":"<p><span style=\"font-size: 11pt\"><strong>(ESPA\u00d1A) &#8211; Poeta, novelista y cantante canadiense nacido el 21 de septiembre de 1934, el inmenso Leonard Cohen recibi\u00f3 el premio literario Pr\u00edncipe de Asturias el 21 de octubre pasado, en la ciudad espa\u00f1ola de Oviedo. En la nota, el video y la transcripci\u00f3n por escrito de su discurso de agradecimiento, que incluye una guitarra, unas clases y una historia estremecedora.<\/strong><\/span><\/p>\n<p><iframe loading=\"lazy\" width=\"580\" height=\"325\" src=\"http:\/\/www.youtube.com\/embed\/X4jEI-Wk-n0\" frameborder=\"0\" allowfullscreen><\/iframe><br \/>\n<em>La versi\u00f3n del video incluye la traducci\u00f3n al espa\u00f1ol en vivo: puede resultar molesta, pero constituye un documento \u00fanico y, por otro lado, es imprescindible para quien no entiende ingl\u00e9s.<\/em><\/p>\n<p>&nbsp;<br \/>\n<img loading=\"lazy\" decoding=\"async\" src=\"http:\/\/www.primerbrief.com\/wp-content\/uploads\/2011\/12\/INT-LeonardCohenRecibePrincipeAsturias-60x60px.jpg\" width=\"60\" height=\"60\" class=\"alignleft size-full wp-image-4110\" style=\"margin: 0px 10px 0px 0px\" \/><strong>POR <a href=\"http:\/\/es.wikipedia.org\/wiki\/Leonard_Cohen\" onclick=\"_gaq.push(['_trackEvent', 'outbound-article', 'http:\/\/es.wikipedia.org\/wiki\/Leonard_Cohen', 'LEONARD COHEN']);\" target=\"_blank\">LEONARD COHEN<\/a><\/strong><br \/>\nDiscurso al recibir el premio Pr\u00edncipe de Asturias<br \/>\n<strong><em>(Foto: tomada del video)<\/em><\/strong><\/p>\n<p style=\"clear:left;\">\n<p>&nbsp;<br \/>\nExcelencias, miembros del jurado, distinguidos premiados, se\u00f1oras y se\u00f1ores:<\/p>\n<p>Es un gran honor estar aqu\u00ed ante ustedes esta noche. Quiz\u00e1 no est\u00e9 acostumbrado \u2014como el gran maestro Ricardo Muti\u2014 a estar ante el p\u00fablico sin una orquesta tras de m\u00ed, pero har\u00e9 lo que pueda.<\/p>\n<p>Me pas\u00e9 toda la noche blanco, pensando qu\u00e9 podr\u00eda decir aqu\u00ed, ante esta asamblea de distinguidas personas. Tras comerme todas las barras de chocolate y todos los cacahuetes del minibar, garabate\u00e9 unas pocas palabras, y no creo que me tenga que referir a ellas. Estoy muy emocionado por este reconocimiento.<\/p>\n<p>Si yo supiera de d\u00f3nde vienen las canciones, las crear\u00eda m\u00e1s a menudo. Mientras hac\u00eda el equipaje para venir, cog\u00ed mi guitarra. Tengo una guitarra Laconte que est\u00e1 hecha en la calle Caminal, 7, en Espa\u00f1a. Es un instrumento que tendr\u00e1 unos 40 a\u00f1os, m\u00e1s o menos. El instrumento y la caja, eran como de helio, eran muy ligeros. Me puse la guitarra casi en la cara. La miraba. Con lo bien dise\u00f1ada que est\u00e1\u2026 Ol\u00eda la fragancia de la madera viva, porque sabemos que la madera nunca llega a morir. Y ol\u00eda esa fragancia del cedro tan fresco como si fuera el primer d\u00eda cuando compr\u00e9 la guitarra, hace 40 a\u00f1os. Y la voz parec\u00eda decirme: \u00abEres un hombre viejo y no has dado las gracias, no has devuelto tu gratitud a quien la merece, al suelo y a la tierra. Con esta fragancia, de donde viene esta fragancia\u2026\u00bb.<\/p>\n<p>As\u00ed que vengo hoy, aqu\u00ed, esta noche a agradecer al suelo, a la tierra, a este pueblo que me ha dado tanto. Porque un hombre no es un DNI y un pa\u00eds no es s\u00f3lo eso tampoco. Una carta, un cr\u00e9dito no es un pa\u00eds. En esta fraternidad en la que estoy con el poeta Federico Garc\u00eda Lorca, puedo decir que cuando era joven y adolescente y buscaba una voz en m\u00ed, estudiaba los poetas ingleses y conoc\u00eda bien su obra y copiaba sus estilos, pero no encontraba mi voz. Solamente cuando por fin le\u00ed, aunque era una traducci\u00f3n, las obras de Federico Garc\u00eda Lorca, fue entonces cuando comprend\u00ed que hab\u00eda una voz. No es que haya copiado su voz. Yo no me atrever\u00eda a hacer eso. Pero me dio permiso para encontrar una voz, para ubicar una voz. Es decir, para ubicar el yo, un yo que no est\u00e1 del todo terminado, que lucha por su propia existencia. Conforme me iba haciendo mayor comprend\u00ed que las instrucciones ven\u00edan con esa voz. \u00bfQu\u00e9 instrucciones eran esas? Nunca lamentar, ni siquiera casualmente, si queremos expresar la derrota que nos ataca a todos, tiene que ser en los confines estrictos de la dignidad y de la belleza. Y por tanto ya hab\u00eda encontrado mi yo, pero no ten\u00eda el instrumento para expresarla, no ten\u00eda una canci\u00f3n.<\/p>\n<p>Y ahora voy a contarles muy brevemente la historia de c\u00f3mo consegu\u00ed mi canci\u00f3n, porque era un guitarrista indiferente. Yo mamporreaba la guitarra, s\u00f3lo sab\u00eda unos cuantos acordes. Me sentaba con mis amigos, mis colegas; beb\u00edamos, cant\u00e1bamos canciones. En mil a\u00f1os nunca me vi como un m\u00fasico o como cantante. Pero un d\u00eda, a principios de los 60 estaba de visita en casa de mi madre, estaba frente a un parque, y en el parque hab\u00eda una pista de tenis, y all\u00ed iba mucha gente a ver a los j\u00f3venes jugadores de tenis disfrutando de su deporte. Fui a ese parque que conoc\u00eda de la infancia y hab\u00eda un joven tocando la guitarra flamenca y estaba rodeado de dos o tres chicas que estaban escuch\u00e1ndole y me encantaba c\u00f3mo tocaba. Hab\u00eda algo en su manera de tocar que me cautivaba. Yo quer\u00eda tocar as\u00ed. Yo sab\u00eda que nunca ser\u00eda capaz de tocar as\u00ed. As\u00ed que me sent\u00e9 all\u00ed, con otras personas que escuchaban durante un rato, y luego se hizo el silencio&#8230; un silencio muy apropiado, y le pregunt\u00e9 si me dar\u00eda clases de guitarra. Era un joven de Espa\u00f1a, y s\u00f3lo pod\u00edamos entendernos con un poquito de franc\u00e9s; no hablaba ingl\u00e9s. Dijo: \u00abS\u00ed, te dar\u00e9 clases de guitarra\u00bb. Dije: \u00abVivo all\u00ed, en la casa de mi madre\u00bb.<\/p>\n<p>Quedamos y establecimos el precio de las clases y vino a casa de mi madre al d\u00eda siguiente y dijo: \u00abD\u00e9jame o\u00edrte tocar algo\u00bb. Yo empec\u00e9 a tocar algo y dijo: \u00abNo tienes ni idea de c\u00f3mo tocar, \u00bfverdad?\u00bb. \u00abNo, la verdad es que no s\u00e9 tocar\u00bb. \u00abEn primer lugar d\u00e9jame que afine la guitarra, porque est\u00e1 desafinada\u00bb. Cogi\u00f3 la guitarra, la afin\u00f3 y dijo: \u00abNo es una mala guitarra\u00bb. No era Laconte, pero no era una guitarra mala. Me la devolvi\u00f3 y dijo: \u00abAhora ponte a tocar\u00bb. No sab\u00eda tocar mejor, la verdad. \u00abVoy a hacer algunos acordes\u00bb, y cogi\u00f3 la guitarra y produjo un sonido de la guitarra que yo, evidentemente, nunca hab\u00eda o\u00eddo. Y form\u00f3 la secuencia de acordes, as\u00ed, de manera r\u00e1pida. Y dijo: \u00abAhora hazlo t\u00fa\u00bb. Y dije, no, no s\u00e9 hacerlo. \u00abA ver, d\u00e9jame que use yo tus dedos y te ir\u00e9 diciendo d\u00f3nde los tienes que poner\u00bb, y los puso en el m\u00e1stil. \u00abY ahora toca\u00bb. Y fue un desastre. \u00abVuelve ma\u00f1ana\u00bb, me dijo. Volvi\u00f3 al d\u00eda siguiente, me puso las manos en la guitarra, la puse en mi regazo, en la manera adecuada, con la postura buena y empec\u00e9 otra vez esos seis acordes y la progresi\u00f3n de seis cuerdas. Muchas canciones flamencas son en la progresi\u00f3n de seis acordes. Y la verdad es que me sent\u00ed mejor. Al tercer d\u00eda mejor\u00f3 la cosa. Pero ya sab\u00eda los acordes y sab\u00eda que, aunque no pod\u00eda coordinar los dedos adecuadamente para producir el sonido correcto, era la pauta de sonido que \u00e9l quer\u00eda; sab\u00eda los acordes. Los sab\u00eda muy, muy bien.<\/p>\n<p>Al d\u00eda siguiente no vino. Yo ten\u00eda el n\u00famero de la pensi\u00f3n de la que estaba qued\u00e1ndose en Montreal y llam\u00e9 por tel\u00e9fono para ver por qu\u00e9 no hab\u00eda venido. Y me dijeron que se hab\u00eda suicidado, y yo no sab\u00eda nada de este se\u00f1or. No sab\u00eda de qu\u00e9 parte de Espa\u00f1a proced\u00eda, desconoc\u00eda por qu\u00e9 hab\u00eda venido en concreto a la ciudad de Montreal, por qu\u00e9 se quedaba en Montreal en esos momentos, por qu\u00e9 estaba en esa pista de tenis. No ten\u00eda ni idea de por qu\u00e9 se hab\u00eda quitado la vida. Estaba muy triste, evidentemente. Ahora estoy contando lo que nunca hab\u00eda contado en p\u00fablico. Esos seis acordes, esa pauta de sonido de la guitarra, han sido la base de todas mis canciones, de toda mi m\u00fasica.<\/p>\n<p>Y ahora podr\u00e1n comenzar a entender las dimensiones de la gratitud que yo tengo por este pa\u00eds. Todo lo que han encontrado favorable en mi trabajo, en mi obra, viene de este lugar que les he contado. Todo lo que ustedes encuentran favorable en mis canciones, en mi poes\u00eda, est\u00e1n inspiradas por esta tierra y por tanto les agradezco enormemente esta c\u00e1lida hospitalidad que me han demostrado y que han mostrado por mi obra, porque es suya y me han permitido poner mi firma al final de la \u00faltima p\u00e1gina.<\/p>\n<p>Gracias.<\/p>\n","protected":false},"excerpt":{"rendered":"<p>(ESPA\u00d1A) &#8211; Poeta, novelista y cantante canadiense nacido el 21 de septiembre de 1934, el inmenso Leonard Cohen recibi\u00f3 el premio literario Pr\u00edncipe de Asturias el 21 de octubre pasado, en la ciudad espa\u00f1ola de Oviedo. En la nota, el video y la transcripci\u00f3n por escrito de su discurso de agradecimiento, que incluye una guitarra, unas clases y una historia [&hellip;]<\/p>\n","protected":false},"author":3,"featured_media":5544,"comment_status":"open","ping_status":"open","sticky":false,"template":"","format":"standard","meta":{"footnotes":""},"categories":[41],"tags":[52,48,903,904],"class_list":["post-5543","post","type-post","status-publish","format-standard","has-post-thumbnail","hentry","category-literatura","tag-canada","tag-espana","tag-leonard-cohen-canada","tag-premio-principe-de-asturias"],"_links":{"self":[{"href":"https:\/\/www.primerbrief.com\/index.php?rest_route=\/wp\/v2\/posts\/5543","targetHints":{"allow":["GET"]}}],"collection":[{"href":"https:\/\/www.primerbrief.com\/index.php?rest_route=\/wp\/v2\/posts"}],"about":[{"href":"https:\/\/www.primerbrief.com\/index.php?rest_route=\/wp\/v2\/types\/post"}],"author":[{"embeddable":true,"href":"https:\/\/www.primerbrief.com\/index.php?rest_route=\/wp\/v2\/users\/3"}],"replies":[{"embeddable":true,"href":"https:\/\/www.primerbrief.com\/index.php?rest_route=%2Fwp%2Fv2%2Fcomments&post=5543"}],"version-history":[{"count":4,"href":"https:\/\/www.primerbrief.com\/index.php?rest_route=\/wp\/v2\/posts\/5543\/revisions"}],"predecessor-version":[{"id":6317,"href":"https:\/\/www.primerbrief.com\/index.php?rest_route=\/wp\/v2\/posts\/5543\/revisions\/6317"}],"wp:featuredmedia":[{"embeddable":true,"href":"https:\/\/www.primerbrief.com\/index.php?rest_route=\/wp\/v2\/media\/5544"}],"wp:attachment":[{"href":"https:\/\/www.primerbrief.com\/index.php?rest_route=%2Fwp%2Fv2%2Fmedia&parent=5543"}],"wp:term":[{"taxonomy":"category","embeddable":true,"href":"https:\/\/www.primerbrief.com\/index.php?rest_route=%2Fwp%2Fv2%2Fcategories&post=5543"},{"taxonomy":"post_tag","embeddable":true,"href":"https:\/\/www.primerbrief.com\/index.php?rest_route=%2Fwp%2Fv2%2Ftags&post=5543"}],"curies":[{"name":"wp","href":"https:\/\/api.w.org\/{rel}","templated":true}]}}