{"id":5639,"date":"2011-12-08T04:00:36","date_gmt":"2011-12-08T07:00:36","guid":{"rendered":"http:\/\/www.primerbrief.com\/?p=5639"},"modified":"2012-02-02T18:45:40","modified_gmt":"2012-02-02T21:45:40","slug":"estrategias-la-filosofia-de-la-innovacion-por-ferran-adria","status":"publish","type":"post","link":"https:\/\/www.primerbrief.com\/?p=5639","title":{"rendered":"La filosof\u00eda de la innovaci\u00f3n, por Ferr\u00e1n Adri\u00e0"},"content":{"rendered":"<p><span style=\"font-size: 11pt\"><strong>(ESPA\u00d1A) &#8211; \u00abUno de los temas de los que se escucha hablar mucho \u00faltimamente es la innovaci\u00f3n \u2014afirma Aurora Montes en este breve repaso de lo que dej\u00f3 el estratega de la cocina espa\u00f1ol en su paso por Buenos Aires hace algunas semanas\u2014. Me imagino que una de las principales razones se pueda deber al excesivo alcance que tenemos la poblaci\u00f3n activa al mundo digital a los distintos contenidos que ofrece internet, que deriva en una atenci\u00f3n fugaz a dichas informaciones y cuyo mecanismo de cautiverio debe ser impactante, diferente y como digo, innovador\u00bb.<\/strong><\/span><\/p>\n<p><img loading=\"lazy\" decoding=\"async\" src=\"http:\/\/www.primerbrief.com\/wp-content\/uploads\/2011\/12\/ESP-FerranAdriaEnBuenosAires-580px.jpg\" alt=\"\" title=\"ESP-FerranAdriaEnBuenosAires-580px\" width=\"580\" height=\"388\" class=\"alignleft size-full wp-image-5641\" srcset=\"https:\/\/www.primerbrief.com\/wp-content\/uploads\/2011\/12\/ESP-FerranAdriaEnBuenosAires-580px.jpg 580w, https:\/\/www.primerbrief.com\/wp-content\/uploads\/2011\/12\/ESP-FerranAdriaEnBuenosAires-580px-300x200.jpg 300w\" sizes=\"auto, (max-width: 580px) 100vw, 580px\" \/><br \/>\n<em>\u00abAdri\u00e0 se dirige a la sala con un mensaje claro y universal: debemos innovar en todo lo que hacemos y esto, integrado por la tecnolog\u00eda, lleva a la cima de las grandes transformaciones\u00bb.<\/em><\/p>\n<p>&nbsp;<br \/>\n<img loading=\"lazy\" decoding=\"async\" src=\"http:\/\/www.primerbrief.com\/wp-content\/uploads\/2011\/06\/staff-auro1.jpg\" width=\"60\" height=\"60\" class=\"alignleft size-full wp-image-4110\" style=\"margin: 0px 10px 0px 0px\" \/><strong>POR <a href=\"http:\/\/www.primerbrief.com\/?tag=aurora-montes-espana\" onclick=\"_gaq.push(['_trackEvent', 'outbound-article-int', 'http:\/\/www.primerbrief.com\/?tag=aurora-montes-espana', 'AURORA MONTES']);\" target=\"_blank\">AURORA MONTES<\/a><\/strong>, de la redacci\u00f3n de PB<br \/>\n<img loading=\"lazy\" decoding=\"async\" src=\"http:\/\/www.primerbrief.com\/wp-content\/uploads\/2011\/11\/IconoEmail-17x12px.jpg\" width=\"17\" height=\"12\" class=\"alignleft size-full wp-image-5276\" style=\"margin: 0px 10px 0px 0px\" \/> <a href=\"mailto:auroramontes@primerbrief.com\" onclick=\"_gaq.push(['_trackEvent','mailto','auroramontes@primerbrief.com']);\" >auroramontes@primerbrief.com<\/a><br \/>\n<img loading=\"lazy\" decoding=\"async\" src=\"http:\/\/www.primerbrief.com\/wp-content\/uploads\/2011\/11\/IconoTwitter-16x16px.jpg\" alt=\"\" title=\"IconoTwitter-16x16px\" width=\"16\" height=\"16\" class=\"alignleft size-full wp-image-5277\" style=\"margin: 0px 10px 0px 0px\" \/> <a href=\"http:\/\/twitter.com\/#!\/UtopicAuro\" onclick=\"_gaq.push(['_trackEvent', 'outbound-article', 'http:\/\/twitter.com\/#!\/UtopicAuro', '@UtopicAuro']);\" target=\"_blank\">@UtopicAuro<\/a><\/p>\n<p style=\"clear:left;\">\n<p>&nbsp;<br \/>\nUno de los temas de los que se escucha hablar mucho \u00faltimamente es la innovaci\u00f3n. Me imagino que una de las principales razones se pueda deber al excesivo alcance que tenemos la poblaci\u00f3n activa al mundo digital a los distintos contenidos que ofrece internet, que deriva en una atenci\u00f3n fugaz a dichas informaciones y cuyo mecanismo de cautiverio debe ser impactante, diferente y como digo, innovador.<\/p>\n<p>Al igual que muchos conferencistas de las ya muy conocidas charlas TED  \u2014recientemente celebrada una edici\u00f3n en el R\u00edo de la Plata\u2014, el pasado 3 de noviembre pas\u00f3 por Buenos Aires, a iniciativa de la Fundaci\u00f3n Telef\u00f3nica, el empresario gastron\u00f3mico espa\u00f1ol Ferr\u00e1n Adri\u00e0 bajo el lema \u201cJuntos para transformar\u201d.<\/p>\n<p>Debido a su poca flexibilidad comunicacional, podemos interpretar que esta charla llevaba una fuerte carga de frivolidad ante el \u00e9xito de El Bull\u00ed \u2014su exitoso restaurante en Barcelona, merecedor de tres estrellas Michelin\u2014 y el fracaso de muchas otras empresas gastron\u00f3micas.<\/p>\n<p>Pero no debemos ignorar el altruismo de su discurso. Adri\u00e0 se dirige a la sala con un mensaje claro y universal: debemos innovar en todo lo que hacemos y esto, integrado por la tecnolog\u00eda, lleva a la cima de las grandes transformaciones.<\/p>\n<p>Nuestras capacidades creativas deben alimentar a nuestro hacer empresarial con honestidad, dirigi\u00e9ndolo a la constante innovaci\u00f3n, desafiando a los paradigmas de la sociedad y provocando incansablemente a la imaginaci\u00f3n. Al compartir estos contenidos nuevos podemos universalizarlos para crear negocios no s\u00f3lo m\u00e1s rentables, sino pioneros en ofrecer experiencias \u00fanicas a los consumidores con un inigualable valor agregado que dejar\u00e1 boquiabierto hasta al m\u00e1s cr\u00edtico de los cr\u00edticos. <\/p>\n<p>Debemos utilizar nuestra insatisfacci\u00f3n para dar a luz a ideas brillantes.<\/p>\n<p>Para saber m\u00e1s sobre el exitoso caso de El Bulli dejamos el link al trailer del documental \u201cCooking in process\u201d:<\/p>\n<p><iframe loading=\"lazy\" width=\"580\" height=\"325\" src=\"http:\/\/www.youtube.com\/embed\/oGqZINC_oXE\" frameborder=\"0\" allowfullscreen><\/iframe><\/p>\n","protected":false},"excerpt":{"rendered":"<p>(ESPA\u00d1A) &#8211; \u00abUno de los temas de los que se escucha hablar mucho \u00faltimamente es la innovaci\u00f3n \u2014afirma Aurora Montes en este breve repaso de lo que dej\u00f3 el estratega de la cocina espa\u00f1ol en su paso por Buenos Aires hace algunas semanas\u2014. Me imagino que una de las principales razones se pueda deber al excesivo alcance que tenemos la [&hellip;]<\/p>\n","protected":false},"author":3,"featured_media":5640,"comment_status":"open","ping_status":"open","sticky":false,"template":"","format":"standard","meta":{"footnotes":""},"categories":[470],"tags":[113,48,922],"class_list":["post-5639","post","type-post","status-publish","format-standard","has-post-thumbnail","hentry","category-estrategia","tag-aurora-montes-espana","tag-espana","tag-ferran-adria-espana"],"_links":{"self":[{"href":"https:\/\/www.primerbrief.com\/index.php?rest_route=\/wp\/v2\/posts\/5639","targetHints":{"allow":["GET"]}}],"collection":[{"href":"https:\/\/www.primerbrief.com\/index.php?rest_route=\/wp\/v2\/posts"}],"about":[{"href":"https:\/\/www.primerbrief.com\/index.php?rest_route=\/wp\/v2\/types\/post"}],"author":[{"embeddable":true,"href":"https:\/\/www.primerbrief.com\/index.php?rest_route=\/wp\/v2\/users\/3"}],"replies":[{"embeddable":true,"href":"https:\/\/www.primerbrief.com\/index.php?rest_route=%2Fwp%2Fv2%2Fcomments&post=5639"}],"version-history":[{"count":4,"href":"https:\/\/www.primerbrief.com\/index.php?rest_route=\/wp\/v2\/posts\/5639\/revisions"}],"predecessor-version":[{"id":6315,"href":"https:\/\/www.primerbrief.com\/index.php?rest_route=\/wp\/v2\/posts\/5639\/revisions\/6315"}],"wp:featuredmedia":[{"embeddable":true,"href":"https:\/\/www.primerbrief.com\/index.php?rest_route=\/wp\/v2\/media\/5640"}],"wp:attachment":[{"href":"https:\/\/www.primerbrief.com\/index.php?rest_route=%2Fwp%2Fv2%2Fmedia&parent=5639"}],"wp:term":[{"taxonomy":"category","embeddable":true,"href":"https:\/\/www.primerbrief.com\/index.php?rest_route=%2Fwp%2Fv2%2Fcategories&post=5639"},{"taxonomy":"post_tag","embeddable":true,"href":"https:\/\/www.primerbrief.com\/index.php?rest_route=%2Fwp%2Fv2%2Ftags&post=5639"}],"curies":[{"name":"wp","href":"https:\/\/api.w.org\/{rel}","templated":true}]}}