{"id":6004,"date":"2012-01-11T04:00:41","date_gmt":"2012-01-11T07:00:41","guid":{"rendered":"http:\/\/www.primerbrief.com\/?p=6004"},"modified":"2012-05-15T15:29:11","modified_gmt":"2012-05-15T18:29:12","slug":"italo-calvino-y-la-school-visual-of-arts","status":"publish","type":"post","link":"https:\/\/www.primerbrief.com\/?p=6004","title":{"rendered":"Italo Calvino y la School Visual of Arts"},"content":{"rendered":"<p><span style=\"font-size: 11pt\"><strong>(INTERNACIONAL) &#8211; En una conferencia m\u00edtica, el escritor italiano Italo Calvino (1923-1985) explic\u00f3 su m\u00e9todo para que no se le escaparan las innumerables ideas que aparec\u00edan en su cabeza a cada momento, una sugerencia que perfectamente podr\u00eda haber sido el brief con que, hace un par de a\u00f1os, la agencia neoyorquina Knarf concibi\u00f3 una campa\u00f1a gr\u00e1fica para The School of Visual Arts.<\/strong><\/span><\/p>\n<p><img loading=\"lazy\" decoding=\"async\" src=\"http:\/\/www.primerbrief.com\/wp-content\/uploads\/2012\/01\/ITA-ItaloCalvinoMasTheSchoolOfVisualArts-580px.jpg\" alt=\"\" title=\"ITA-ItaloCalvinoMasTheSchoolOfVisualArts-580px\" width=\"580\" height=\"301\" class=\"alignleft size-full wp-image-6007\" srcset=\"https:\/\/www.primerbrief.com\/wp-content\/uploads\/2012\/01\/ITA-ItaloCalvinoMasTheSchoolOfVisualArts-580px.jpg 580w, https:\/\/www.primerbrief.com\/wp-content\/uploads\/2012\/01\/ITA-ItaloCalvinoMasTheSchoolOfVisualArts-580px-300x155.jpg 300w\" sizes=\"auto, (max-width: 580px) 100vw, 580px\" \/><br \/>\n<em>A la izquierda, Calvino; a la derecha, una de las formas inesperadas que la agencia Knarf cre\u00f3 para que la gente pudiera escribir sus pensamientos donde fuera: sobrecitos de az\u00facar.<\/em><\/p>\n<p>&nbsp;<br \/>\n<img loading=\"lazy\" decoding=\"async\" src=\"http:\/\/www.primerbrief.com\/wp-content\/uploads\/2011\/06\/staff-pancho1.jpg\" width=\"60\" height=\"60\" class=\"alignleft size-full wp-image-4110\" style=\"margin: 0px 10px 0px 0px\" \/><strong>POR <a href=\"http:\/\/www.primerbrief.com\/?tag=pancho-dondo-argentina\" onclick=\"_gaq.push(['_trackEvent', 'outbound-article-int', 'http:\/\/www.primerbrief.com\/?tag=pancho-dondo-argentina', 'PANCHO DONDO']);\" target=\"_blank\">PANCHO DONDO<\/a><\/strong><br \/>\nDirector de PB<br \/>\n<strong><em>(Fotos PD)<\/em><\/strong><\/p>\n<p style=\"clear:left;\">\n<p>&nbsp;<br \/>\n<a href=\"http:\/\/www.schoolofvisualarts.edu\/\" onclick=\"_gaq.push(['_trackEvent', 'outbound-article', 'http:\/\/www.schoolofvisualarts.edu\/', 'The School of Visual Arts']);\" target=\"_blank\">The School of Visual Arts<\/a> es una casa de estudios de la ciudad de Nueva York en la que dictan clase pensadores creativos de la talla de Stefan Sagmeister, Paula Scher y Milton Glaser. Para promocionarla, en marzo de 2009, la agencia Knarf, de la misma ciudad, pens\u00f3 que no hab\u00eda mejor modo que sugerirle a la gente de cualquier lugar \u00abpensar\u00bb y, al mismo tiempo, ofrecerle un lugar en el que escribir sus pensamientos.<\/p>\n<p><a href=\"http:\/\/www.primerbrief.com\/wp-content\/uploads\/2012\/01\/EUA-KnarfNuevaYork-TheSchoolOfVisualArts-Think-GR.jpg\" onclick=\"_gaq.push(['_trackEvent', 'outbound-article-int', 'http:\/\/www.primerbrief.com\/wp-content\/uploads\/2012\/01\/EUA-KnarfNuevaYork-TheSchoolOfVisualArts-Think-GR.jpg', '']);\" ><img loading=\"lazy\" decoding=\"async\" src=\"http:\/\/www.primerbrief.com\/wp-content\/uploads\/2012\/01\/EUA-KnarfNuevaYork-TheSchoolOfVisualArts-Think-580px.jpg\" alt=\"\" title=\"EUA-KnarfNuevaYork-TheSchoolOfVisualArts-Think-580px\" width=\"580\" height=\"451\" class=\"alignleft size-full wp-image-6008\" srcset=\"https:\/\/www.primerbrief.com\/wp-content\/uploads\/2012\/01\/EUA-KnarfNuevaYork-TheSchoolOfVisualArts-Think-580px.jpg 580w, https:\/\/www.primerbrief.com\/wp-content\/uploads\/2012\/01\/EUA-KnarfNuevaYork-TheSchoolOfVisualArts-Think-580px-300x233.jpg 300w\" sizes=\"auto, (max-width: 580px) 100vw, 580px\" \/><\/a><br \/>\n<em>T\u00edtulo: \u00abThink\u00bb. Anunciante: The School of Visual Arts. Agencia: Knarf New York (Estados Unidos). Director creativo, redactor y director de arte: Frank Anselmo. Fot\u00f3grafo: Billy Siegrist.<\/em><\/p>\n<p>&nbsp;<br \/>\n<span style=\"font-size: 11pt\"><strong>PALABRA DE CALVINO<\/strong><\/span><\/p>\n<p>Italo Calvino (Santiago de las Vegas, Cuba, 1923, hijo de padres italianos &#8211; Siena, Italia, 1985) public\u00f3 <em>Las ciudades invisibles<\/em> en 1972. En su momento brind\u00f3 algunas entrevistas en distintos peri\u00f3dicos y habl\u00f3 del libro. Pero la explicaci\u00f3n m\u00e1s brillante del modo en que concibi\u00f3 ese y todos sus dem\u00e1s libros la brind\u00f3 el 29 de marzo de 1983 en Nueva York, ante los estudiantes de la Graduate Writing Division de la Columbia University.<\/p>\n<p>El que sigue es el comienzo de aquella conferencia, de un profundo grado de inspiraci\u00f3n para todo el que desee dedicarse profesionalmente a la creatividad en cualquier de sus formas:<\/p>\n<p><em>En \u00abLas ciudades invisibles\u00bb no se encuentran ciudades reconocibles. Son todas inventadas; he dado a cada una un nombre de mujer; el libro consta de cap\u00edtulos breves, cada uno de los cuales deber\u00eda servir de punto de partida de una reflexi\u00f3n v\u00e1lida para cualquier ciudad o para la ciudad en general\u00bb.<\/p>\n<p>\u00abEl libro naci\u00f3 lentamente, con intervalos a veces largos, como poemas que fui escribiendo, seg\u00fan las m\u00e1s diversas inspiraciones. Cuando escribo procedo por series: tengo muchas carpetas donde meto las p\u00e1ginas escritas, seg\u00fan las ideas que se me pasan por la cabeza, o apuntes de cosas que quisiera escribir. Tengo una carpeta para los objetos, una carpeta para los animales, una para las personas, una carpeta para los personajes hist\u00f3ricos y otra para los h\u00e9roes de la mitolog\u00eda; tengo una carpeta sobre las cuatro estaciones y una sobre los cinco sentidos; en una recojo p\u00e1ginas sobre las ciudades y los paisajes de mi vida y en otra ciudades imaginarias, fuera del espacio y del tiempo. Cuando una carpeta empieza a llenarse de folios, me pongo a pensar en el libro que puedo sacar de ellos\u00bb.<\/p>\n<p>\u00abAs\u00ed en los \u00faltimos a\u00f1os llev\u00e9 conmigo este libro de las ciudades, escribiendo de vez en cuando, fragmentariamente, pasando por fases diferentes. Durante un per\u00edodo se me ocurr\u00edan s\u00f3lo ciudades tristes, y en otro s\u00f3lo ciudades alegres; hubo un tiempo en que comparaba la ciudad con el cielo estrellado, en cambio en otro momento hablaba siempre de las basuras que se van extendiendo d\u00eda a d\u00eda fuera de las ciudades. Se hab\u00eda convertido en una suerte de diario que segu\u00eda mis humores y mis reflexiones; todo terminaba por transformarse en im\u00e1genes de ciudades: los libros que le\u00eda, las exposiciones de arte que visitaba, las discusiones con mis amigos\u00bb<\/em>.<\/p>\n<div style=\" background-color:#F4F4F4; width:560px; float:left; padding:10px; margin-top:20px; margin-bottom:20px; border-top:solid 10px #CCCCCC; border-bottom:solid 10px #CCCCCC; line-height:16px; font-size:12px\">\n<img decoding=\"async\" style=\"width:560px; border-top:solid 0px; border-right:solid 0px; border-bottom:solid 0px; border-left:solid 0px; margin-bottom:10px; float:left\" src=\"http:\/\/www.primerbrief.com\/wp-content\/uploads\/2011\/07\/PB-RecuadroMasInfo.jpg\" \/><br \/>\nGracias <a href=\"http:\/\/www.facebook.com\/profile.php?id=100000243183100\" onclick=\"_gaq.push(['_trackEvent', 'outbound-article', 'http:\/\/www.facebook.com\/profile.php?id=100000243183100', 'Mariano Rold\u00e1n']);\" target=\"_blank\">Mariano Rold\u00e1n<\/a> por la inspiraci\u00f3n brindada para esta nota: que hayas publicado la campa\u00f1a de Knarf me hizo acordar inmediatamente del texto de Calvino.\n<\/div>\n","protected":false},"excerpt":{"rendered":"<p>(INTERNACIONAL) &#8211; En una conferencia m\u00edtica, el escritor italiano Italo Calvino (1923-1985) explic\u00f3 su m\u00e9todo para que no se le escaparan las innumerables ideas que aparec\u00edan en su cabeza a cada momento, una sugerencia que perfectamente podr\u00eda haber sido el brief con que, hace un par de a\u00f1os, la agencia neoyorquina Knarf concibi\u00f3 una campa\u00f1a gr\u00e1fica para The School of [&hellip;]<\/p>\n","protected":false},"author":3,"featured_media":6005,"comment_status":"open","ping_status":"open","sticky":false,"template":"","format":"standard","meta":{"footnotes":""},"categories":[100],"tags":[27,986,988,987,989],"class_list":["post-6004","post","type-post","status-publish","format-standard","has-post-thumbnail","hentry","category-consejos-para-tu-carpeta","tag-internacional","tag-italo-calvino","tag-knarf-nueva-york","tag-mariano-roldan-argentina","tag-the-school-of-visual-arts"],"_links":{"self":[{"href":"https:\/\/www.primerbrief.com\/index.php?rest_route=\/wp\/v2\/posts\/6004","targetHints":{"allow":["GET"]}}],"collection":[{"href":"https:\/\/www.primerbrief.com\/index.php?rest_route=\/wp\/v2\/posts"}],"about":[{"href":"https:\/\/www.primerbrief.com\/index.php?rest_route=\/wp\/v2\/types\/post"}],"author":[{"embeddable":true,"href":"https:\/\/www.primerbrief.com\/index.php?rest_route=\/wp\/v2\/users\/3"}],"replies":[{"embeddable":true,"href":"https:\/\/www.primerbrief.com\/index.php?rest_route=%2Fwp%2Fv2%2Fcomments&post=6004"}],"version-history":[{"count":5,"href":"https:\/\/www.primerbrief.com\/index.php?rest_route=\/wp\/v2\/posts\/6004\/revisions"}],"predecessor-version":[{"id":10402,"href":"https:\/\/www.primerbrief.com\/index.php?rest_route=\/wp\/v2\/posts\/6004\/revisions\/10402"}],"wp:featuredmedia":[{"embeddable":true,"href":"https:\/\/www.primerbrief.com\/index.php?rest_route=\/wp\/v2\/media\/6005"}],"wp:attachment":[{"href":"https:\/\/www.primerbrief.com\/index.php?rest_route=%2Fwp%2Fv2%2Fmedia&parent=6004"}],"wp:term":[{"taxonomy":"category","embeddable":true,"href":"https:\/\/www.primerbrief.com\/index.php?rest_route=%2Fwp%2Fv2%2Fcategories&post=6004"},{"taxonomy":"post_tag","embeddable":true,"href":"https:\/\/www.primerbrief.com\/index.php?rest_route=%2Fwp%2Fv2%2Ftags&post=6004"}],"curies":[{"name":"wp","href":"https:\/\/api.w.org\/{rel}","templated":true}]}}