{"id":6640,"date":"2012-02-15T04:00:39","date_gmt":"2012-02-15T07:00:39","guid":{"rendered":"http:\/\/www.primerbrief.com\/?p=6640"},"modified":"2012-02-16T00:26:37","modified_gmt":"2012-02-16T03:26:37","slug":"llega-el-tercer-dia-de-las-conferencias-publicitarias-en-bogota","status":"publish","type":"post","link":"https:\/\/www.primerbrief.com\/?p=6640","title":{"rendered":"Llega el tercer d\u00eda de las Conferencias Publicitarias en Bogot\u00e1"},"content":{"rendered":"<p><span style=\"font-size: 11pt\"><strong>(COLOMBIA) &#8211; Creadas hace dos a\u00f1os por Rodolfo Vel\u00e1squez G. (ejecutivo de cuentas digital en Leo Burnett) y Jos\u00e9 Alberto Sop\u00f3 (redactor de McCannErickson), es una larga serie de presentaciones de los principales publicitarios del pa\u00eds, que comenzaron la semana pasada, tendr\u00e1n lugar en las sedes de cuatro universidades colombianas hasta fin de mayo y cada vez tienen m\u00e1s p\u00fablico. Esta noche se presentan los directores generales creativos de Leo Burnett Colombiana.<\/strong><\/span><\/p>\n<p><a href=\"http:\/\/www.primerbrief.com\/wp-content\/uploads\/2012\/02\/COL-ConferenciasPublicitarias-AficheDelDia3-GR.jpg\" onclick=\"_gaq.push(['_trackEvent', 'outbound-article-int', 'http:\/\/www.primerbrief.com\/wp-content\/uploads\/2012\/02\/COL-ConferenciasPublicitarias-AficheDelDia3-GR.jpg', '']);\" ><img loading=\"lazy\" decoding=\"async\" src=\"http:\/\/www.primerbrief.com\/wp-content\/uploads\/2012\/02\/COL-ConferenciasPublicitarias-AficheDelDia3-580px.jpg\" alt=\"\" title=\"COL-ConferenciasPublicitarias-AficheDelDia3-580px\" width=\"580\" height=\"440\" class=\"alignleft size-full wp-image-6643\" srcset=\"https:\/\/www.primerbrief.com\/wp-content\/uploads\/2012\/02\/COL-ConferenciasPublicitarias-AficheDelDia3-580px.jpg 580w, https:\/\/www.primerbrief.com\/wp-content\/uploads\/2012\/02\/COL-ConferenciasPublicitarias-AficheDelDia3-580px-300x227.jpg 300w\" sizes=\"auto, (max-width: 580px) 100vw, 580px\" \/><\/a><br \/>\n<em>Los directores generales creativos de Leo Burnett Colombiana, Mauricio Sarmiento, Gonzo y Fernando Hern\u00e1ndez, se presentan hoy (jueves 16) a las 7 pm en la sede Norte de la Universidad Central.<\/em><\/p>\n<p>&nbsp;<br \/>\n<a href=\"http:\/\/www.primerbrief.com\/wp-content\/uploads\/2012\/02\/COL-ConferenciasPublicitarias-AficheGeneral-GR.jpg\" onclick=\"_gaq.push(['_trackEvent', 'outbound-article-int', 'http:\/\/www.primerbrief.com\/wp-content\/uploads\/2012\/02\/COL-ConferenciasPublicitarias-AficheGeneral-GR.jpg', '']);\" ><img loading=\"lazy\" decoding=\"async\" src=\"http:\/\/www.primerbrief.com\/wp-content\/uploads\/2012\/02\/COL-ConferenciasPublicitarias-AficheGeneral-155x240px.jpg\" alt=\"\" title=\"COL-ConferenciasPublicitarias-AficheGeneral-155x240px\" width=\"155\" height=\"240\" class=\"alignleft size-full wp-image-6645\" style=\"margin: 0px 10px 0px 0px\" \/><\/a><a href=\"https:\/\/twitter.com\/rodolfovg\" onclick=\"_gaq.push(['_trackEvent', 'outbound-article', 'https:\/\/twitter.com\/rodolfovg', 'Rodolfo Vel\u00e1squez G']);\" target=\"_blank\">Rodolfo Vel\u00e1squez G<\/a> y  <a href=\"https:\/\/twitter.com\/#!\/Josesopo\" onclick=\"_gaq.push(['_trackEvent', 'outbound-article', 'https:\/\/twitter.com\/#!\/Josesopo', 'Jos\u00e9 Alberto Sop\u00f3']);\" target=\"_blank\">Jos\u00e9 Alberto Sop\u00f3<\/a> crearon en 2010 <a href=\"http:\/\/www.facebook.com\/conferenciaspublicitarias\" onclick=\"_gaq.push(['_trackEvent', 'outbound-article', 'http:\/\/www.facebook.com\/conferenciaspublicitarias', 'Conferencias Publicitarias']);\" target=\"_blank\">Conferencias Publicitarias<\/a>, un proyecto para \u00abconectar la experiencia de las agencias de publicidad con el conocimiento de la academia\u00bb. La idea surgi\u00f3 en la Universidad Central y se fue abriendo a m\u00e1s publicitarios y m\u00e1s casas de estudio. As\u00ed, despu\u00e9s de dos ediciones que en total contaron con m\u00e1s de 15 conferencistas, se llega a la edici\u00f3n de este a\u00f1o, que en s\u00ed misma incluir\u00e1 15 presentaciones que tendr\u00e1n lugar en cuatro universidades distintas: Central, Tadeo, Polit\u00e9cnico y Libertadores.<\/p>\n<p>El evento, adem\u00e1s, cuenta con el apoyo de Redactores Publicitarios, Revista P&#038;M, Slide Depot, la escuela de creativos Brother Bogot\u00e1, 140 Caracteres Film Festival, Creadictos, C\u00edrculo de Creativos Hispanoamericanos, #MartesDeMarcas, Creativos Colombianos, Revista Cartel Urbano, Slide Prix Young Lions 2011, ObservatorioSocialMedia y la direcci\u00f3n de la carrera de publicidad de la Universidad Central, junto a agencias y otras empresas.<\/p>\n<p>El pasado martes 7, con la presentaci\u00f3n de Carlos Felipe Arango (presidente de Sancho BBDO), comenz\u00f3 la temporada 2012 de las Conferencias Publicitarias, que sigui\u00f3 ayer con los Young Lions, MartesDeMarcas &#8211; CP y el reel de ganadores de Cannes Lions 2011. El cronograma que sigue es:<\/p>\n<p><strong>CONFERENCIA 3:<\/strong> Jueves 16 de febrero, Universidad Central, Mauricio Sarmiento y Fernando Hernandez, directores generales creativos de Leo Burnett.<br \/>\n<strong>CONFERENCIA 4:<\/strong> Jueves 23 de febrero, Universidad los Libertadores, Jhon Raul Forero, vicepresidente creativo de Ogilvy.<br \/>\n<strong>CONFERENCIA 5:<\/strong> Mi\u00e9rcoles 29 de febrero, Universidad Central , Hugo Corredor y Giovanni Martinez, vicepresidentes creativos de Sancho BBBO.<br \/>\n<strong>CONFERENCIA 6:<\/strong> Martes 6 de marzo, Universidad Jorge Tadeo Lozano*, Samuel Estrada, vicepresidente creativo de McCann-Erickson.<br \/>\n<strong>CONFERENCIA 7:<\/strong> Lunes 12 de marzo, Universidad los Libertadores, Juan Pablo Rocha, presidente de JWT Colombia.<br \/>\n<strong>CONFERENCIA 8:<\/strong> Martes 20 de marzo, Politecnico Grancolombiano, Jimena Toledo, planner senior de Leo Burnett.<br \/>\n<strong>CONFERENCIA 9:<\/strong> Martes 27 marzo, Universidad Central, Carlos Cort\u00e9s, Cortes Media \/ Creativos Colombianos.<br \/>\n<strong>CONFERENCIA 10:<\/strong> Martes 10 de abril, Politecnico Grancolombiano, Alejandro Benavides, Greentool \/ ex &#8211; vicepresidente creativo de Lowe SSP3.<br \/>\n<strong>CONFERENCIA 11:<\/strong> Mi\u00e9rcoles 18 de abril, Universidad Central, Omar Romero \u00abOmar de Turnario\u00bb, director creativo de Mommentum &#8211; McCann Erickson.<br \/>\n<strong>CONFERENCIA 12:<\/strong> Lunes 23 de abril, Universidad Central, Rodrigo Bolivar, director creativo general digital de Tribal DDB.<br \/>\n<strong>CONFERENCIA 13:<\/strong> Mi\u00e9rcoles 3 de mayo*, Universidad Jorge Tadeo Lozano*, Mat\u00edas Jaramillo, director creativo digital de Sancho BBDO.<br \/>\n<strong>CONFERENCIA 14:<\/strong> Jueves 10 de mayo, Universidad Central, Armando Rico, director creativo de McCann-Erickson.<br \/>\n<strong>CONFERENCIA 15:<\/strong> Lunes 14 de mayo*, Universidad Jorge Tadeo Lozano*, V\u00edctor Manuel Osorio \u201cCaremonja\u201d, director creativo general de Y&#038;R.<br \/>\n<strong>CONFERENCIA 16:<\/strong> Jueves 24 de mayo, Universidad Central, Jose Miguel Sokoloff*, vicepresidente Lowe SSP3 y presidente del Consejo Creativo Mundial de Lowe.<\/p>\n<p>(*) Sujeto a cambios.<\/p>\n","protected":false},"excerpt":{"rendered":"<p>(COLOMBIA) &#8211; Creadas hace dos a\u00f1os por Rodolfo Vel\u00e1squez G. (ejecutivo de cuentas digital en Leo Burnett) y Jos\u00e9 Alberto Sop\u00f3 (redactor de McCannErickson), es una larga serie de presentaciones de los principales publicitarios del pa\u00eds, que comenzaron la semana pasada, tendr\u00e1n lugar en las sedes de cuatro universidades colombianas hasta fin de mayo y cada vez tienen m\u00e1s p\u00fablico. [&hellip;]<\/p>\n","protected":false},"author":3,"featured_media":6642,"comment_status":"open","ping_status":"open","sticky":false,"template":"","format":"standard","meta":{"footnotes":""},"categories":[5],"tags":[88,1093,1094,1097,1095,1096,1098,1099],"class_list":["post-6640","post","type-post","status-publish","format-standard","has-post-thumbnail","hentry","category-lugares-de-estudio","tag-colombia","tag-conferencias-publicitarias-colombia","tag-jose-alberto-sopo-colombia","tag-politecnico-grancolombiano","tag-rodolfo-velasquez-g-colombia","tag-universidad-central-colombia","tag-universidad-jorge-tadeo-lozano-colombia","tag-universidad-los-libertadores-colombia"],"_links":{"self":[{"href":"https:\/\/www.primerbrief.com\/index.php?rest_route=\/wp\/v2\/posts\/6640","targetHints":{"allow":["GET"]}}],"collection":[{"href":"https:\/\/www.primerbrief.com\/index.php?rest_route=\/wp\/v2\/posts"}],"about":[{"href":"https:\/\/www.primerbrief.com\/index.php?rest_route=\/wp\/v2\/types\/post"}],"author":[{"embeddable":true,"href":"https:\/\/www.primerbrief.com\/index.php?rest_route=\/wp\/v2\/users\/3"}],"replies":[{"embeddable":true,"href":"https:\/\/www.primerbrief.com\/index.php?rest_route=%2Fwp%2Fv2%2Fcomments&post=6640"}],"version-history":[{"count":3,"href":"https:\/\/www.primerbrief.com\/index.php?rest_route=\/wp\/v2\/posts\/6640\/revisions"}],"predecessor-version":[{"id":6649,"href":"https:\/\/www.primerbrief.com\/index.php?rest_route=\/wp\/v2\/posts\/6640\/revisions\/6649"}],"wp:featuredmedia":[{"embeddable":true,"href":"https:\/\/www.primerbrief.com\/index.php?rest_route=\/wp\/v2\/media\/6642"}],"wp:attachment":[{"href":"https:\/\/www.primerbrief.com\/index.php?rest_route=%2Fwp%2Fv2%2Fmedia&parent=6640"}],"wp:term":[{"taxonomy":"category","embeddable":true,"href":"https:\/\/www.primerbrief.com\/index.php?rest_route=%2Fwp%2Fv2%2Fcategories&post=6640"},{"taxonomy":"post_tag","embeddable":true,"href":"https:\/\/www.primerbrief.com\/index.php?rest_route=%2Fwp%2Fv2%2Ftags&post=6640"}],"curies":[{"name":"wp","href":"https:\/\/api.w.org\/{rel}","templated":true}]}}