{"id":6696,"date":"2012-02-22T02:20:57","date_gmt":"2012-02-22T05:20:57","guid":{"rendered":"http:\/\/www.primerbrief.com\/?p=6696"},"modified":"2012-02-22T10:53:22","modified_gmt":"2012-02-22T13:53:22","slug":"jugosisima-noche-con-itzkoff-y-medina","status":"publish","type":"post","link":"https:\/\/www.primerbrief.com\/?p=6696","title":{"rendered":"Jugos\u00edsimo Encuentro PB con Maxi Itzkoff y Mat\u00edas Medi\u00f1a"},"content":{"rendered":"<p><span style=\"font-size: 11pt\"><strong>(ARGENTINA) &#8211; La NOCHE PB #3, organizada el viernes pasado en las instalaciones de Brother Buenos Aires, ofreci\u00f3 dos horas de preguntas de estudiantes y respuestas de expertos \u2014el codirector general creativo de Del Campo Nazca Saatchi &#038; Saatchi y el asistente de marketing senior de Cervecer\u00eda y Malter\u00eda Quilmes\u2014, todo salpicado con an\u00e9cdotas, consejos, m\u00e1s preguntas y m\u00e1s respuestas.<\/strong><\/span><\/p>\n<p><a href=\"http:\/\/www.primerbrief.com\/wp-content\/uploads\/2012\/02\/ARG-NochePB03-VistaGeneralDesdeElFondo-GR.jpg\" onclick=\"_gaq.push(['_trackEvent', 'outbound-article-int', 'http:\/\/www.primerbrief.com\/wp-content\/uploads\/2012\/02\/ARG-NochePB03-VistaGeneralDesdeElFondo-GR.jpg', '']);\" ><img loading=\"lazy\" decoding=\"async\" src=\"http:\/\/www.primerbrief.com\/wp-content\/uploads\/2012\/02\/ARG-NochePB03-VistaGeneralDesdeElFondo-580px.jpg\" alt=\"\" title=\"ARG-NochePB#03-VistaGeneralDesdeElFondo-580px\" width=\"580\" height=\"330\" class=\"alignleft size-full wp-image-6699\" srcset=\"https:\/\/www.primerbrief.com\/wp-content\/uploads\/2012\/02\/ARG-NochePB03-VistaGeneralDesdeElFondo-580px.jpg 580w, https:\/\/www.primerbrief.com\/wp-content\/uploads\/2012\/02\/ARG-NochePB03-VistaGeneralDesdeElFondo-580px-300x170.jpg 300w\" sizes=\"auto, (max-width: 580px) 100vw, 580px\" \/><\/a><br \/>\n<em>Maxi Itzkoff y Mat\u00edas Medi\u00f1a embrujaron a los m\u00e1s de cuarenta asistentes que acudieron a Brother el viernes a la noche.<\/em><\/p>\n<p>&nbsp;<br \/>\n<img loading=\"lazy\" decoding=\"async\" src=\"http:\/\/www.primerbrief.com\/wp-content\/uploads\/2011\/06\/staff-pancho1.jpg\" width=\"60\" height=\"60\" class=\"alignleft size-full wp-image-4110\" style=\"margin: 0px 10px 0px 0px\" \/><strong>POR <a href=\"http:\/\/www.primerbrief.com\/?tag=pancho-dondo-argentina\" onclick=\"_gaq.push(['_trackEvent', 'outbound-article-int', 'http:\/\/www.primerbrief.com\/?tag=pancho-dondo-argentina', 'PANCHO DONDO']);\" target=\"_blank\">PANCHO DONDO<\/a><\/strong><br \/>\nDirector de PB<br \/>\n<strong><em>(Fotos: Octavio Guzm\u00e1n)<\/em><\/strong><\/p>\n<p style=\"clear:left;\">\n<p>&nbsp;<br \/>\n<a href=\"http:\/\/www.brotherad.com\/\" onclick=\"_gaq.push(['_trackEvent', 'outbound-article', 'http:\/\/www.brotherad.com\/', 'Brother Buenos Aires']);\" target=\"_blank\">Brother Buenos Aires<\/a>, escuela de creativos, fue la sede que aloj\u00f3 la tercera NOCHE PRIMER BRIEF, que tuvo como anfitriones a uno de los directores generales creativos de la agencia argentina Del Campo Nazca Saatchi &#038; Saatchi, Maxi Itzkoff, y al asistente de marketing senior de la Cervecer\u00eda y Malter\u00eda Quilmes, Mat\u00edas Medi\u00f1a. El concepto fue el de siempre: cero conferencia y cero presentaci\u00f3n formal de parte de los anfitriones, y en su lugar, juego abierto a preguntas desde el minuto cero, para que los asistentes (m\u00e1s de cuarenta, esta vez) le saquen todo el jugo a la privilegiada situaci\u00f3n de encontrarse cara a cara con profesionales de calibre dif\u00edcil de igualar, representantes de una de las agencias y uno de los anunciantes m\u00e1s premiados y creativos de los \u00faltimos a\u00f1os en la publicidad argentina.<\/p>\n<p>\u00bfY qu\u00e9 se dijo? Lo m\u00e1s jugoso, claro est\u00e1, qued\u00f3 grabado en las mentes y los corazones y los cuadernos y las libretas de apuntes y las c\u00e1maras y los celulares de los asistentes. Pero \u00a1algo se puede consignar, claro est\u00e1! Por ejemplo:<\/p>\n<p>\u2022 \u00abHay un <em>gap<\/em> muy grande entre lo que estamos haciendo nosotros y lo que est\u00e1n empezando a hacer ustedes. Y lo mismo me pas\u00f3 a m\u00ed cuando estudiaba: recuerdo que en esa \u00e9poca yo iba a montones de charlas en las que distinta gente contaba lo que hac\u00eda. Yo los escuchaba y dec\u00eda &#8216;qu\u00e9 interesante&#8217;, pero la brecha era tanta que no lograba aprender nada concreto de esas charlas. Pensaba &#8216;qu\u00e9 bueno, alg\u00fan d\u00eda yo tambi\u00e9n har\u00e9 eso&#8217;. Pero los pasos intermedios no se ve\u00edan, y adem\u00e1s nunca ten\u00eda la chance de preguntar \u2014y por eso me parece tan piola esta propuesta de PRIMER BRIEF\u2014 hasta las pelotudeces que nadie preguntar\u00eda. Adem\u00e1s somos pocos ac\u00e1, as\u00ed que an\u00edmense, que de \u00faltima quedan mal con poca gente, nadie se va a enterar\u00bb. (Maxi Itzkoff)<\/p>\n<p><a href=\"http:\/\/www.primerbrief.com\/wp-content\/uploads\/2012\/02\/ARG-NochePB03-ItzkoffMedinaPrimerPlano-GR.jpg\" onclick=\"_gaq.push(['_trackEvent', 'outbound-article-int', 'http:\/\/www.primerbrief.com\/wp-content\/uploads\/2012\/02\/ARG-NochePB03-ItzkoffMedinaPrimerPlano-GR.jpg', '']);\" ><img loading=\"lazy\" decoding=\"async\" src=\"http:\/\/www.primerbrief.com\/wp-content\/uploads\/2012\/02\/ARG-NochePB03-ItzkoffMedinaPrimerPlano-580px.jpg\" alt=\"\" title=\"ARG-NochePB#03-ItzkoffMedinaPrimerPlano-580px\" width=\"580\" height=\"343\" class=\"alignleft size-full wp-image-6701\" srcset=\"https:\/\/www.primerbrief.com\/wp-content\/uploads\/2012\/02\/ARG-NochePB03-ItzkoffMedinaPrimerPlano-580px.jpg 580w, https:\/\/www.primerbrief.com\/wp-content\/uploads\/2012\/02\/ARG-NochePB03-ItzkoffMedinaPrimerPlano-580px-300x177.jpg 300w\" sizes=\"auto, (max-width: 580px) 100vw, 580px\" \/><\/a><\/p>\n<p>&nbsp;<br \/>\n\u2022 \u00abLa tremenda globalizaci\u00f3n en la que est\u00e1 metido el mundo entero hoy \u2014y la publicidad m\u00e1s que muchos otros sectores, y Quilmes, por ejemplo, m\u00e1s que muchas otras marcas\u2014 est\u00e1 haciendo que cada vez se haga m\u00e1s complicado distinguir sensibilidades, despertar sensaciones particulares, que tengan que ver con las caracter\u00edsticas de un lugar, o de una cultura. Todo est\u00e1 siendo cada vez m\u00e1s lo mismo\u00bb. (Mat\u00edas Medi\u00f1a)<\/p>\n<p>\u2022 \u00abHay dos clases de personas a las que puede llegar a irles bien en esta carrera: las que se rompen el alma y las que son muy talentosas. Talentosas hay muy pocas personas. Yo no me considero una de ellas. S\u00ed me considero alguien que se rompi\u00f3 el lomo para llegar hasta ac\u00e1. Por ejemplo: hice carpeta 150.000 veces. Agarraba marcas de las agencias que me gustaban, hac\u00eda laburos para esas marcas y despu\u00e9s iba y se los presentaba, a los directores creativos o a los equipos. Me rebotaban. Volv\u00eda. Rehac\u00eda. Iba de nuevo. Me volv\u00edan a rebotar. Y as\u00ed trescientas veces. Y cuando entr\u00e9 a mi primera agencia, como no ten\u00eda clientes buenos, armaba laburos para los clientes de Agulla &#038; Baccetti y despu\u00e9s iba y se los mostraba a Sebasti\u00e1n Wilhelm, uno de los actuales socios de Santo. As\u00ed, hasta que logr\u00e9 entrar en A&#038;B. Y en los veranos, para no desaprovechar el tiempo, me iba a hacer trainings afuera, en las agencias cuyo laburo m\u00e1s me gustaba: as\u00ed estuve un verano completo en *S,C,P,F&#8230; Barcelona y despu\u00e9s, otro per\u00edodo en DDB Londres. Durante a\u00f1os no descans\u00e9 nunca. Pero bueno, yo era un enfermo, los fines de semana no sal\u00eda y me quedaba pensando avisos. Hoy me deprime un poco la manera en que se est\u00e1 tratando a la publicidad\u00bb. (Itzkoff)<\/p>\n<p>\u2022 \u00abNo s\u00e9 c\u00f3mo podr\u00eda llegar a ser alguien una persona que no se desvive por esto. Yo soy as\u00ed. Mi coequiper, Mariano Serkin, es exactamente igual. Pero no conozco demasiada gente que sienta lo mismo. Wilhelm, Anselmo, Bayala: ellos s\u00ed se desviven por esto. Pero hay muchos DGCs de otras agencias que son distintos, no puedo contar c\u00f3mo llegaron en esos casos. S\u00ed puedo contar desde mi experiencia\u00bb. (Itzkoff)<\/p>\n<p>\u2022 \u00abEst\u00e1 clar\u00edsimo que hoy el lenguaje de la creatividad es cada vez m\u00e1s universal y ya no tiene sentido establecer esa especie de muro infranqueable que siempre existi\u00f3 entre agencia y cliente cuando se trata de comprender un lenguaje creativo. Yo creo que cualquier chico que hoy est\u00e9 estudiando publicidad, o incluso creatividad, tiene las puertas muy abiertas en un mont\u00f3n de empresas, un mont\u00f3n de anunciantes, que est\u00e1 en una b\u00fasqueda creativa casi tan expl\u00edcita y profunda como la de las agencias\u00bb. (Medi\u00f1a)<\/p>\n<p>\u2022 \u00abEn mis tiempos de estudiante una carpeta era muy distinta, estaba mucho m\u00e1s basada en la gr\u00e1fica. Hoy una carpeta con puras gr\u00e1ficas va muerta antes de empezar. Hoy, lo que los directores creativos estamos queriendo encontrar en una carpeta son ideas. Buenas ideas que nos muestren c\u00f3mo piensa el que tuvo esas ideas. No me sirve de nada que me traigan un DVD con una serie de comerciales realmente producidos por un estudiante: \u00bfpara qu\u00e9 quiero saber si un estudiante es capaz o no de producir un comercial, que adem\u00e1s lo m\u00e1s probable es que est\u00e9 p\u00e9simamente producido? Yo prefiero conocer sus ideas; la producci\u00f3n ya ser\u00e1 cuesti\u00f3n del trabajo en agencia, pero siempre que las ideas que tenga lo hagan interesante y uno termine apostando por ellas\u00bb. (Itzkoff)<\/p>\n<p>\u2022 \u00abUno de los rubros que me parece que es una buena apuesta para alguien que est\u00e1 comenzando es lo digital. En la Argentina en general, y en Quilmes en particular, nos est\u00e1 faltando buena creatividad digital. Hay muy pocos creativos que en nuestro mercado piensan realmente en digital; y si yo encuentro a uno de esos con ganas de engancharse, lo sumo inmediatamente a mi proyecto. Pero insisto: deber\u00eda tener una cabeza realmente distinta y realmente digital. M\u00e1s que nada porque hoy el consumo de los medios est\u00e1 virando cada vez m\u00e1s a eso\u00bb. (Medi\u00f1a)<\/p>\n<p>&nbsp;<br \/>\n<span style=\"font-size: 11pt\"><strong>INTRODUCCI\u00d3N A CARGO DE PANCHO DONDO<\/strong><\/span><br \/>\n<div id='gallery-1' class='gallery galleryid-6696 gallery-columns-4 gallery-size-theme-gallerysize'><dl class='gallery-item'>\n\t\t\t<dt class='gallery-icon landscape'>\n\t\t\t\t<a href=\"https:\/\/www.primerbrief.com\/wp-content\/uploads\/2012\/02\/ARG-NochePB03-Galeria1-Foto1-GR.jpg\" onclick=\"_gaq.push(['_trackEvent', 'outbound-article-int', 'https:\/\/www.primerbrief.com\/wp-content\/uploads\/2012\/02\/ARG-NochePB03-Galeria1-Foto1-GR.jpg', '']);\" ><img loading=\"lazy\" decoding=\"async\" width=\"120\" height=\"100\" src=\"https:\/\/www.primerbrief.com\/wp-content\/uploads\/2012\/02\/ARG-NochePB03-Galeria1-Foto1-GR-120x100.jpg\" class=\"attachment-theme-gallerysize size-theme-gallerysize\" alt=\"\" \/><\/a>\n\t\t\t<\/dt><\/dl><dl class='gallery-item'>\n\t\t\t<dt class='gallery-icon landscape'>\n\t\t\t\t<a href=\"https:\/\/www.primerbrief.com\/wp-content\/uploads\/2012\/02\/ARG-NochePB03-Galeria1-Foto2-GR.jpg\" onclick=\"_gaq.push(['_trackEvent', 'outbound-article-int', 'https:\/\/www.primerbrief.com\/wp-content\/uploads\/2012\/02\/ARG-NochePB03-Galeria1-Foto2-GR.jpg', '']);\" ><img loading=\"lazy\" decoding=\"async\" width=\"120\" height=\"100\" src=\"https:\/\/www.primerbrief.com\/wp-content\/uploads\/2012\/02\/ARG-NochePB03-Galeria1-Foto2-GR-120x100.jpg\" class=\"attachment-theme-gallerysize size-theme-gallerysize\" alt=\"\" \/><\/a>\n\t\t\t<\/dt><\/dl><dl class='gallery-item'>\n\t\t\t<dt class='gallery-icon landscape'>\n\t\t\t\t<a href=\"https:\/\/www.primerbrief.com\/wp-content\/uploads\/2012\/02\/ARG-NochePB03-Galeria1-Foto3-GR.jpg\" onclick=\"_gaq.push(['_trackEvent', 'outbound-article-int', 'https:\/\/www.primerbrief.com\/wp-content\/uploads\/2012\/02\/ARG-NochePB03-Galeria1-Foto3-GR.jpg', '']);\" ><img loading=\"lazy\" decoding=\"async\" width=\"120\" height=\"100\" src=\"https:\/\/www.primerbrief.com\/wp-content\/uploads\/2012\/02\/ARG-NochePB03-Galeria1-Foto3-GR-120x100.jpg\" class=\"attachment-theme-gallerysize size-theme-gallerysize\" alt=\"\" \/><\/a>\n\t\t\t<\/dt><\/dl><dl class='gallery-item'>\n\t\t\t<dt class='gallery-icon landscape'>\n\t\t\t\t<a href=\"https:\/\/www.primerbrief.com\/wp-content\/uploads\/2012\/02\/ARG-NochePB03-Galeria1-Foto4-GR.jpg\" onclick=\"_gaq.push(['_trackEvent', 'outbound-article-int', 'https:\/\/www.primerbrief.com\/wp-content\/uploads\/2012\/02\/ARG-NochePB03-Galeria1-Foto4-GR.jpg', '']);\" ><img loading=\"lazy\" decoding=\"async\" width=\"120\" height=\"100\" src=\"https:\/\/www.primerbrief.com\/wp-content\/uploads\/2012\/02\/ARG-NochePB03-Galeria1-Foto4-GR-120x100.jpg\" class=\"attachment-theme-gallerysize size-theme-gallerysize\" alt=\"\" \/><\/a>\n\t\t\t<\/dt><\/dl><br style=\"clear: both\" \/>\n\t\t<\/div>\n<\/p>\n<p>&nbsp;<br \/>\n<span style=\"font-size: 11pt\"><strong>PRIMERAS PALABRAS DE ITZKOFF Y MEDI\u00d1A<\/strong><\/span><br \/>\n<div id='gallery-2' class='gallery galleryid-6696 gallery-columns-4 gallery-size-theme-gallerysize'><dl class='gallery-item'>\n\t\t\t<dt class='gallery-icon landscape'>\n\t\t\t\t<a href=\"https:\/\/www.primerbrief.com\/wp-content\/uploads\/2012\/02\/ARG-NochePB03-Galeria2-Foto1-GR.jpg\" onclick=\"_gaq.push(['_trackEvent', 'outbound-article-int', 'https:\/\/www.primerbrief.com\/wp-content\/uploads\/2012\/02\/ARG-NochePB03-Galeria2-Foto1-GR.jpg', '']);\" ><img loading=\"lazy\" decoding=\"async\" width=\"120\" height=\"100\" src=\"https:\/\/www.primerbrief.com\/wp-content\/uploads\/2012\/02\/ARG-NochePB03-Galeria2-Foto1-GR-120x100.jpg\" class=\"attachment-theme-gallerysize size-theme-gallerysize\" alt=\"\" \/><\/a>\n\t\t\t<\/dt><\/dl><dl class='gallery-item'>\n\t\t\t<dt class='gallery-icon landscape'>\n\t\t\t\t<a href=\"https:\/\/www.primerbrief.com\/wp-content\/uploads\/2012\/02\/ARG-NochePB03-Galeria2-Foto2-GR.jpg\" onclick=\"_gaq.push(['_trackEvent', 'outbound-article-int', 'https:\/\/www.primerbrief.com\/wp-content\/uploads\/2012\/02\/ARG-NochePB03-Galeria2-Foto2-GR.jpg', '']);\" ><img loading=\"lazy\" decoding=\"async\" width=\"120\" height=\"100\" src=\"https:\/\/www.primerbrief.com\/wp-content\/uploads\/2012\/02\/ARG-NochePB03-Galeria2-Foto2-GR-120x100.jpg\" class=\"attachment-theme-gallerysize size-theme-gallerysize\" alt=\"\" \/><\/a>\n\t\t\t<\/dt><\/dl><dl class='gallery-item'>\n\t\t\t<dt class='gallery-icon landscape'>\n\t\t\t\t<a href=\"https:\/\/www.primerbrief.com\/wp-content\/uploads\/2012\/02\/ARG-NochePB03-Galeria2-Foto3-GR.jpg\" onclick=\"_gaq.push(['_trackEvent', 'outbound-article-int', 'https:\/\/www.primerbrief.com\/wp-content\/uploads\/2012\/02\/ARG-NochePB03-Galeria2-Foto3-GR.jpg', '']);\" ><img loading=\"lazy\" decoding=\"async\" width=\"120\" height=\"100\" src=\"https:\/\/www.primerbrief.com\/wp-content\/uploads\/2012\/02\/ARG-NochePB03-Galeria2-Foto3-GR-120x100.jpg\" class=\"attachment-theme-gallerysize size-theme-gallerysize\" alt=\"\" \/><\/a>\n\t\t\t<\/dt><\/dl><dl class='gallery-item'>\n\t\t\t<dt class='gallery-icon landscape'>\n\t\t\t\t<a href=\"https:\/\/www.primerbrief.com\/wp-content\/uploads\/2012\/02\/ARG-NochePB03-Galeria2-Foto4-GR.jpg\" onclick=\"_gaq.push(['_trackEvent', 'outbound-article-int', 'https:\/\/www.primerbrief.com\/wp-content\/uploads\/2012\/02\/ARG-NochePB03-Galeria2-Foto4-GR.jpg', '']);\" ><img loading=\"lazy\" decoding=\"async\" width=\"120\" height=\"100\" src=\"https:\/\/www.primerbrief.com\/wp-content\/uploads\/2012\/02\/ARG-NochePB03-Galeria2-Foto4-GR-120x100.jpg\" class=\"attachment-theme-gallerysize size-theme-gallerysize\" alt=\"\" \/><\/a>\n\t\t\t<\/dt><\/dl><br style=\"clear: both\" \/>\n\t\t<\/div>\n<\/p>\n<p>&nbsp;<br \/>\n<span style=\"font-size: 11pt\"><strong>PROFUNDIZACI\u00d3N<\/strong><\/span><br \/>\n<div id='gallery-3' class='gallery galleryid-6696 gallery-columns-4 gallery-size-theme-gallerysize'><dl class='gallery-item'>\n\t\t\t<dt class='gallery-icon portrait'>\n\t\t\t\t<a href=\"https:\/\/www.primerbrief.com\/wp-content\/uploads\/2012\/02\/ARG-NochePB03-Galeria3-Foto1-GR.jpg\" onclick=\"_gaq.push(['_trackEvent', 'outbound-article-int', 'https:\/\/www.primerbrief.com\/wp-content\/uploads\/2012\/02\/ARG-NochePB03-Galeria3-Foto1-GR.jpg', '']);\" ><img loading=\"lazy\" decoding=\"async\" width=\"120\" height=\"100\" src=\"https:\/\/www.primerbrief.com\/wp-content\/uploads\/2012\/02\/ARG-NochePB03-Galeria3-Foto1-GR-120x100.jpg\" class=\"attachment-theme-gallerysize size-theme-gallerysize\" alt=\"\" \/><\/a>\n\t\t\t<\/dt><\/dl><dl class='gallery-item'>\n\t\t\t<dt class='gallery-icon portrait'>\n\t\t\t\t<a href=\"https:\/\/www.primerbrief.com\/wp-content\/uploads\/2012\/02\/ARG-NochePB03-Galeria3-Foto2-GR.jpg\" onclick=\"_gaq.push(['_trackEvent', 'outbound-article-int', 'https:\/\/www.primerbrief.com\/wp-content\/uploads\/2012\/02\/ARG-NochePB03-Galeria3-Foto2-GR.jpg', '']);\" ><img loading=\"lazy\" decoding=\"async\" width=\"120\" height=\"100\" src=\"https:\/\/www.primerbrief.com\/wp-content\/uploads\/2012\/02\/ARG-NochePB03-Galeria3-Foto2-GR-120x100.jpg\" class=\"attachment-theme-gallerysize size-theme-gallerysize\" alt=\"\" \/><\/a>\n\t\t\t<\/dt><\/dl><dl class='gallery-item'>\n\t\t\t<dt class='gallery-icon landscape'>\n\t\t\t\t<a href=\"https:\/\/www.primerbrief.com\/wp-content\/uploads\/2012\/02\/ARG-NochePB03-Galeria3-Foto3-GR.jpg\" onclick=\"_gaq.push(['_trackEvent', 'outbound-article-int', 'https:\/\/www.primerbrief.com\/wp-content\/uploads\/2012\/02\/ARG-NochePB03-Galeria3-Foto3-GR.jpg', '']);\" ><img loading=\"lazy\" decoding=\"async\" width=\"120\" height=\"100\" src=\"https:\/\/www.primerbrief.com\/wp-content\/uploads\/2012\/02\/ARG-NochePB03-Galeria3-Foto3-GR-120x100.jpg\" class=\"attachment-theme-gallerysize size-theme-gallerysize\" alt=\"\" \/><\/a>\n\t\t\t<\/dt><\/dl><dl class='gallery-item'>\n\t\t\t<dt class='gallery-icon landscape'>\n\t\t\t\t<a href=\"https:\/\/www.primerbrief.com\/wp-content\/uploads\/2012\/02\/ARG-NochePB03-Galeria3-Foto4-GR.jpg\" onclick=\"_gaq.push(['_trackEvent', 'outbound-article-int', 'https:\/\/www.primerbrief.com\/wp-content\/uploads\/2012\/02\/ARG-NochePB03-Galeria3-Foto4-GR.jpg', '']);\" ><img loading=\"lazy\" decoding=\"async\" width=\"120\" height=\"100\" src=\"https:\/\/www.primerbrief.com\/wp-content\/uploads\/2012\/02\/ARG-NochePB03-Galeria3-Foto4-GR-120x100.jpg\" class=\"attachment-theme-gallerysize size-theme-gallerysize\" alt=\"\" \/><\/a>\n\t\t\t<\/dt><\/dl><br style=\"clear: both\" \/>\n\t\t<\/div>\n<\/p>\n<p>&nbsp;<br \/>\n<span style=\"font-size: 11pt\"><strong>ATENCI\u00d3N<\/strong><\/span><br \/>\n<div id='gallery-4' class='gallery galleryid-6696 gallery-columns-4 gallery-size-theme-gallerysize'><dl class='gallery-item'>\n\t\t\t<dt class='gallery-icon landscape'>\n\t\t\t\t<a href=\"https:\/\/www.primerbrief.com\/wp-content\/uploads\/2012\/02\/ARG-NochePB03-Galeria4-Foto1-GR.jpg\" onclick=\"_gaq.push(['_trackEvent', 'outbound-article-int', 'https:\/\/www.primerbrief.com\/wp-content\/uploads\/2012\/02\/ARG-NochePB03-Galeria4-Foto1-GR.jpg', '']);\" ><img loading=\"lazy\" decoding=\"async\" width=\"120\" height=\"100\" src=\"https:\/\/www.primerbrief.com\/wp-content\/uploads\/2012\/02\/ARG-NochePB03-Galeria4-Foto1-GR-120x100.jpg\" class=\"attachment-theme-gallerysize size-theme-gallerysize\" alt=\"\" \/><\/a>\n\t\t\t<\/dt><\/dl><dl class='gallery-item'>\n\t\t\t<dt class='gallery-icon landscape'>\n\t\t\t\t<a href=\"https:\/\/www.primerbrief.com\/wp-content\/uploads\/2012\/02\/ARG-NochePB03-Galeria4-Foto2-GR.jpg\" onclick=\"_gaq.push(['_trackEvent', 'outbound-article-int', 'https:\/\/www.primerbrief.com\/wp-content\/uploads\/2012\/02\/ARG-NochePB03-Galeria4-Foto2-GR.jpg', '']);\" ><img loading=\"lazy\" decoding=\"async\" width=\"120\" height=\"100\" src=\"https:\/\/www.primerbrief.com\/wp-content\/uploads\/2012\/02\/ARG-NochePB03-Galeria4-Foto2-GR-120x100.jpg\" class=\"attachment-theme-gallerysize size-theme-gallerysize\" alt=\"\" \/><\/a>\n\t\t\t<\/dt><\/dl><dl class='gallery-item'>\n\t\t\t<dt class='gallery-icon landscape'>\n\t\t\t\t<a href=\"https:\/\/www.primerbrief.com\/wp-content\/uploads\/2012\/02\/ARG-NochePB03-Galeria4-Foto3-GR.jpg\" onclick=\"_gaq.push(['_trackEvent', 'outbound-article-int', 'https:\/\/www.primerbrief.com\/wp-content\/uploads\/2012\/02\/ARG-NochePB03-Galeria4-Foto3-GR.jpg', '']);\" ><img loading=\"lazy\" decoding=\"async\" width=\"120\" height=\"100\" src=\"https:\/\/www.primerbrief.com\/wp-content\/uploads\/2012\/02\/ARG-NochePB03-Galeria4-Foto3-GR-120x100.jpg\" class=\"attachment-theme-gallerysize size-theme-gallerysize\" alt=\"\" \/><\/a>\n\t\t\t<\/dt><\/dl><dl class='gallery-item'>\n\t\t\t<dt class='gallery-icon landscape'>\n\t\t\t\t<a href=\"https:\/\/www.primerbrief.com\/wp-content\/uploads\/2012\/02\/ARG-NochePB03-Galeria4-Foto4-GR.jpg\" onclick=\"_gaq.push(['_trackEvent', 'outbound-article-int', 'https:\/\/www.primerbrief.com\/wp-content\/uploads\/2012\/02\/ARG-NochePB03-Galeria4-Foto4-GR.jpg', '']);\" ><img loading=\"lazy\" decoding=\"async\" width=\"120\" height=\"100\" src=\"https:\/\/www.primerbrief.com\/wp-content\/uploads\/2012\/02\/ARG-NochePB03-Galeria4-Foto4-GR-120x100.jpg\" class=\"attachment-theme-gallerysize size-theme-gallerysize\" alt=\"\" \/><\/a>\n\t\t\t<\/dt><\/dl><br style=\"clear: both\" \/>\n\t\t<\/div>\n<\/p>\n<p>&nbsp;<br \/>\n<span style=\"font-size: 11pt\"><strong>DESPEDIDA<\/strong><\/span><br \/>\n<a href=\"http:\/\/www.primerbrief.com\/wp-content\/uploads\/2012\/02\/ARG-NochePB03-Galeria5-FotoUnica-GR.jpg\" onclick=\"_gaq.push(['_trackEvent', 'outbound-article-int', 'http:\/\/www.primerbrief.com\/wp-content\/uploads\/2012\/02\/ARG-NochePB03-Galeria5-FotoUnica-GR.jpg', '']);\" ><img loading=\"lazy\" decoding=\"async\" src=\"http:\/\/www.primerbrief.com\/wp-content\/uploads\/2012\/02\/ARG-NochePB03-Galeria5-FotoUnica-580px.jpg\" alt=\"\" title=\"ARG-NochePB#03-Galeria5-FotoUnica-580px\" width=\"580\" height=\"276\" class=\"alignleft size-full wp-image-6719\" srcset=\"https:\/\/www.primerbrief.com\/wp-content\/uploads\/2012\/02\/ARG-NochePB03-Galeria5-FotoUnica-580px.jpg 580w, https:\/\/www.primerbrief.com\/wp-content\/uploads\/2012\/02\/ARG-NochePB03-Galeria5-FotoUnica-580px-300x142.jpg 300w\" sizes=\"auto, (max-width: 580px) 100vw, 580px\" \/><\/a><\/p>\n","protected":false},"excerpt":{"rendered":"<p>(ARGENTINA) &#8211; La NOCHE PB #3, organizada el viernes pasado en las instalaciones de Brother Buenos Aires, ofreci\u00f3 dos horas de preguntas de estudiantes y respuestas de expertos \u2014el codirector general creativo de Del Campo Nazca Saatchi &#038; Saatchi y el asistente de marketing senior de Cervecer\u00eda y Malter\u00eda Quilmes\u2014, todo salpicado con an\u00e9cdotas, consejos, m\u00e1s preguntas y m\u00e1s respuestas. [&hellip;]<\/p>\n","protected":false},"author":3,"featured_media":6697,"comment_status":"open","ping_status":"open","sticky":false,"template":"","format":"standard","meta":{"footnotes":""},"categories":[13],"tags":[1130,26,1116,1112,1120,105,1104,1107,1108,1127,1135,1113,1115,185,1124,1109,1105,1117,1136,1122,1118,1121,1125,1123,1132,1059,676,1058,1111,1133,1128,1131,1110,1119,216,1129,1106,1134,1114,1126,77],"class_list":["post-6696","post","type-post","status-publish","format-standard","has-post-thumbnail","hentry","category-noches-pb","tag-adrian-de-carvalho","tag-argentina","tag-ariel-gomiz","tag-arthur-anorim","tag-artur-ziguratt","tag-brother-buenos-aires-argentina","tag-camila-lusetti-argentina","tag-carlo-estrada","tag-claudia-olguin","tag-facundo-ramirez","tag-federico-masting","tag-francesco-vicenzi","tag-gonzalo-benalcazar","tag-jeremias-barthe","tag-jose-de-estrada","tag-juan-agustin-calahorrano","tag-juan-cruz-diaz","tag-juanpi-talavan-argentina","tag-juliana-perez","tag-karina-firbank","tag-marcos-colombres","tag-mariana-dascanio","tag-marly-maldonado","tag-martin-di-grazia","tag-martina-kaufam","tag-matias-medina-argentina","tag-matias-mobilia-argentina","tag-maxi-itzkoff-argentina","tag-miguel-esquembre","tag-myrella-bezerra","tag-nathalia-cunha","tag-nazareth-benuzio-argentina","tag-noelia-diaz-argentina","tag-pablo-bernacchia","tag-pancho-dondo-argentina","tag-raquel-castaneda","tag-ricardo-quintas","tag-santiago-sardi","tag-sebastian-higueret","tag-sebastian-silva-de-los-santos","tag-suyay-montanez-argentina"],"_links":{"self":[{"href":"https:\/\/www.primerbrief.com\/index.php?rest_route=\/wp\/v2\/posts\/6696","targetHints":{"allow":["GET"]}}],"collection":[{"href":"https:\/\/www.primerbrief.com\/index.php?rest_route=\/wp\/v2\/posts"}],"about":[{"href":"https:\/\/www.primerbrief.com\/index.php?rest_route=\/wp\/v2\/types\/post"}],"author":[{"embeddable":true,"href":"https:\/\/www.primerbrief.com\/index.php?rest_route=\/wp\/v2\/users\/3"}],"replies":[{"embeddable":true,"href":"https:\/\/www.primerbrief.com\/index.php?rest_route=%2Fwp%2Fv2%2Fcomments&post=6696"}],"version-history":[{"count":6,"href":"https:\/\/www.primerbrief.com\/index.php?rest_route=\/wp\/v2\/posts\/6696\/revisions"}],"predecessor-version":[{"id":6732,"href":"https:\/\/www.primerbrief.com\/index.php?rest_route=\/wp\/v2\/posts\/6696\/revisions\/6732"}],"wp:featuredmedia":[{"embeddable":true,"href":"https:\/\/www.primerbrief.com\/index.php?rest_route=\/wp\/v2\/media\/6697"}],"wp:attachment":[{"href":"https:\/\/www.primerbrief.com\/index.php?rest_route=%2Fwp%2Fv2%2Fmedia&parent=6696"}],"wp:term":[{"taxonomy":"category","embeddable":true,"href":"https:\/\/www.primerbrief.com\/index.php?rest_route=%2Fwp%2Fv2%2Fcategories&post=6696"},{"taxonomy":"post_tag","embeddable":true,"href":"https:\/\/www.primerbrief.com\/index.php?rest_route=%2Fwp%2Fv2%2Ftags&post=6696"}],"curies":[{"name":"wp","href":"https:\/\/api.w.org\/{rel}","templated":true}]}}