{"id":7760,"date":"2012-04-18T04:00:46","date_gmt":"2012-04-18T07:00:46","guid":{"rendered":"http:\/\/www.primerbrief.com\/?p=7760"},"modified":"2012-04-17T19:42:21","modified_gmt":"2012-04-17T22:42:21","slug":"el-laboratorio-escuela-del-circulo-uruguayo-de-la-publicidad","status":"publish","type":"post","link":"https:\/\/www.primerbrief.com\/?p=7760","title":{"rendered":"Arrancan los primeros talleres de El Laboratorio"},"content":{"rendered":"<p><span style=\"font-size: 11pt\"><strong>(URUGUAY) &#8211; El C\u00edrculo Uruguayo de la Publicidad, creado hace m\u00e1s de 20 a\u00f1os, sigue persiguiendo su principal objetivo: mejorar la publicidad uruguaya. Para lograrlo ha desarrollado diferentes talleres y congresos, y desde 2011 ofrece El Laboratorio, un aporte educativo para estudiantes avanzados de comunicaci\u00f3n, dise\u00f1o y marketing, que hoy vuelve con los primeros talleres de 2012.<\/strong><\/span><\/p>\n<p><a><img loading=\"lazy\" decoding=\"async\" src=\"http:\/\/www.primerbrief.com\/wp-content\/uploads\/2012\/04\/ElCirculo-Laboratorio-580.jpg\" alt=\"\" title=\"\" width=\"580\" height=\"484\" class=\"alignleft size-full wp-image-7761\" srcset=\"https:\/\/www.primerbrief.com\/wp-content\/uploads\/2012\/04\/ElCirculo-Laboratorio-580.jpg 580w, https:\/\/www.primerbrief.com\/wp-content\/uploads\/2012\/04\/ElCirculo-Laboratorio-580-300x250.jpg 300w, https:\/\/www.primerbrief.com\/wp-content\/uploads\/2012\/04\/ElCirculo-Laboratorio-580-120x100.jpg 120w\" sizes=\"auto, (max-width: 580px) 100vw, 580px\" \/><\/a><br \/>\n<em>Todos los interesados tienen tiempo de inscribirse hasta el viernes 20 de abril.<\/em><\/p>\n<p>El <a href=\"http:\/\/www.circulopublicidad.com\/home\/\" onclick=\"_gaq.push(['_trackEvent', 'outbound-article', 'http:\/\/www.circulopublicidad.com\/home\/', 'C\u00edrculo Uruguayo de Publicidad']);\" target=\"_blank\">C\u00edrculo Uruguayo de Publicidad<\/a> invita a todos los estudiantes de comunicaci\u00f3n, dise\u00f1o y marketing a inscribirse en los nuevos talleres de 2012 de <a href=\"http:\/\/www.circulopublicidad.com\/nota\/195_El-laboratorio-escuela-del-Circulo-Uruguayo-de-la-Publicidad\/\" onclick=\"_gaq.push(['_trackEvent', 'outbound-article', 'http:\/\/www.circulopublicidad.com\/nota\/195_El-laboratorio-escuela-del-Circulo-Uruguayo-de-la-Publicidad\/', 'El Laboratorio']);\" target=\"_blank\">El Laboratorio<\/a>, una herramienta pensada para perfeccionar a los nuevos profesionales y darles armas que les permitan enfrentar un mercado cada d\u00eda m\u00e1s complejo y competitivo.<\/p>\n<p>Los talleres tendr\u00e1n cupos limitados y requisitos de ingreso exigentes que asegurar\u00e1n a todos los participantes mejores condiciones de aprendizaje y crecimiento. <\/p>\n<p>Los talleres de direcci\u00f3n de arte y redacci\u00f3n creativa fueron creados por muchos de los m\u00e1s reconocidos profesionales del mercado, que adem\u00e1s dictar\u00e1n las clases volcando sus experiencias, talento y forma de ver esta profesi\u00f3n. <\/p>\n<p>El Laboratorio abre sus puertas para abrirte las puertas de una carrera tan apasionante como exigente, y lo hace de la mano de especialistas como <a href=\"http:\/\/es.wikipedia.org\/wiki\/Claudia_Amengual\" onclick=\"_gaq.push(['_trackEvent', 'outbound-article', 'http:\/\/es.wikipedia.org\/wiki\/Claudia_Amengual', 'Claudia Amengual']);\" target=\"_blank\"><strong>Claudia Amengual<\/strong><\/a> (traductora, docente y escritora) en <em>Normativa del Espa\u00f1ol<\/em>, <strong>Mario Taglioretti<\/strong> (coDGC de Publicis \u00cdmpetu) en <em>Pensamiento Creativo<\/em>, <a href=\"http:\/\/www.emmasanguinetti.com.uy\/\" onclick=\"_gaq.push(['_trackEvent', 'outbound-article', 'http:\/\/www.emmasanguinetti.com.uy\/', 'Emma Sanguinetti']);\" target=\"_blank\"><strong>Emma Sanguinetti<\/strong><\/a> (cr\u00edtica de arte, periodista cultural, docente y abogada) en <em>Arte y Publicidad<\/em> y <strong>Mauro Ferraro<\/strong> (socio y DC en Euro RSCG Gurisa) en <em>Direcci\u00f3n de Arte<\/em>.<\/p>\n<div align=\"left\">&#160;<\/div>\n<div align=\"left\">&#160;<\/div>\n","protected":false},"excerpt":{"rendered":"<p>(URUGUAY) &#8211; El C\u00edrculo Uruguayo de la Publicidad, creado hace m\u00e1s de 20 a\u00f1os, sigue persiguiendo su principal objetivo: mejorar la publicidad uruguaya. Para lograrlo ha desarrollado diferentes talleres y congresos, y desde 2011 ofrece El Laboratorio, un aporte educativo para estudiantes avanzados de comunicaci\u00f3n, dise\u00f1o y marketing, que hoy vuelve con los primeros talleres de 2012. Todos los interesados [&hellip;]<\/p>\n","protected":false},"author":3,"featured_media":7762,"comment_status":"open","ping_status":"open","sticky":false,"template":"","format":"standard","meta":{"footnotes":""},"categories":[5],"tags":[224,223,31],"class_list":["post-7760","post","type-post","status-publish","format-standard","has-post-thumbnail","hentry","category-lugares-de-estudio","tag-circulo-uruguayo-de-la-publicidad","tag-el-laboratorio-uruguay","tag-uruguay"],"_links":{"self":[{"href":"https:\/\/www.primerbrief.com\/index.php?rest_route=\/wp\/v2\/posts\/7760","targetHints":{"allow":["GET"]}}],"collection":[{"href":"https:\/\/www.primerbrief.com\/index.php?rest_route=\/wp\/v2\/posts"}],"about":[{"href":"https:\/\/www.primerbrief.com\/index.php?rest_route=\/wp\/v2\/types\/post"}],"author":[{"embeddable":true,"href":"https:\/\/www.primerbrief.com\/index.php?rest_route=\/wp\/v2\/users\/3"}],"replies":[{"embeddable":true,"href":"https:\/\/www.primerbrief.com\/index.php?rest_route=%2Fwp%2Fv2%2Fcomments&post=7760"}],"version-history":[{"count":13,"href":"https:\/\/www.primerbrief.com\/index.php?rest_route=\/wp\/v2\/posts\/7760\/revisions"}],"predecessor-version":[{"id":7817,"href":"https:\/\/www.primerbrief.com\/index.php?rest_route=\/wp\/v2\/posts\/7760\/revisions\/7817"}],"wp:featuredmedia":[{"embeddable":true,"href":"https:\/\/www.primerbrief.com\/index.php?rest_route=\/wp\/v2\/media\/7762"}],"wp:attachment":[{"href":"https:\/\/www.primerbrief.com\/index.php?rest_route=%2Fwp%2Fv2%2Fmedia&parent=7760"}],"wp:term":[{"taxonomy":"category","embeddable":true,"href":"https:\/\/www.primerbrief.com\/index.php?rest_route=%2Fwp%2Fv2%2Fcategories&post=7760"},{"taxonomy":"post_tag","embeddable":true,"href":"https:\/\/www.primerbrief.com\/index.php?rest_route=%2Fwp%2Fv2%2Ftags&post=7760"}],"curies":[{"name":"wp","href":"https:\/\/api.w.org\/{rel}","templated":true}]}}